{"id":126226,"date":"2025-09-19T22:58:12","date_gmt":"2025-09-19T22:58:12","guid":{"rendered":"https:\/\/www.europesays.com\/es\/126226\/"},"modified":"2025-09-19T22:58:12","modified_gmt":"2025-09-19T22:58:12","slug":"puede-hacer-un-monologo-sin-que-le-cancelen","status":"publish","type":"post","link":"https:\/\/www.europesays.com\/es\/126226\/","title":{"rendered":"Puede hacer un mon\u00f3logo sin que le cancelen"},"content":{"rendered":"<p class=\"article-text\">\n        La <a href=\"https:\/\/www.eldiario.es\/internacional\/abc-suspende-programa-comico-jimmy-kimmel-comentario-asesinato-charlie-kirk-trump-celebra_1_12611722.html\" target=\"_blank\" data-mrf-recirculation=\"links-noticia\" class=\"link\" rel=\"nofollow noopener\">cancelaci\u00f3n del show nocturno<\/a> presentado por <strong>Jimmy Kimmel<\/strong> sigue generando reacciones a nivel global. En esta ocasi\u00f3n, <strong>Jos\u00e9 Pablo L\u00f3pez<\/strong>, en calidad de presidente de <strong>RTVE<\/strong>, se ha pronunciado p\u00fablicamente para valorar la decisi\u00f3n de la cadena estadounidense <strong>ABC<\/strong>. El mon\u00f3logo de <strong>Andreu Buenafuente<\/strong> en <strong>Futuro Imperfecto<\/strong><strong> <\/strong>se ha convertido en el pilar que sustenta su conclusi\u00f3n, ensalzando la importancia de la libertad en los medios de comunicaci\u00f3n.\n    <\/p>\n<p>    <a href=\"https:\/\/www.eldiario.es\/videos\/actualidad\/wyoming-donald-trump-dani-mateo-jimmy-kimmel-live-comunista_7_12615787.html\" data-mrf-recirculation=\"saber-mas\" data-dl-event=\"saber-mas\" rel=\"nofollow noopener\" target=\"_blank\"><\/p>\n<p class=\"know-more__title\">Wyoming y Dani Mateo reaccionan con iron\u00eda a la cancelaci\u00f3n del show de Jimmy Kimmel: \u00abUn comunista menos\u00bb<\/p>\n<p>            <img decoding=\"async\" class=\"lazy\" loading=\"lazy\" data-src=\"https:\/\/static.eldiario.es\/clip\/08470bdb-e917-43d6-84d8-164ec77e754d_16-9-aspect-ratio_default_0.jpg\" src=\"data:image\/svg+xml,%3Csvg xmlns=\" http:=\"\" viewbox=\"0 0 880 495\" alt=\"Wyoming y Dani Mateo reaccionan con iron\u00eda a la cancelaci\u00f3n del show de Jimmy Kimmel: &quot;Un comunista menos&quot;\"\/><\/p>\n<p>                            <img decoding=\"async\" class=\"ni-multimedia\" src=\"https:\/\/www.eldiario.es\/assets\/img\/svg\/icons\/gallery-video.h-2e826467718e0ad0cb33a0bdb174f603.svg\" alt=\"Wyoming y Dani Mateo reaccionan con iron\u00eda a la cancelaci\u00f3n del show de Jimmy Kimmel: &quot;Un comunista menos&quot;\"\/><br \/>\n                        <\/a><\/p>\n<p class=\"article-text\">\n        Este viernes, 19 de septiembre, L\u00f3pez ha hecho alusi\u00f3n directa a la retirada indefinida de <strong>Jimmy Kimmel Live!<\/strong><strong>:<\/strong> \u201cEn Espa\u00f1a, al contrario de lo que ha sucedido esta semana en Estados Unidos, un humorista puede hacer un<strong> mon\u00f3logo en la televisi\u00f3n p\u00fablica sin que le cancelen el programa<\/strong>\u201d. Por si los usuarios de X, la red social antes conocida como Twitter, no hab\u00edan escuchado a Andreu Buenafuente, el presidente de la corporaci\u00f3n cit\u00f3 un v\u00eddeo de ocho minutos \u201cque se pasa en un santiam\u00e9n\u201d.\n    <\/p>\n<p class=\"article-text\">\n        Horas antes, el humorista se pon\u00eda al frente de Futuro Imperfecto. Desde el Teatro LaFACT de Terrassa, Buenafuente comenz\u00f3 a repasar la actualidad y Jimmy Kimmel no pod\u00eda quedar fuera del mon\u00f3logo. \u201cLo que veo no me gusta nada. Me ofende como ciudadano este berenjenal encabronado. Y\u00a0no deja de ser un lujo y un <strong>placer venir aqu\u00ed<\/strong> y <strong>hablar en libertad<\/strong> en una televisi\u00f3n p\u00fablica, si no mirad lo que le ha pasado a Jimmy Kimmel, que le han suspendido el programa\u201d, comenz\u00f3 asegurando.\n    <\/p>\n<p class=\"article-text\">\n        El pronunciamiento de Buenafuente continu\u00f3: \u201c\u00bfDebemos alimentar la <strong>insensatez<\/strong>, el<strong> mal gusto<\/strong> y el <strong>odio <\/strong>por el odio? No me da la gana\u201d, asegur\u00f3 despu\u00e9s. Fue entonces cuando se hizo eco de las declaraciones de<strong> Isabel D\u00edaz Ayuso<\/strong> en relaci\u00f3n a las manifestaciones propalestinas en la capital: \u201cCuando un responsable pol\u00edtico, de primer nivel, compara las\u00a0<a href=\"https:\/\/www.eldiario.es\/madrid\/protestas-genocidio-gaza-paralizan-vuelta-madrid_1_12602386.html\" target=\"_blank\" data-mrf-recirculation=\"links-noticia\" class=\"link\" rel=\"nofollow noopener\">protestas de Madrid en La vuelta a Espa\u00f1a<\/a>\u00a0con el cerco en Sarajevo, donde murieron miles de personas,\u00a0se convierte autom\u00e1ticamente en un<strong> irresponsable pol\u00edtico<\/strong>\u201d.\n    <\/p>\n<blockquote class=\"twitter-tweet\" data-lang=\"es\"><p><a href=\"https:\/\/twitter.com\/X\/status\/1968969956344692911?ref_src=twsrc%5Etfw\" rel=\"nofollow noopener\" target=\"_blank\"><\/p><\/blockquote>\n<p class=\"article-text\">\n        Afortunadamente, Andreu Buenafuente s\u00ed que pudo explicar ante la audiencia de la televisi\u00f3n p\u00fablica su opini\u00f3n respecto a los \u00faltimos acontecimientos. Con sus habituales dosis de humor y sarcasmo, el humorista ofreci\u00f3 un punto cr\u00edtico sobre la situaci\u00f3n pol\u00edtica que atraviesa nuestro pa\u00eds. Mientras tanto, la situaci\u00f3n en <strong>Estados Unidos <\/strong>parece ser sustancialmente diferente a juzgar por lo ocurrido con el programa Jimmy Kimmel Live!.\n    <\/p>\n<p class=\"article-text\">\n        Como se ha mencionado anteriormente, la cadena ABC decidi\u00f3 cancelar el late night del c\u00f3mico. \u00bfEl motivo? Oficialmente, por unos <strong>comentarios <\/strong>del presentador sobre el asesino de<strong> Charlie Kirk<\/strong>. A continuaci\u00f3n se procede a reproducir un fragmento del mon\u00f3logo en cuesti\u00f3n: \u201cEl fin de semana tocamos fondo con los MAGA intentando desesperadamente presentar al chico [<strong>Tyler Robinson<\/strong>] que asesin\u00f3 a Charlie Kirk como alguien que no ten\u00eda nada que ver con ellos, y haciendo todo lo posible para sacarle partido pol\u00edtico\u201d.\n    <\/p>\n<p>    La pol\u00e9mica reacci\u00f3n de Dondald Trump<\/p>\n<p class=\"article-text\">\n        Tras conocerse la decisi\u00f3n del canal estadounidense, propiedad de Disney,<strong> Donald Trump<\/strong> aprovech\u00f3 para lanzar un <a href=\"https:\/\/www.eldiario.es\/internacional\/trump-amenaza-libertad-expresion-eeuu-acoso-voces-criticas_1_12614454.html\" target=\"_blank\" data-mrf-recirculation=\"links-noticia\" class=\"link\" rel=\"nofollow noopener\">demoledor mensaje<\/a>: \u201cTodo el mundo est\u00e1 diciendo que yo fui el \u00fanico responsable del despido de <strong>Stephen Colbert <\/strong>de CBS. \u00a1Eso no es cierto! La raz\u00f3n por la que fue despedido fue una <strong>pura falta de talento<\/strong>, y el hecho de que esa deficiencia le estaba costando a CBS cincuenta millones de d\u00f3lares al a\u00f1o en p\u00e9rdidas\u201d.\n    <\/p>\n<p>    <a href=\"https:\/\/www.eldiario.es\/vertele\/series\/rtve-desvela-planes-promesa-valle-salvaje-aseguran-futuro-tarde_1_12615589.html\" data-mrf-recirculation=\"saber-mas-abajo\" data-dl-event=\"saber-mas-abajo\" rel=\"nofollow noopener\" target=\"_blank\"><\/p>\n<p class=\"know-more__title\">RTVE desvela sus planes con &#8216;La Promesa&#8217; y &#8216;Valle Salvaje&#8217;, que aseguran su futuro en la tarde<\/p>\n<p>            <img decoding=\"async\" class=\"lazy\" loading=\"lazy\" data-src=\"https:\/\/static.eldiario.es\/clip\/c46eec0f-3f76-42a7-9626-221e2d85123e_16-9-aspect-ratio_default_0.jpg\" src=\"data:image\/svg+xml,%3Csvg xmlns=\" http:=\"\" viewbox=\"0 0 880 495\" alt=\"RTVE desvela sus planes con 'La Promesa' y 'Valle Salvaje', que aseguran su futuro en la tarde\"\/><\/p>\n<p>                        <\/a><\/p>\n<p class=\"article-text\">\n        \u201cLos siguientes ser\u00e1n un Jimmy Kimmel <strong>a\u00fan menos talentoso<\/strong>, y luego un <strong>Jimmy Fallon<\/strong> d\u00e9bil y muy inseguro. La \u00fanica pregunta real es: \u00bfqui\u00e9n se ir\u00e1 primero? El mundo del espect\u00e1culo y la televisi\u00f3n es un negocio muy simple. Si obtienes audiencia, puedes decir o hacer cualquier cosa. Si no lo haces, siempre te conviertes en una v\u00edctima. Colbert se convirti\u00f3 en v\u00edctima de s\u00ed mismo; los otros dos seguir\u00e1n el mismo camino\u201d, concluy\u00f3.\n    <\/p>\n<p>                                    <script async src=\"https:\/\/platform.twitter.com\/widgets.js\" charset=\"utf-8\"><\/script><\/p>\n","protected":false},"excerpt":{"rendered":"La cancelaci\u00f3n del show nocturno presentado por Jimmy Kimmel sigue generando reacciones a nivel global. En esta ocasi\u00f3n,&hellip;\n","protected":false},"author":2,"featured_media":126227,"comment_status":"","ping_status":"","sticky":false,"template":"","format":"standard","meta":{"footnotes":""},"categories":[91],"tags":[1270,41021,146,147,25,24,20984,20985,5085,18376,1461,518,23],"class_list":{"0":"post-126226","1":"post","2":"type-post","3":"status-publish","4":"format-standard","5":"has-post-thumbnail","7":"category-entretenimiento","8":"tag-buenafuente","9":"tag-cancelen","10":"tag-entertainment","11":"tag-entretenimiento","12":"tag-es","13":"tag-espana","14":"tag-jimmy","15":"tag-kimmel","16":"tag-libertad","17":"tag-monologo","18":"tag-presidente","19":"tag-rtve","20":"tag-spain"},"share_on_mastodon":{"url":"","error":""},"_links":{"self":[{"href":"https:\/\/www.europesays.com\/es\/wp-json\/wp\/v2\/posts\/126226","targetHints":{"allow":["GET"]}}],"collection":[{"href":"https:\/\/www.europesays.com\/es\/wp-json\/wp\/v2\/posts"}],"about":[{"href":"https:\/\/www.europesays.com\/es\/wp-json\/wp\/v2\/types\/post"}],"author":[{"embeddable":true,"href":"https:\/\/www.europesays.com\/es\/wp-json\/wp\/v2\/users\/2"}],"replies":[{"embeddable":true,"href":"https:\/\/www.europesays.com\/es\/wp-json\/wp\/v2\/comments?post=126226"}],"version-history":[{"count":0,"href":"https:\/\/www.europesays.com\/es\/wp-json\/wp\/v2\/posts\/126226\/revisions"}],"wp:featuredmedia":[{"embeddable":true,"href":"https:\/\/www.europesays.com\/es\/wp-json\/wp\/v2\/media\/126227"}],"wp:attachment":[{"href":"https:\/\/www.europesays.com\/es\/wp-json\/wp\/v2\/media?parent=126226"}],"wp:term":[{"taxonomy":"category","embeddable":true,"href":"https:\/\/www.europesays.com\/es\/wp-json\/wp\/v2\/categories?post=126226"},{"taxonomy":"post_tag","embeddable":true,"href":"https:\/\/www.europesays.com\/es\/wp-json\/wp\/v2\/tags?post=126226"}],"curies":[{"name":"wp","href":"https:\/\/api.w.org\/{rel}","templated":true}]}}