{"id":126230,"date":"2025-09-19T23:01:08","date_gmt":"2025-09-19T23:01:08","guid":{"rendered":"https:\/\/www.europesays.com\/es\/126230\/"},"modified":"2025-09-19T23:01:08","modified_gmt":"2025-09-19T23:01:08","slug":"una-franja-marron-del-tamano-de-un-continente-aparece-en-el-atlantico-y-enciende-las-alarmas-entre-los-cientificos","status":"publish","type":"post","link":"https:\/\/www.europesays.com\/es\/126230\/","title":{"rendered":"Una franja marr\u00f3n del tama\u00f1o de un continente aparece en el Atl\u00e1ntico y enciende las alarmas entre los cient\u00edficos"},"content":{"rendered":"<p class=\"c-paragraph\">Desde hace poco m\u00e1s de una d\u00e9cada, las aguas del atl\u00e1ntico han servido de hogar para un extra\u00f1o fen\u00f3meno que<b> <\/b>preocupa cada vez m\u00e1s a<b> cient\u00edficos y comunidades costeras<\/b>. Se trata de nada m\u00e1s y nada menos que la proliferaci\u00f3n de <a href=\"https:\/\/www.20minutos.es\/internacional\/las-espectaculares-imagenes-marea-algas-que-amenaza-turismo-caribe-mexicano-se-han-recogido-20-000-toneladas_5720487_0.html\" title=\"Las espectaculares im\u00e1genes de la marea de algas que amenaza al turismo en el Caribe mexicano: se han recogido 20.000 toneladas\" rel=\"nofollow noopener\" target=\"_blank\">una gigantesca franja de algas pardas, conocida como <b>sargazo<\/b>, <\/a>que se extiende casi de costa a costa, <b>desde \u00c1frica Occidental hasta el Golfo de M\u00e9xico.<\/b><\/p>\n<p class=\"c-paragraph\">Lo que comenz\u00f3 como un evento aislado en 2011 se ha convertido en <a href=\"https:\/\/www.20minutos.es\/noticia\/4400627\/0\/condena-agencia-viajes-indemnizacion-familia-playa-algas-rivera-maya\/\" title=\"Indemnizan con 5.300 \u20ac a una familia que se fue de vacaciones porque la playa estaba llena de algas\" rel=\"nofollow noopener\" target=\"_blank\">un problema recurrente, masivo y de escala global, <\/a>al punto de formar lo que los investigadores han bautizado como el <b>Gran Cintur\u00f3n Atl\u00e1ntico de Sargazos (GASB, por sus siglas en ingl\u00e9s).\u00a0<\/b> Lo que ahora se puede llamar masa de algas, alcanz\u00f3 las\u00a0<b>37,5 millones de toneladas, seg\u00fan <\/b>confirmaron\u00a0im\u00e1genes satelitales<\/p>\n<p class=\"c-paragraph\">Flotando en mar abierto, <b>visibles incluso desde el espacio<\/b> como una inmensa l\u00ednea marr\u00f3n de <b>casi 9.000 kil\u00f3metros de longitud <\/b>la masa supera en extensi\u00f3n el ancho del territorio continental de Estados Unidos. Su crecimiento acelerado en apenas 15 a\u00f1os muestra la gravedad de un problema que no parece tener freno a corto plazo.<\/p>\n<p>\u00bfPor qu\u00e9 el sargazo puede ser peligroso?<\/p>\n<p class=\"c-paragraph\">El sargazo no es un organismo desconocido ni nuevo en el Atl\u00e1ntico. De hecho, cumple un papel clave en el ecosistema oce\u00e1nico, pues<b> sirve de refugio para peces, tortugas, crust\u00e1ceos <\/b>y numerosas especies marinas, adem\u00e1s de<b> contribuir al ciclo natural de nutrientes. <\/b>Sin embargo, cuando se acumula en cantidades desmesuradas y llega masivamente a las costas, se convierte en un verdadero desaf\u00edo ambiental y social.<\/p>\n<p class=\"c-paragraph\">Y es que al descomponerse, estas algas liberan gases como el<b> sulfuro de hidr\u00f3geno<\/b>, que puede provocar problemas respiratorios, n\u00e1useas y dolores de cabeza en humanos, adem\u00e1s de afectar a la biodiversidad marina y costera. A esto se suma<a href=\"https:\/\/www.20minutos.es\/noticia\/4400627\/0\/condena-agencia-viajes-indemnizacion-familia-playa-algas-rivera-maya\/\" title=\"Indemnizan con 5.300 \u20ac a una familia que se fue de vacaciones porque la playa estaba llena de algas\" rel=\"nofollow noopener\" target=\"_blank\"> el impacto econ\u00f3mico, playas cubiertas de sargazo <\/a>dificultan la pesca artesanal y su limpieza supone un gasto millonario para gobiernos locales, especialmente <b>en el Caribe y M\u00e9xico, dos de las regiones m\u00e1s golpeadas.\u00a0<\/b><\/p>\n<p>\u00bfA qu\u00e9 se debe la existencia de esta franja?<\/p>\n<p class=\"c-paragraph\">La comunidad cient\u00edfica coincide en que este fen\u00f3meno no tiene una sola causa. El aumento de<b> nutrientes vertidos al mar por los grandes r\u00edos <\/b>como el Amazonas, producto de la deforestaci\u00f3n y la agricultura intensiva, <b>junto con el cambio clim\u00e1tico y el calentamiento de las aguas,<\/b> han creado las condiciones ideales para que el sargazo se multiplique de forma descontrolada.\u00a0<\/p>\n","protected":false},"excerpt":{"rendered":"Desde hace poco m\u00e1s de una d\u00e9cada, las aguas del atl\u00e1ntico han servido de hogar para un extra\u00f1o&hellip;\n","protected":false},"author":2,"featured_media":126231,"comment_status":"","ping_status":"","sticky":false,"template":"","format":"standard","meta":{"footnotes":""},"categories":[42],"tags":[17,18,1295,1291,13,14,11,61,62,63,64,19,20,9,10,15,16,41023,3215,12,21,22,65,66,67],"class_list":{"0":"post-126230","1":"post","2":"type-post","3":"status-publish","4":"format-standard","5":"has-post-thumbnail","7":"category-internacional","8":"tag-breaking-news","9":"tag-breakingnews","10":"tag-cambio-climatico","11":"tag-contaminacion","12":"tag-featured-news","13":"tag-featurednews","14":"tag-headlines","15":"tag-internacional","16":"tag-international","17":"tag-international-news","18":"tag-internationalnews","19":"tag-latest-news","20":"tag-latestnews","21":"tag-news","22":"tag-noticias","23":"tag-noticias-destacadas","24":"tag-noticiasdestacadas","25":"tag-oceano-atlantico","26":"tag-seo20","27":"tag-titulares","28":"tag-ultimas-noticias","29":"tag-ultimasnoticias","30":"tag-world","31":"tag-world-news","32":"tag-worldnews"},"share_on_mastodon":{"url":"","error":""},"_links":{"self":[{"href":"https:\/\/www.europesays.com\/es\/wp-json\/wp\/v2\/posts\/126230","targetHints":{"allow":["GET"]}}],"collection":[{"href":"https:\/\/www.europesays.com\/es\/wp-json\/wp\/v2\/posts"}],"about":[{"href":"https:\/\/www.europesays.com\/es\/wp-json\/wp\/v2\/types\/post"}],"author":[{"embeddable":true,"href":"https:\/\/www.europesays.com\/es\/wp-json\/wp\/v2\/users\/2"}],"replies":[{"embeddable":true,"href":"https:\/\/www.europesays.com\/es\/wp-json\/wp\/v2\/comments?post=126230"}],"version-history":[{"count":0,"href":"https:\/\/www.europesays.com\/es\/wp-json\/wp\/v2\/posts\/126230\/revisions"}],"wp:featuredmedia":[{"embeddable":true,"href":"https:\/\/www.europesays.com\/es\/wp-json\/wp\/v2\/media\/126231"}],"wp:attachment":[{"href":"https:\/\/www.europesays.com\/es\/wp-json\/wp\/v2\/media?parent=126230"}],"wp:term":[{"taxonomy":"category","embeddable":true,"href":"https:\/\/www.europesays.com\/es\/wp-json\/wp\/v2\/categories?post=126230"},{"taxonomy":"post_tag","embeddable":true,"href":"https:\/\/www.europesays.com\/es\/wp-json\/wp\/v2\/tags?post=126230"}],"curies":[{"name":"wp","href":"https:\/\/api.w.org\/{rel}","templated":true}]}}