{"id":126234,"date":"2025-09-19T23:03:36","date_gmt":"2025-09-19T23:03:36","guid":{"rendered":"https:\/\/www.europesays.com\/es\/126234\/"},"modified":"2025-09-19T23:03:36","modified_gmt":"2025-09-19T23:03:36","slug":"felipe-vi-y-letizia-como-dos-turistas-mas-en-el-valle-de-los-reyes-de-egipto-las-espectaculares-imagenes","status":"publish","type":"post","link":"https:\/\/www.europesays.com\/es\/126234\/","title":{"rendered":"Felipe VI y Letizia, como dos turistas m\u00e1s en el Valle de los Reyes de Egipto: las espectaculares im\u00e1genes"},"content":{"rendered":"<p class=\"paragraph\" id=\"paragraph_1\">Cuarto y \u00faltimo d\u00eda del viaje de Estado de los reyes <a href=\"https:\/\/www.elespanol.com\/corazon\/casas-reales\/20250919\/espontaneo-selfie-felipe-vi-junto-letizia-luxor-inauguraban-luces-nocturnas-hatshepsut\/1003743931799_0.html?utm_cmp_rs=linksinline\" rel=\"nofollow noopener\" target=\"_blank\"><strong>Felipe VI<\/strong><\/a> (57 a\u00f1os) y <a href=\"https:\/\/www.elespanol.com\/personajes\/reina_letizia\/?utm_cmp_rs=linksinline\" rel=\"nofollow noopener\" target=\"_blank\"><strong>Letizia<\/strong><\/a> (53) a Egipto. Este viernes, 19 de septiembre, los monarcas han vivido <strong>sus momentos finales<\/strong> en el pa\u00eds.<\/p>\n<p class=\"paragraph\" id=\"paragraph_2\">La jornada ha comenzado con la visita de Sus Majestades al <strong>Museo de Luxor<\/strong>. All\u00ed, Felipe y Letizia han sido recibidos por los arque\u00f3logos espa\u00f1oles Myriam Seco y Jos\u00e9 Manuel Gal\u00e1n, quienes les han mostrado <strong>algunas de las piezas m\u00e1s significativas<\/strong>.<\/p>\n<p class=\"paragraph\" id=\"paragraph_3\">A continuaci\u00f3n, ambos se han desplazado al <strong>Valle de los Reyes<\/strong>, declarado Patrimonio de la Humanidad por la UNESCO. En sus inmediaciones han podido visitar, dentro del proyecto de acondicionamiento y mejora de los sitios arqueol\u00f3gicos de Luxor y Giza, <strong>la tumba KV9 de los faraones Rams\u00e9s V y Rams\u00e9s VI, as\u00ed como la tumba KV17 del fara\u00f3n Seti I<\/strong>.<\/p>\n<p class=\"paragraph\" id=\"paragraph_4\"><strong>M\u00e1s informaci\u00f3n:<\/strong> [<a href=\"https:\/\/www.elespanol.com\/corazon\/casas-reales\/20250919\/espontaneo-selfie-felipe-vi-junto-letizia-luxor-inauguraban-luces-nocturnas-hatshepsut\/1003743931799_0.html?utm_cmp_rs=linksinline\" rel=\"nofollow noopener\" target=\"_blank\">El espont\u00e1neo &#8216;selfie&#8217; de Felipe VI junto a Letizia en Luxor mientras inauguraban las luces nocturnas de Hatshepsut]<\/a><\/p>\n<p class=\"paragraph\" id=\"paragraph_5\">Felipe y Letizia, sonrientes y agradecidos con los all\u00ed presentes, han escuchado <strong>atentamente los comentarios de los profesionales<\/strong>. As\u00ed, han mostrado su inter\u00e9s por los yacimientos de la zona.<\/p>\n<p class=\"paragraph\" id=\"paragraph_6\">Los Reyes, como dos turistas m\u00e1s, no han dudado en inmortalizar varios de los instantes de la visita. El soberano, en un momento determinado de la jornada, ha cogido su <strong>tel\u00e9fono personal<\/strong> para fotografiar el interior del museo.<\/p>\n<p class=\"paragraph\" id=\"paragraph_7\">Rese\u00f1able tambi\u00e9n ha sido la escena que ha protagonizado la reina Letizia. La madre de la princesa Leonor (19), cercana como acostumbra, <strong>se ha aproximado a uno de los trabajadores para dar paso a algunas preguntas<\/strong>.\u00a0<\/p>\n","protected":false},"excerpt":{"rendered":"Cuarto y \u00faltimo d\u00eda del viaje de Estado de los reyes Felipe VI (57 a\u00f1os) y Letizia (53)&hellip;\n","protected":false},"author":2,"featured_media":126235,"comment_status":"","ping_status":"","sticky":false,"template":"","format":"standard","meta":{"footnotes":""},"categories":[5],"tags":[17,18,14486,5284,25,24,13,14,11439,11,19,20,9,10,15,16,11362,23,12,21,22],"class_list":{"0":"post-126234","1":"post","2":"type-post","3":"status-publish","4":"format-standard","5":"has-post-thumbnail","7":"category-titulares","8":"tag-breaking-news","9":"tag-breakingnews","10":"tag-casas-reales","11":"tag-egipto","12":"tag-es","13":"tag-espana","14":"tag-featured-news","15":"tag-featurednews","16":"tag-felipe-vi","17":"tag-headlines","18":"tag-latest-news","19":"tag-latestnews","20":"tag-news","21":"tag-noticias","22":"tag-noticias-destacadas","23":"tag-noticiasdestacadas","24":"tag-reina-letizia","25":"tag-spain","26":"tag-titulares","27":"tag-ultimas-noticias","28":"tag-ultimasnoticias"},"share_on_mastodon":{"url":"","error":""},"_links":{"self":[{"href":"https:\/\/www.europesays.com\/es\/wp-json\/wp\/v2\/posts\/126234","targetHints":{"allow":["GET"]}}],"collection":[{"href":"https:\/\/www.europesays.com\/es\/wp-json\/wp\/v2\/posts"}],"about":[{"href":"https:\/\/www.europesays.com\/es\/wp-json\/wp\/v2\/types\/post"}],"author":[{"embeddable":true,"href":"https:\/\/www.europesays.com\/es\/wp-json\/wp\/v2\/users\/2"}],"replies":[{"embeddable":true,"href":"https:\/\/www.europesays.com\/es\/wp-json\/wp\/v2\/comments?post=126234"}],"version-history":[{"count":0,"href":"https:\/\/www.europesays.com\/es\/wp-json\/wp\/v2\/posts\/126234\/revisions"}],"wp:featuredmedia":[{"embeddable":true,"href":"https:\/\/www.europesays.com\/es\/wp-json\/wp\/v2\/media\/126235"}],"wp:attachment":[{"href":"https:\/\/www.europesays.com\/es\/wp-json\/wp\/v2\/media?parent=126234"}],"wp:term":[{"taxonomy":"category","embeddable":true,"href":"https:\/\/www.europesays.com\/es\/wp-json\/wp\/v2\/categories?post=126234"},{"taxonomy":"post_tag","embeddable":true,"href":"https:\/\/www.europesays.com\/es\/wp-json\/wp\/v2\/tags?post=126234"}],"curies":[{"name":"wp","href":"https:\/\/api.w.org\/{rel}","templated":true}]}}