{"id":126251,"date":"2025-09-19T23:13:08","date_gmt":"2025-09-19T23:13:08","guid":{"rendered":"https:\/\/www.europesays.com\/es\/126251\/"},"modified":"2025-09-19T23:13:08","modified_gmt":"2025-09-19T23:13:08","slug":"muere-miguel-morales-miembro-de-los-brincos-y-excunado-de-rocio-durcal","status":"publish","type":"post","link":"https:\/\/www.europesays.com\/es\/126251\/","title":{"rendered":"Muere Miguel Morales, miembro de Los Brincos y excu\u00f1ado de Roc\u00edo D\u00farcal"},"content":{"rendered":"<p><strong>Miguel Morales<\/strong>, hermano de <strong>Junior<\/strong> -difunto marido de <strong>Roc\u00edo D\u00farcal<\/strong>-, ha <a href=\"https:\/\/diariodeavisos.elespanol.com\/2025\/09\/muere-a-los-89-anos-el-actor-y-director-robert-redford\/\" rel=\"nofollow noopener\" target=\"_blank\">muerto <\/a>a los 75 a\u00f1os de edad, en Madrid, debido a una enfermedad que llev\u00f3 con discreci\u00f3n seg\u00fan publica el portal \u2018Vanitatis\u2019.<\/p>\n<p>Se trata de un duro golpe para la <strong>familia Morales<\/strong>, ya que el artista tambi\u00e9n es <strong>t\u00edo de Shaila D\u00farcal y Carmen Morales<\/strong>, y ser\u00e1 recordado por sus trabajos en el mundo musical, ya que particip\u00f3 en <strong>Los Brincos <\/strong>y tambi\u00e9n colabor\u00f3 en distintos proyectos art\u00edsticos.<\/p>\n<p>Tal y como publica el digital, los restos mortales de Miguel Morales se instalaran en el Tanatorio Norte de Madrid a las 18h de esta tarde. Hasta all\u00ed se desplazar\u00e1n sus seres queridos para darle su \u00faltimo adi\u00f3s.<\/p>\n<p>Muy unido a su familia, la \u00faltima vez que se dej\u00f3 ver ante las c\u00e1maras fue en el a\u00f1o 2021 cuando acud\u00eda, junto a su mujer <strong>Freda Lorente<\/strong>, a casa de su sobrina Shaila a celebrar el 42 cumplea\u00f1os de esta.<\/p>\n","protected":false},"excerpt":{"rendered":"Miguel Morales, hermano de Junior -difunto marido de Roc\u00edo D\u00farcal-, ha muerto a los 75 a\u00f1os de edad,&hellip;\n","protected":false},"author":2,"featured_media":126252,"comment_status":"","ping_status":"","sticky":false,"template":"","format":"standard","meta":{"footnotes":""},"categories":[174],"tags":[255,146,147,25,24,256,23],"class_list":{"0":"post-126251","1":"post","2":"type-post","3":"status-publish","4":"format-standard","5":"has-post-thumbnail","7":"category-famosos","8":"tag-celebrities","9":"tag-entertainment","10":"tag-entretenimiento","11":"tag-es","12":"tag-espana","13":"tag-famosos","14":"tag-spain"},"share_on_mastodon":{"url":"","error":""},"_links":{"self":[{"href":"https:\/\/www.europesays.com\/es\/wp-json\/wp\/v2\/posts\/126251","targetHints":{"allow":["GET"]}}],"collection":[{"href":"https:\/\/www.europesays.com\/es\/wp-json\/wp\/v2\/posts"}],"about":[{"href":"https:\/\/www.europesays.com\/es\/wp-json\/wp\/v2\/types\/post"}],"author":[{"embeddable":true,"href":"https:\/\/www.europesays.com\/es\/wp-json\/wp\/v2\/users\/2"}],"replies":[{"embeddable":true,"href":"https:\/\/www.europesays.com\/es\/wp-json\/wp\/v2\/comments?post=126251"}],"version-history":[{"count":0,"href":"https:\/\/www.europesays.com\/es\/wp-json\/wp\/v2\/posts\/126251\/revisions"}],"wp:featuredmedia":[{"embeddable":true,"href":"https:\/\/www.europesays.com\/es\/wp-json\/wp\/v2\/media\/126252"}],"wp:attachment":[{"href":"https:\/\/www.europesays.com\/es\/wp-json\/wp\/v2\/media?parent=126251"}],"wp:term":[{"taxonomy":"category","embeddable":true,"href":"https:\/\/www.europesays.com\/es\/wp-json\/wp\/v2\/categories?post=126251"},{"taxonomy":"post_tag","embeddable":true,"href":"https:\/\/www.europesays.com\/es\/wp-json\/wp\/v2\/tags?post=126251"}],"curies":[{"name":"wp","href":"https:\/\/api.w.org\/{rel}","templated":true}]}}