{"id":126255,"date":"2025-09-19T23:16:12","date_gmt":"2025-09-19T23:16:12","guid":{"rendered":"https:\/\/www.europesays.com\/es\/126255\/"},"modified":"2025-09-19T23:16:12","modified_gmt":"2025-09-19T23:16:12","slug":"una-fan-cumple-su-sueno-en-la-voz-al-cantar-con-pablo-lopez-tras-ocho-anos","status":"publish","type":"post","link":"https:\/\/www.europesays.com\/es\/126255\/","title":{"rendered":"Una fan cumple su sue\u00f1o en La Voz al cantar con Pablo L\u00f3pez tras ocho a\u00f1os"},"content":{"rendered":"<p><b>Mar\u00eda <\/b>vivi\u00f3 una noche inolvidable en <b>La Voz<\/b> al cumplir su gran sue\u00f1o: formar parte del programa de Antena 3. La artista interpret\u00f3 con sensibilidad y magia <b><a title=\"\u2018Somewhere Over the Rainbow\u2019\" href=\"https:\/\/www.antena3.com\/programas\/la-voz\/actuacion-maria-desata-pelea-mika-pablo-lopez-ojala-vinieras-conmigo_2025091968cdc7b51b05386b62a6786d.html\" target=\"_blank\" rel=\"nofollow noopener\">\u2018Somewhere Over the Rainbow\u2019<\/a><\/b> de Ariana Grande, una actuaci\u00f3n que enamor\u00f3 a <b>Mika <\/b>y <b>Pablo L\u00f3pez<\/b>, que se giraron para intentar convencerla.<\/p>\n<p>A pesar de la pelea entre ambos,<b> Mar\u00eda lo ten\u00eda claro<\/b> desde el principio. \u201cLlevo sigui\u00e9ndote ocho a\u00f1os, cada vez que has venido a Murcia yo he estado ah\u00ed\u201d, confes\u00f3 dirigi\u00e9ndose a <b>Pablo L\u00f3pez<\/b>, dejando claro su admiraci\u00f3n por el coach malague\u00f1o.<\/p>\n<p>El momento m\u00e1s especial lleg\u00f3 cuando <b>Pablo <\/b>quiso agradecerle sus palabras y <b>subi\u00f3 con ella al escenario<\/b>. Juntos interpretaron \u2018<b>El gato\u2019<\/b>, en un <b>d\u00fao improvisado al piano <\/b>que emocion\u00f3 a todos y dej\u00f3 uno de los grandes momentos de la noche.<\/p>\n<p>Con su decisi\u00f3n, <b>Mar\u00eda <\/b>pasa a formar parte del <b>equipo de Pablo L\u00f3pez<\/b>, empezando as\u00ed su camino en<b> La Voz 2025 <\/b>con un arranque m\u00e1gico y prometedor.<\/p>\n<p>   <img decoding=\"async\" title=\"Pablo L\u00f3pez, coach de La Voz\" alt=\"Pablo L\u00f3pez, coach de La Voz\" width=\"480\" height=\"270\" src=\"https:\/\/www.europesays.com\/es\/wp-content\/uploads\/2025\/09\/pablo-lopez-coach-voz_70.jpg\" loading=\"lazy\" class=\"lazy\"\/><\/p>\n","protected":false},"excerpt":{"rendered":"Mar\u00eda vivi\u00f3 una noche inolvidable en La Voz al cumplir su gran sue\u00f1o: formar parte del programa de&hellip;\n","protected":false},"author":2,"featured_media":126256,"comment_status":"","ping_status":"","sticky":false,"template":"","format":"standard","meta":{"footnotes":""},"categories":[171],"tags":[146,147,25,24,23,214],"class_list":{"0":"post-126255","1":"post","2":"type-post","3":"status-publish","4":"format-standard","5":"has-post-thumbnail","7":"category-tv","8":"tag-entertainment","9":"tag-entretenimiento","10":"tag-es","11":"tag-espana","12":"tag-spain","13":"tag-tv"},"share_on_mastodon":{"url":"","error":""},"_links":{"self":[{"href":"https:\/\/www.europesays.com\/es\/wp-json\/wp\/v2\/posts\/126255","targetHints":{"allow":["GET"]}}],"collection":[{"href":"https:\/\/www.europesays.com\/es\/wp-json\/wp\/v2\/posts"}],"about":[{"href":"https:\/\/www.europesays.com\/es\/wp-json\/wp\/v2\/types\/post"}],"author":[{"embeddable":true,"href":"https:\/\/www.europesays.com\/es\/wp-json\/wp\/v2\/users\/2"}],"replies":[{"embeddable":true,"href":"https:\/\/www.europesays.com\/es\/wp-json\/wp\/v2\/comments?post=126255"}],"version-history":[{"count":0,"href":"https:\/\/www.europesays.com\/es\/wp-json\/wp\/v2\/posts\/126255\/revisions"}],"wp:featuredmedia":[{"embeddable":true,"href":"https:\/\/www.europesays.com\/es\/wp-json\/wp\/v2\/media\/126256"}],"wp:attachment":[{"href":"https:\/\/www.europesays.com\/es\/wp-json\/wp\/v2\/media?parent=126255"}],"wp:term":[{"taxonomy":"category","embeddable":true,"href":"https:\/\/www.europesays.com\/es\/wp-json\/wp\/v2\/categories?post=126255"},{"taxonomy":"post_tag","embeddable":true,"href":"https:\/\/www.europesays.com\/es\/wp-json\/wp\/v2\/tags?post=126255"}],"curies":[{"name":"wp","href":"https:\/\/api.w.org\/{rel}","templated":true}]}}