{"id":126258,"date":"2025-09-19T23:20:09","date_gmt":"2025-09-19T23:20:09","guid":{"rendered":"https:\/\/www.europesays.com\/es\/126258\/"},"modified":"2025-09-19T23:20:09","modified_gmt":"2025-09-19T23:20:09","slug":"creado-un-test-sanguineo-capaz-de-anticipar-la-progresion-a-demencia-del-alzheimer-leve","status":"publish","type":"post","link":"https:\/\/www.europesays.com\/es\/126258\/","title":{"rendered":"Creado un test sangu\u00edneo capaz de anticipar la progresi\u00f3n a demencia del Alzheimer leve"},"content":{"rendered":"<p style=\"text-align: justify;\"><strong>Redacci\u00f3n Farmacosalud.com<\/strong><\/p>\n<p><img loading=\"lazy\" decoding=\"async\" aria-describedby=\"caption-attachment-161845\" class=\"size-full wp-image-161845\" src=\"https:\/\/www.europesays.com\/es\/wp-content\/uploads\/2025\/09\/222-biomarcador-alzheimer-2-test-MAP-AD.jpg\" alt=\"\" width=\"350\" height=\"467\"  \/><\/p>\n<p id=\"caption-attachment-161845\" class=\"wp-caption-text\">Fuente: Hospital de Bellvitge (HUB) \/ ADmit Therapeutics \/ IDIBELL<\/p>\n<p style=\"text-align: justify;\">El Hospital de Bellvitge (l\u2019Hospitalet de Llobregat, en Barcelona) ha tenido un papel clave en la validaci\u00f3n cl\u00ednica de un nuevo biomarcador en sangre que, por primera vez, permite anticipar la progresi\u00f3n del deterioro cognitivo leve hacia la demencia de Alzheimer. A diferencia de otros biomarcadores en sangre desarrollados por equipos internacionales, que sirven para confirmar la presencia de patolog\u00eda cerebral, el nuevo test MAP-AD\u00ae es pron\u00f3stico y aporta informaci\u00f3n cl\u00ednica decisiva sobre la evoluci\u00f3n futura de cada paciente.<\/p>\n<p style=\"text-align: justify;\">Los resultados de la investigaci\u00f3n, publicados en la revista \u2018iScience\u2019 (Cell Press), han permitido desarrollar el test MAP-AD, creado por la compa\u00f1\u00eda ADmit Therapeutics, spin-off surgida del Instituto de Investigaci\u00f3n Biom\u00e9dica de Bellvitge (IDIBELL). Este test ha obtenido tambi\u00e9n el marcado CE-IVDR, que certifica que cumple los estrictos requisitos de seguridad y eficacia de la Uni\u00f3n Europea y abre la puerta a su aplicaci\u00f3n cl\u00ednica.<\/p>\n<p style=\"text-align: justify;\"><strong>Biomarcadores mitocondriales<\/strong><br \/>El ensayo observacional multic\u00e9ntrico ha sido coordinado por el Dr. Jordi Gasc\u00f3n, jefe de la Unidad de Memoria del Servicio de Neurolog\u00eda del Hospital de Bellvitge, y ha contado con la participaci\u00f3n del Dr. Ram\u00f3n Re\u00f1\u00e9 y el Dr. Jaume Campdelacreu, tambi\u00e9n neur\u00f3logos del centro. La investigaci\u00f3n ha incluido muestras de pacientes con deterioro cognitivo leve y de personas voluntarias sin afectaci\u00f3n cognitiva, procedentes de varios hospitales (Hospital Cl\u00ednic de Barcelona, Hospital de la Santa Creu i Sant Pau, Consorci Sanitari Integral, Fundaci\u00f3n CITA-Alzheimer) y de los biobancos de la Universidad de Washington y el Australian Imaging, Biomarker and Lifestyle Study.<\/p>\n<p style=\"text-align: justify;\">MAP-AD es un an\u00e1lisis de sangre cualitativo que mide nuevos biomarcadores mitocondriales (metilaci\u00f3n del ADN mitocondrial) y los combina con datos cl\u00ednicos para predecir con alta precisi\u00f3n qu\u00e9 pacientes con deterioro cognitivo leve progresar\u00e1n hacia la demencia de Alzheimer y cu\u00e1les se mantendr\u00e1n estables.<\/p>\n<p><img loading=\"lazy\" decoding=\"async\" aria-describedby=\"caption-attachment-161849\" class=\"size-full wp-image-161849\" src=\"https:\/\/www.europesays.com\/es\/wp-content\/uploads\/2025\/09\/600-doctor-Jordi-Gascon-biomarcador-alzheimer-4-test-MAP-AD.jpg\" alt=\"\" width=\"600\" height=\"400\"  \/><\/p>\n<p id=\"caption-attachment-161849\" class=\"wp-caption-text\">Dr. Jordi Gasc\u00f3n<br \/>Fuente: Hospital de Bellvitge (HUB) \/ ADmit Therapeutics \/ IDIBELL<\/p>\n<p style=\"text-align: justify;\">Seg\u00fan el Dr. Gasc\u00f3n, \u201cdurante a\u00f1os hemos podido identificar la patolog\u00eda subyacente, pero era muy dif\u00edcil predecir la evoluci\u00f3n cl\u00ednica. Disponer de una herramienta fiable que anticipe la progresi\u00f3n es un punto de inflexi\u00f3n: nos permite mantener conversaciones m\u00e1s informadas con las familias y guiar mejor las intervenciones, ya sean preventivas, en ensayos cl\u00ednicos o con las nuevas terapias emergentes\u201d.<\/p>\n<p style=\"text-align: justify;\">Por su parte, la Dra. Marta Barrachina, CEO y cofundadora de ADmit Therapeutics, destaca: \u201cla certificaci\u00f3n europea y la publicaci\u00f3n cient\u00edfica en \u2018iScience\u2019 refuerzan la solidez de nuestro test. Es un paso fundamental porque, a diferencia de otros biomarcadores que s\u00f3lo confirman patolog\u00eda, el MAP-AD anticipa la evoluci\u00f3n cl\u00ednica. Esto lo hace \u00fanico y abre una nueva v\u00eda para mejorar la atenci\u00f3n a las personas con riesgo de Alzheimer\u201d.<\/p>\n<p style=\"text-align: justify;\"><strong>Reducci\u00f3n de la lista de espera para la primera visita de 12 meses a s\u00f3lo 15 d\u00edas<\/strong><br \/>El desarrollo de esta prueba coincide con la puesta en marcha de la nueva Unidad de Memoria del Hospital de Bellvitge, que ha transformado la atenci\u00f3n a las personas con deterioro cognitivo. Este modelo integral y multidisciplinar ha reducido la lista de espera para la primera visita de 12 meses a \u00fanicamente 15 d\u00edas.<\/p>\n<p style=\"text-align: justify;\">En una sola ma\u00f1ana se integran las valoraciones m\u00e9dicas, neuropsicol\u00f3gicas, de enfermer\u00eda y de trabajo social, mejorando la experiencia del enfermo y del cuidador. Adem\u00e1s, la unidad impulsa medidas innovadoras como aplicaciones digitales, programas de apoyo a los cuidadores y nuevas l\u00edneas de investigaci\u00f3n en demencias. \u201cEs un proyecto que mejora la calidad de vida de pacientes y cuidadores y establece una base s\u00f3lida para el trabajo en red\u201d, afirma Gasc\u00f3n.<\/p>\n<p><img loading=\"lazy\" decoding=\"async\" aria-describedby=\"caption-attachment-161852\" class=\"size-full wp-image-161852\" src=\"https:\/\/www.europesays.com\/es\/wp-content\/uploads\/2025\/09\/600-biomarcador-alzheimer-1-test-MAP-AD.jpg\" alt=\"\" width=\"600\" height=\"800\"  \/><\/p>\n<p id=\"caption-attachment-161852\" class=\"wp-caption-text\">Fuente: Hospital de Bellvitge (HUB) \/ ADmit Therapeutics \/ IDIBELL<\/p>\n<p style=\"text-align: justify;\"><strong>Referencia bibliogr\u00e1fica<\/strong><br \/>Gascon-Bayarri, J. et al. Mitochondrial methylcytosines as blood-based biomarkers for Alzheimer\u2019s disease dementia prognosis. iScience, 2025. DOI: 10.1016\/j.isci.2025.113418<\/p>\n","protected":false},"excerpt":{"rendered":"Redacci\u00f3n Farmacosalud.com Fuente: Hospital de Bellvitge (HUB) \/ ADmit Therapeutics \/ IDIBELL El Hospital de Bellvitge (l\u2019Hospitalet de&hellip;\n","protected":false},"author":2,"featured_media":126259,"comment_status":"","ping_status":"","sticky":false,"template":"","format":"standard","meta":{"footnotes":""},"categories":[92],"tags":[25,24,165,166,23],"class_list":{"0":"post-126258","1":"post","2":"type-post","3":"status-publish","4":"format-standard","5":"has-post-thumbnail","7":"category-salud","8":"tag-es","9":"tag-espana","10":"tag-health","11":"tag-salud","12":"tag-spain"},"share_on_mastodon":{"url":"","error":""},"_links":{"self":[{"href":"https:\/\/www.europesays.com\/es\/wp-json\/wp\/v2\/posts\/126258","targetHints":{"allow":["GET"]}}],"collection":[{"href":"https:\/\/www.europesays.com\/es\/wp-json\/wp\/v2\/posts"}],"about":[{"href":"https:\/\/www.europesays.com\/es\/wp-json\/wp\/v2\/types\/post"}],"author":[{"embeddable":true,"href":"https:\/\/www.europesays.com\/es\/wp-json\/wp\/v2\/users\/2"}],"replies":[{"embeddable":true,"href":"https:\/\/www.europesays.com\/es\/wp-json\/wp\/v2\/comments?post=126258"}],"version-history":[{"count":0,"href":"https:\/\/www.europesays.com\/es\/wp-json\/wp\/v2\/posts\/126258\/revisions"}],"wp:featuredmedia":[{"embeddable":true,"href":"https:\/\/www.europesays.com\/es\/wp-json\/wp\/v2\/media\/126259"}],"wp:attachment":[{"href":"https:\/\/www.europesays.com\/es\/wp-json\/wp\/v2\/media?parent=126258"}],"wp:term":[{"taxonomy":"category","embeddable":true,"href":"https:\/\/www.europesays.com\/es\/wp-json\/wp\/v2\/categories?post=126258"},{"taxonomy":"post_tag","embeddable":true,"href":"https:\/\/www.europesays.com\/es\/wp-json\/wp\/v2\/tags?post=126258"}],"curies":[{"name":"wp","href":"https:\/\/api.w.org\/{rel}","templated":true}]}}