{"id":126268,"date":"2025-09-19T23:28:24","date_gmt":"2025-09-19T23:28:24","guid":{"rendered":"https:\/\/www.europesays.com\/es\/126268\/"},"modified":"2025-09-19T23:28:24","modified_gmt":"2025-09-19T23:28:24","slug":"pedro-luis-sustituye-a-el-mene-manana-en-la-feria-de-moncalvillo","status":"publish","type":"post","link":"https:\/\/www.europesays.com\/es\/126268\/","title":{"rendered":"Pedro Lu\u00eds sustituye a El Mene ma\u00f1ana en la Feria de Moncalvillo"},"content":{"rendered":"<p><strong>La organizaci\u00f3n de la Feria de Moncalvillo ha publicado la siguientes Nota de Prensa donde se indica la sustituci\u00f3n del novillero El Mene por el peruano Pedro Lu\u00eds. El texto es el siguiente:<\/strong><\/p>\n<p>\u00a0<\/p>\n<p><strong>San Agust\u00edn del Guadalix, 19 de septiembre de 2025.<\/strong><br \/>El novillero \u00ab<strong>El Mene<\/strong>\u00bb finalmente no podr\u00e1 hacer el pase\u00edllo por motivos ajenos a la organizaci\u00f3n. Desde la organizaci\u00f3n de la <strong>Feria de Moncalvillo<\/strong> deseamos a <strong>El Mene<\/strong> una pronta y completa recuperaci\u00f3n, con la confianza de volver a verle muy pronto en los ruedos.<\/p>\n<p>En su lugar, se anuncia la incorporaci\u00f3n del joven novillero<strong> Pedro Luis<\/strong>, que tomar\u00e1 parte en la cita. Ser\u00e1 acompa\u00f1ado por <strong>Mariscal Ruiz y \u00c1lvaro Serrano<\/strong>, quienes lidiar\u00e1n los novillos de la prestigiosa ganader\u00eda madrile\u00f1a de <strong>Montealto<\/strong>.<\/p>\n<p>Desde la organizaci\u00f3n se agradece la comprensi\u00f3n del p\u00fablico y se invita a todos los aficionados a disfrutar de una jornada que mantiene intacta la emoci\u00f3n y categor\u00eda de la Feria de Moncalvillo.<\/p>\n<p><strong>Organizaci\u00f3n de la Feria de Moncalvillo<\/strong><\/p>\n<p><strong>FOTO:<\/strong> Julie Brouqueyre<\/p>\n","protected":false},"excerpt":{"rendered":"La organizaci\u00f3n de la Feria de Moncalvillo ha publicado la siguientes Nota de Prensa donde se indica la&hellip;\n","protected":false},"author":2,"featured_media":126269,"comment_status":"","ping_status":"","sticky":false,"template":"","format":"standard","meta":{"footnotes":""},"categories":[277],"tags":[373,168,25,24,23,167,374],"class_list":{"0":"post-126268","1":"post","2":"type-post","3":"status-publish","4":"format-standard","5":"has-post-thumbnail","7":"category-toreo","8":"tag-bullfighting","9":"tag-deportes","10":"tag-es","11":"tag-espana","12":"tag-spain","13":"tag-sports","14":"tag-toreo"},"share_on_mastodon":{"url":"","error":""},"_links":{"self":[{"href":"https:\/\/www.europesays.com\/es\/wp-json\/wp\/v2\/posts\/126268","targetHints":{"allow":["GET"]}}],"collection":[{"href":"https:\/\/www.europesays.com\/es\/wp-json\/wp\/v2\/posts"}],"about":[{"href":"https:\/\/www.europesays.com\/es\/wp-json\/wp\/v2\/types\/post"}],"author":[{"embeddable":true,"href":"https:\/\/www.europesays.com\/es\/wp-json\/wp\/v2\/users\/2"}],"replies":[{"embeddable":true,"href":"https:\/\/www.europesays.com\/es\/wp-json\/wp\/v2\/comments?post=126268"}],"version-history":[{"count":0,"href":"https:\/\/www.europesays.com\/es\/wp-json\/wp\/v2\/posts\/126268\/revisions"}],"wp:featuredmedia":[{"embeddable":true,"href":"https:\/\/www.europesays.com\/es\/wp-json\/wp\/v2\/media\/126269"}],"wp:attachment":[{"href":"https:\/\/www.europesays.com\/es\/wp-json\/wp\/v2\/media?parent=126268"}],"wp:term":[{"taxonomy":"category","embeddable":true,"href":"https:\/\/www.europesays.com\/es\/wp-json\/wp\/v2\/categories?post=126268"},{"taxonomy":"post_tag","embeddable":true,"href":"https:\/\/www.europesays.com\/es\/wp-json\/wp\/v2\/tags?post=126268"}],"curies":[{"name":"wp","href":"https:\/\/api.w.org\/{rel}","templated":true}]}}