{"id":126270,"date":"2025-09-19T23:31:07","date_gmt":"2025-09-19T23:31:07","guid":{"rendered":"https:\/\/www.europesays.com\/es\/126270\/"},"modified":"2025-09-19T23:31:07","modified_gmt":"2025-09-19T23:31:07","slug":"miguel-bose-se-rinde-ante-carlos-alcaraz-eres-todo-un-orgullo","status":"publish","type":"post","link":"https:\/\/www.europesays.com\/es\/126270\/","title":{"rendered":"Miguel Bos\u00e9 se rinde ante Carlos Alcaraz: \u00abEres todo un orgullo\u00bb"},"content":{"rendered":"<p class=\"paragraph\">Miguel Bos\u00e9 se halla en plena gira triunfal por Am\u00e9rica de su &#8216;Importante Tour&#8217;. El cantante <b>reuni\u00f3 recientemente a unas 50.000 personas<\/b> en Bogot\u00e1 (Colombia)<a href=\"https:\/\/www.heraldo.es\/noticias\/ocio-y-cultura\/2025\/08\/23\/restaurante-mallorca-enamora-miguel-bose-vacaciones-oliu-1848724.html\" title=\"El restaurante que ha enamorado a Miguel Bos\u00e9 en estas vacaciones: &quot;La mejor cocina mediterr\u00e1nea&quot;\" rel=\"nofollow noopener\" target=\"_blank\"> y ya ha activado la cuenta atr\u00e1s para iniciar su desembarco en Estados Unidos el pr\u00f3ximo octubre.\u00a0<\/a><\/p>\n<p class=\"paragraph\">Un itinerario de conciertos en el que el artista tiene felices distracciones. Una de ellas es el tenis, uno de sus deportes favoritos. Y en este \u00e1mbito <b>Carlos Alcaraz es uno de sus jugadores preferidos. <\/b>As\u00ed lo ha demostrado en el pasado con publicaciones rebosantes de admiraci\u00f3n en sus redes sociales y as\u00ed lo ha vuelto a hacer ahora.\u00a0<\/p>\n<p class=\"paragraph\">La victoria de Alcaraz sobre Jannik Sinner en el \u00faltimo Abierto de Estados Unidos ha motivado al int\u00e9rprete a trasladarle una felicitaci\u00f3n p\u00fablica por el \u00e9xito conseguido. \u00abEnhorabuena Carlos Alcaraz por tu segundo torneo del US Open ganado. <b>Todo un orgullo. \u00a1\u00a1\u00a1Bravo, bravo, bravo!!!\u00bb, <\/b>ha escrito en un mensaje que incluye varias fotograf\u00edas del tenista.\u00a0<\/p>\n<p class=\"paragraph\">No es la primera vez que Bos\u00e9 se rinde ante Carlos Alcaraz. El pasado junio, tras vencer el murciano a Sinner en la final de Roland Garros, el cantante se mostr\u00f3 entusiasmado.<b>\u00a0\u00ab\u00a1Qu\u00e9 nueva generaci\u00f3n de relevo tenemos en el tenis mundial!<\/b> Partido de infarto que enfrent\u00f3 a dos inmensos y jovenc\u00edsimos jugadores\u00bb, arranc\u00f3 su texto.<\/p>\n<p class=\"paragraph\">Y prosigui\u00f3 destilando su admiraci\u00f3n: \u00abDesde aquella hist\u00f3rica final de Roma entre Rafa Nadal y Guillermo Coria, <b>nunca hab\u00eda tenido tanto vuelco de coraz\u00f3n. <\/b>Enhorabuena a ambos, pero uno mayor a Carlos Alcaraz por esa tremenda remontada. Gran tenis, inolvidable final de Roland Garros 2025&#8243;.<\/p>\n","protected":false},"excerpt":{"rendered":"Miguel Bos\u00e9 se halla en plena gira triunfal por Am\u00e9rica de su &#8216;Importante Tour&#8217;. El cantante reuni\u00f3 recientemente&hellip;\n","protected":false},"author":2,"featured_media":126271,"comment_status":"","ping_status":"","sticky":false,"template":"","format":"standard","meta":{"footnotes":""},"categories":[274],"tags":[545,168,25,24,2994,5602,23,167,327,326],"class_list":{"0":"post-126270","1":"post","2":"type-post","3":"status-publish","4":"format-standard","5":"has-post-thumbnail","7":"category-tenis","8":"tag-carlos-alcaraz","9":"tag-deportes","10":"tag-es","11":"tag-espana","12":"tag-miguel-bose","13":"tag-orgullo","14":"tag-spain","15":"tag-sports","16":"tag-tenis","17":"tag-tennis"},"share_on_mastodon":{"url":"","error":""},"_links":{"self":[{"href":"https:\/\/www.europesays.com\/es\/wp-json\/wp\/v2\/posts\/126270","targetHints":{"allow":["GET"]}}],"collection":[{"href":"https:\/\/www.europesays.com\/es\/wp-json\/wp\/v2\/posts"}],"about":[{"href":"https:\/\/www.europesays.com\/es\/wp-json\/wp\/v2\/types\/post"}],"author":[{"embeddable":true,"href":"https:\/\/www.europesays.com\/es\/wp-json\/wp\/v2\/users\/2"}],"replies":[{"embeddable":true,"href":"https:\/\/www.europesays.com\/es\/wp-json\/wp\/v2\/comments?post=126270"}],"version-history":[{"count":0,"href":"https:\/\/www.europesays.com\/es\/wp-json\/wp\/v2\/posts\/126270\/revisions"}],"wp:featuredmedia":[{"embeddable":true,"href":"https:\/\/www.europesays.com\/es\/wp-json\/wp\/v2\/media\/126271"}],"wp:attachment":[{"href":"https:\/\/www.europesays.com\/es\/wp-json\/wp\/v2\/media?parent=126270"}],"wp:term":[{"taxonomy":"category","embeddable":true,"href":"https:\/\/www.europesays.com\/es\/wp-json\/wp\/v2\/categories?post=126270"},{"taxonomy":"post_tag","embeddable":true,"href":"https:\/\/www.europesays.com\/es\/wp-json\/wp\/v2\/tags?post=126270"}],"curies":[{"name":"wp","href":"https:\/\/api.w.org\/{rel}","templated":true}]}}