{"id":126279,"date":"2025-09-19T23:36:08","date_gmt":"2025-09-19T23:36:08","guid":{"rendered":"https:\/\/www.europesays.com\/es\/126279\/"},"modified":"2025-09-19T23:36:08","modified_gmt":"2025-09-19T23:36:08","slug":"hablamos-con-las-hijas-de-raquel-merono-en-su-primera-alfombra-roja-solas","status":"publish","type":"post","link":"https:\/\/www.europesays.com\/es\/126279\/","title":{"rendered":"Hablamos con las hijas de Raquel Mero\u00f1o en su primera alfombra roja solas"},"content":{"rendered":"<p id=\"eLUz324A6f\" data-wc=\"162\">\u00abTambi\u00e9n es nuestra mejor amiga. Es que le contamos todo, todo, todo, todo\u00bb, nos ha dicho con la misma sonrisa de su c\u00e9lebre madre, Raquel Mero\u00f1o, una de sus hijas gemelas, Daniela. \u00abLa confianza que tenemos con nuestra madre, muchos amigos no la entienden, pero es porque al final estamos siempre las tres juntas y es como si fu\u00e9ramos las tres mosqueteras, literalmente. La queremos much\u00edsimo, estamos muy agradecidas\u00bb, han sido sus palabras para describir el tipo de relaci\u00f3n, basada en la confianza y la comunicaci\u00f3n, que mantienen<a class=\"hm-link ho-link\" href=\"https:\/\/www.hola.com\/actualidad\/20241105728259\/daniela-martina-hijas-raquel-merono-cumplen-18\/\" data-mrf-recirculation=\"article-body-link\" rel=\"nofollow noopener\" target=\"_blank\">\u00a0las dos hermanas, de 18 a\u00f1os<\/a>, con la actriz de Al salir de clase. Martina y Daniela nos confiesan c\u00f3mo es la exconcursante de MasterChef Celebrity\u00a0como madre, pero tambi\u00e9n nos desvelan aspectos de su esfera m\u00e1s privada siendo todav\u00eda dos adolescentes, y tras asistir por primera vez solas a un gran evento como ha sido la entrega de premios GEN \u00a1H! en Madrid. \u00bfQuieres ver la entrevista completa? \u00a1No te pierdas el v\u00eddeo!<\/p>\n","protected":false},"excerpt":{"rendered":"\u00abTambi\u00e9n es nuestra mejor amiga. Es que le contamos todo, todo, todo, todo\u00bb, nos ha dicho con la&hellip;\n","protected":false},"author":2,"featured_media":126280,"comment_status":"","ping_status":"","sticky":false,"template":"","format":"standard","meta":{"footnotes":""},"categories":[174],"tags":[517,255,253,146,147,25,24,256,39652,41030,23],"class_list":{"0":"post-126279","1":"post","2":"type-post","3":"status-publish","4":"format-standard","5":"has-post-thumbnail","7":"category-famosos","8":"tag-actualidad","9":"tag-celebrities","10":"tag-discover","11":"tag-entertainment","12":"tag-entretenimiento","13":"tag-es","14":"tag-espana","15":"tag-famosos","16":"tag-gen-h","17":"tag-raquel-merono","18":"tag-spain"},"share_on_mastodon":{"url":"","error":""},"_links":{"self":[{"href":"https:\/\/www.europesays.com\/es\/wp-json\/wp\/v2\/posts\/126279","targetHints":{"allow":["GET"]}}],"collection":[{"href":"https:\/\/www.europesays.com\/es\/wp-json\/wp\/v2\/posts"}],"about":[{"href":"https:\/\/www.europesays.com\/es\/wp-json\/wp\/v2\/types\/post"}],"author":[{"embeddable":true,"href":"https:\/\/www.europesays.com\/es\/wp-json\/wp\/v2\/users\/2"}],"replies":[{"embeddable":true,"href":"https:\/\/www.europesays.com\/es\/wp-json\/wp\/v2\/comments?post=126279"}],"version-history":[{"count":0,"href":"https:\/\/www.europesays.com\/es\/wp-json\/wp\/v2\/posts\/126279\/revisions"}],"wp:featuredmedia":[{"embeddable":true,"href":"https:\/\/www.europesays.com\/es\/wp-json\/wp\/v2\/media\/126280"}],"wp:attachment":[{"href":"https:\/\/www.europesays.com\/es\/wp-json\/wp\/v2\/media?parent=126279"}],"wp:term":[{"taxonomy":"category","embeddable":true,"href":"https:\/\/www.europesays.com\/es\/wp-json\/wp\/v2\/categories?post=126279"},{"taxonomy":"post_tag","embeddable":true,"href":"https:\/\/www.europesays.com\/es\/wp-json\/wp\/v2\/tags?post=126279"}],"curies":[{"name":"wp","href":"https:\/\/api.w.org\/{rel}","templated":true}]}}