{"id":126284,"date":"2025-09-19T23:42:04","date_gmt":"2025-09-19T23:42:04","guid":{"rendered":"https:\/\/www.europesays.com\/es\/126284\/"},"modified":"2025-09-19T23:42:04","modified_gmt":"2025-09-19T23:42:04","slug":"galan-y-coello-brillan-en-la-reserve-cup-con-un-gran-triunfo-ante-tapia-y-lebron","status":"publish","type":"post","link":"https:\/\/www.europesays.com\/es\/126284\/","title":{"rendered":"Gal\u00e1n y Coello brillan en la Reserve Cup con un gran triunfo ante Tapia y Lebr\u00f3n"},"content":{"rendered":"<p><img decoding=\"async\" class=\"voc-author__img\" src=\"https:\/\/www.europesays.com\/es\/wp-content\/uploads\/2025\/09\/autor-7264-foto-1.jpeg\" alt=\"Ignacio \u00c1lvarez de Mon\"\/><\/p>\n<p class=\"voc-p\" style=\"\">La <strong>Reserve Cup<\/strong>, disputada en el prestigioso club <strong>Puente Romano de Marbella<\/strong>, ofreci\u00f3 uno de los partidos m\u00e1s esperados y menos habituales en el circuito profesional:<strong> Agust\u00edn Tapia y Juan Lebr\u00f3n<\/strong> frente a <strong>Arturo Coello y Alejandro Gal\u00e1n<\/strong>. Un cruce in\u00e9dito que reuni\u00f3 a cuatro de los mejores jugadores del mundo en un contexto \u00fanico, con la novedad de ver a <strong>Coello y Gal\u00e1n<\/strong> compartiendo pista, algo impensable en <strong>Premier Padel<\/strong> donde son rivales directos. Otra cosa que es impensable es ver a los actuales n\u00famero uno del circuito en lados diferentes de la pista,  hoy pudimos ver como <strong>Arturo<\/strong> le  gan\u00f3 el duelo a su insperable compa\u00f1ero <strong>Agust\u00edn<\/strong>.<\/p>\n<p class=\"voc-p\" style=\"\">El partido arranc\u00f3 con m\u00e1xima igualdad, pero la compenetraci\u00f3n de la pareja espa\u00f1ola les permiti\u00f3 llevarse la primera manga por 7-5, en representaci\u00f3n del <strong>Team Reserve<\/strong>. En el segundo set, con la noche cayendo sobre <strong>Marbella<\/strong> y una pista m\u00e1s lenta que obligaba a trabajar cada punto, <strong>Gal\u00e1n y Coello<\/strong> lograron un break que les dio ventaja de 3-2. En ese juego, salvaron varias pelotas de rotura, y en el punto de oro <strong>Lebr\u00f3n<\/strong> arriesg\u00f3 al resto, pero su bola se estrell\u00f3 en el cristal, dejando a la pareja espa\u00f1ola 4-2 arriba en el marcador.<\/p>\n<p class=\"voc-p\" style=\"\"><strong>Tapia y Lebr\u00f3n<\/strong> resistieron y consiguieron mantener su servicio, coloc\u00e1ndose 5-4 en contra y obligados a romper el saque de dos jugadores demoledores en ataque como <strong>Gal\u00e1n y Coello<\/strong>. Durante el descanso, el gaditano y el argentino planearon la estrategia: <strong>Lebr\u00f3n<\/strong> suger\u00eda buscar el globo al centro, sobre el lado de Gal\u00e1n, para frenar su pegada.<strong> Maxi Grabiel<\/strong>, su entrenador, reconoc\u00eda la dificultad de la t\u00e1ctica, a lo que <strong>Tapia<\/strong>, entre risas, respond\u00eda que \u00abse lo estaba pidiendo a alguien que pod\u00eda hacerlo\u00bb, reflejando la complicidad de la dupla.<\/p>\n<p class=\"voc-p\" style=\"\">El plan no termin\u00f3 de funcionar y finalmente <strong>Gal\u00e1n y Coello<\/strong> cerraron el choque por 7-5 y 6-4, sellando un triunfo de prestigio para el <strong>Team Reserve<\/strong>. M\u00e1s all\u00e1 del marcador, la cita dej\u00f3 una reflexi\u00f3n inevitable: si alguna vez decidieran unirse en el circuito, <strong>Gal\u00e1n y Coello<\/strong> podr\u00edan convertirse en una pareja pr\u00e1cticamente imbatible.<\/p>\n<p>Reportar un error<\/p>\n","protected":false},"excerpt":{"rendered":"La Reserve Cup, disputada en el prestigioso club Puente Romano de Marbella, ofreci\u00f3 uno de los partidos m\u00e1s&hellip;\n","protected":false},"author":2,"featured_media":126285,"comment_status":"","ping_status":"","sticky":false,"template":"","format":"standard","meta":{"footnotes":""},"categories":[93],"tags":[1575,24653,41032,5393,168,25,24,27853,3956,10594,41033,23,167,5412,2886],"class_list":{"0":"post-126284","1":"post","2":"type-post","3":"status-publish","4":"format-standard","5":"has-post-thumbnail","7":"category-deportes","8":"tag-ante","9":"tag-brillan","10":"tag-coello","11":"tag-cup","12":"tag-deportes","13":"tag-es","14":"tag-espana","15":"tag-galan","16":"tag-gran","17":"tag-lebron","18":"tag-reserve","19":"tag-spain","20":"tag-sports","21":"tag-tapia","22":"tag-triunfo"},"share_on_mastodon":{"url":"","error":""},"_links":{"self":[{"href":"https:\/\/www.europesays.com\/es\/wp-json\/wp\/v2\/posts\/126284","targetHints":{"allow":["GET"]}}],"collection":[{"href":"https:\/\/www.europesays.com\/es\/wp-json\/wp\/v2\/posts"}],"about":[{"href":"https:\/\/www.europesays.com\/es\/wp-json\/wp\/v2\/types\/post"}],"author":[{"embeddable":true,"href":"https:\/\/www.europesays.com\/es\/wp-json\/wp\/v2\/users\/2"}],"replies":[{"embeddable":true,"href":"https:\/\/www.europesays.com\/es\/wp-json\/wp\/v2\/comments?post=126284"}],"version-history":[{"count":0,"href":"https:\/\/www.europesays.com\/es\/wp-json\/wp\/v2\/posts\/126284\/revisions"}],"wp:featuredmedia":[{"embeddable":true,"href":"https:\/\/www.europesays.com\/es\/wp-json\/wp\/v2\/media\/126285"}],"wp:attachment":[{"href":"https:\/\/www.europesays.com\/es\/wp-json\/wp\/v2\/media?parent=126284"}],"wp:term":[{"taxonomy":"category","embeddable":true,"href":"https:\/\/www.europesays.com\/es\/wp-json\/wp\/v2\/categories?post=126284"},{"taxonomy":"post_tag","embeddable":true,"href":"https:\/\/www.europesays.com\/es\/wp-json\/wp\/v2\/tags?post=126284"}],"curies":[{"name":"wp","href":"https:\/\/api.w.org\/{rel}","templated":true}]}}