{"id":126292,"date":"2025-09-19T23:47:09","date_gmt":"2025-09-19T23:47:09","guid":{"rendered":"https:\/\/www.europesays.com\/es\/126292\/"},"modified":"2025-09-19T23:47:09","modified_gmt":"2025-09-19T23:47:09","slug":"un-academico-chino-le-canta-las-40-a-un-militar-israeli-por-gaza-y-las-imagenes-dan-la-vuelta-al-mundo","status":"publish","type":"post","link":"https:\/\/www.europesays.com\/es\/126292\/","title":{"rendered":"Un acad\u00e9mico chino le canta las 40 a un militar israel\u00ed por Gaza y las im\u00e1genes dan la vuelta al mundo"},"content":{"rendered":"<p>Est\u00e1 dando la vuelta al mundo un v\u00eddeo donde un profesor llamado\u00a0Yan Xuetong,\u00a0decano honorario del Instituto de Relaciones Internacionales de la Universidad de Tsinghua, <b>le canta las cuarenta a un oficial israel\u00ed durante el Foro de Xiangshan<\/b>. En X, los v\u00eddeos cuentan con millones de reproducciones.\u00a0<\/p>\n<p><b>\u00abNadie cree vuestra propaganda, solo unos pocos israel\u00edes\u00bb,<\/b> le dijo ante las c\u00e1maras en un v\u00eddeo que no deja de verse a\u00a0Elad Shoshan, que dijo que\u00a0la guerra en Gaza terminar\u00eda con la liberaci\u00f3n de los rehenes.<\/p>\n<p>Shoshan dijo que no cabe tratar la cuesti\u00f3n de Gaza en la ONU porque Ham\u00e1s es una organizaci\u00f3n terrorista. El Ej\u00e9rcito deber\u00eda disparar a los terroristas, no a los ni\u00f1os, no a las mujeres. Cuando dispar\u00e1is a mujeres y ni\u00f1os perd\u00e9is la legitimidad\u00bb, le coment\u00f3 el profesor,\u00a0que plante\u00f3 que Israel act\u00faa como la polic\u00eda que para detener a los atracadores de un banco mata a clientes y a trabajadores de la sucursal.<\/p>\n<p>El militar le coment\u00f3 que hacen \u00abtodo lo posible para no matar a los ciudadanos\u00bb y el profesor le respondi\u00f3:<b> \u00abHab\u00e9is matado a m\u00e1s de 70.000 civiles\u00bb.\u00a0<\/b><\/p>\n<p>\u00abVosotros no decid\u00eds los hechos, es la comunidad internacional. Vuestro gobierno ya no tiene legitimidad para decir cu\u00e1les son los hechos\u00bb, a\u00f1adi\u00f3 cuando\u00a0Shoshan neg\u00f3 en su cara las cifras.\u00a0<\/p>\n<p>El mitar quiso saber despu\u00e9s c\u00f3mo\u00a0se debe tratar con los terroristas, a lo que\u00a0Yan Xuetong respondi\u00f3: \u00abMi soluci\u00f3n es que vay\u00e1is a la ONU, trabaj\u00e9is con la ONU y acept\u00e9is la soluci\u00f3n de los dos Estados. As\u00ed podr\u00e9is trabajar con los palestinos contra los terroristas. Si no lo hac\u00e9is, nunca podr\u00e9is ganar la guerra a los terroristas\u00bb.\u00a0<\/p>\n<p>Todo esto tuvo lugar en el\u00a0Foro de Xiangshan, en Pek\u00edn, donde hay\u00a0delegaciones militares y de seguridad de m\u00e1s de un centenar de pa\u00edses. El lema de la convenci\u00f3n es\u00a0Mantener el orden internacional y promover el desarrollo pac\u00edfico.\u00a0<\/p>\n","protected":false},"excerpt":{"rendered":"Est\u00e1 dando la vuelta al mundo un v\u00eddeo donde un profesor llamado\u00a0Yan Xuetong,\u00a0decano honorario del Instituto de Relaciones&hellip;\n","protected":false},"author":2,"featured_media":126293,"comment_status":"","ping_status":"","sticky":false,"template":"","format":"standard","meta":{"footnotes":""},"categories":[42],"tags":[11499,41036,17,18,36328,15299,13,14,11,61,62,63,64,19,20,3294,9,10,15,16,12,21,22,65,66,67],"class_list":{"0":"post-126292","1":"post","2":"type-post","3":"status-publish","4":"format-standard","5":"has-post-thumbnail","7":"category-internacional","8":"tag-11499","9":"tag-academico","10":"tag-breaking-news","11":"tag-breakingnews","12":"tag-canta","13":"tag-chino","14":"tag-featured-news","15":"tag-featurednews","16":"tag-headlines","17":"tag-internacional","18":"tag-international","19":"tag-international-news","20":"tag-internationalnews","21":"tag-latest-news","22":"tag-latestnews","23":"tag-le","24":"tag-news","25":"tag-noticias","26":"tag-noticias-destacadas","27":"tag-noticiasdestacadas","28":"tag-titulares","29":"tag-ultimas-noticias","30":"tag-ultimasnoticias","31":"tag-world","32":"tag-world-news","33":"tag-worldnews"},"share_on_mastodon":{"url":"","error":""},"_links":{"self":[{"href":"https:\/\/www.europesays.com\/es\/wp-json\/wp\/v2\/posts\/126292","targetHints":{"allow":["GET"]}}],"collection":[{"href":"https:\/\/www.europesays.com\/es\/wp-json\/wp\/v2\/posts"}],"about":[{"href":"https:\/\/www.europesays.com\/es\/wp-json\/wp\/v2\/types\/post"}],"author":[{"embeddable":true,"href":"https:\/\/www.europesays.com\/es\/wp-json\/wp\/v2\/users\/2"}],"replies":[{"embeddable":true,"href":"https:\/\/www.europesays.com\/es\/wp-json\/wp\/v2\/comments?post=126292"}],"version-history":[{"count":0,"href":"https:\/\/www.europesays.com\/es\/wp-json\/wp\/v2\/posts\/126292\/revisions"}],"wp:featuredmedia":[{"embeddable":true,"href":"https:\/\/www.europesays.com\/es\/wp-json\/wp\/v2\/media\/126293"}],"wp:attachment":[{"href":"https:\/\/www.europesays.com\/es\/wp-json\/wp\/v2\/media?parent=126292"}],"wp:term":[{"taxonomy":"category","embeddable":true,"href":"https:\/\/www.europesays.com\/es\/wp-json\/wp\/v2\/categories?post=126292"},{"taxonomy":"post_tag","embeddable":true,"href":"https:\/\/www.europesays.com\/es\/wp-json\/wp\/v2\/tags?post=126292"}],"curies":[{"name":"wp","href":"https:\/\/api.w.org\/{rel}","templated":true}]}}