{"id":126298,"date":"2025-09-19T23:51:10","date_gmt":"2025-09-19T23:51:10","guid":{"rendered":"https:\/\/www.europesays.com\/es\/126298\/"},"modified":"2025-09-19T23:51:10","modified_gmt":"2025-09-19T23:51:10","slug":"perera-urena-y-luque-salen-a-hombros-en-la-corrida-del-1-200-aniversario-de-murcia","status":"publish","type":"post","link":"https:\/\/www.europesays.com\/es\/126298\/","title":{"rendered":"Perera, Ure\u00f1a y Luque salen a hombros en la corrida del 1.200 aniversario de Murcia"},"content":{"rendered":"<p data-gtm-element-container=\"modulo-texto-link\" class=\"paragraph\">Murcia, 19 sep (EFE).- Los diestros Miguel \u00c1ngel Perera, Paco Ure\u00f1a y Daniel Luque han salido esta tarde a hombros en la corrida conmemorativa del 1.200 aniversario de la fundaci\u00f3n de la ciudad de Murcia, en la que se han repartido un total de nueve orejas.<\/p>\n<p data-gtm-element-container=\"modulo-texto-link\" class=\"paragraph\">Se han lidiado seis toros de la ganader\u00eda de El Parralejo, correctos de presentaci\u00f3n, bravos, nobles y colaboradores; el mejor, el sexto, premiado con la vuelta al ruedo.<\/p>\n<p data-gtm-element-container=\"modulo-texto-link\" class=\"paragraph\">La plaza de la Condomina ha registrado menos de media entrada, en tarde de temperatura agradable.<\/p>\n<p data-gtm-element-container=\"modulo-texto-link\" class=\"paragraph\">Perera, ovaci\u00f3n con saludos y dos orejas.<\/p>\n<p data-gtm-element-container=\"modulo-texto-link\" class=\"paragraph\">Ure\u00f1a, dos orejas en ambos.<\/p>\n<p data-gtm-element-container=\"modulo-texto-link\" class=\"paragraph\">Luque, oreja y dos orejas.<\/p>\n<p data-gtm-element-container=\"modulo-texto-link\" class=\"paragraph\">La faena de Perera a su primero ha quedado a medio gas al acusar el toro su falta de fuerzas, pero el diestro se ha desquitado en el cuarto en una lidia de mucha entrega y verdad y en la que ha alternado tandas por uno y otro pit\u00f3n que han salido limpias y templadas.<\/p>\n<p data-gtm-element-container=\"modulo-texto-link\" class=\"paragraph\">Ure\u00f1a ha estado en saz\u00f3n ante sus dos oponentes, ante los que se ha pegado el arrim\u00f3n en sendas faenas en las que ha habido toreo del bueno y mucho valor en la ejecuci\u00f3n de muletazos largos y templados y naturales, y que ha rematado con dos grandes estocadas.<\/p>\n<p data-gtm-element-container=\"modulo-texto-link\" class=\"paragraph\">Lo mejor de Luque ha estado en el que ha cerrado plaza, del que ha sabido aprovechar su bravura y nobleza a base de muletazos y naturales, con cambios de mano y adornos de gran belleza, en una faena de sentimiento y de gran transmisi\u00f3n a los tendidos. EFE<\/p>\n<p data-gtm-element-container=\"modulo-texto-link\" class=\"paragraph\">1010611<\/p>\n<p data-gtm-element-container=\"modulo-texto-link\" class=\"paragraph\">dv\/fp<\/p>\n","protected":false},"excerpt":{"rendered":"Murcia, 19 sep (EFE).- Los diestros Miguel \u00c1ngel Perera, Paco Ure\u00f1a y Daniel Luque han salido esta tarde&hellip;\n","protected":false},"author":2,"featured_media":85777,"comment_status":"","ping_status":"","sticky":false,"template":"","format":"standard","meta":{"footnotes":""},"categories":[277],"tags":[373,168,25,24,23,167,374],"class_list":{"0":"post-126298","1":"post","2":"type-post","3":"status-publish","4":"format-standard","5":"has-post-thumbnail","7":"category-toreo","8":"tag-bullfighting","9":"tag-deportes","10":"tag-es","11":"tag-espana","12":"tag-spain","13":"tag-sports","14":"tag-toreo"},"share_on_mastodon":{"url":"","error":""},"_links":{"self":[{"href":"https:\/\/www.europesays.com\/es\/wp-json\/wp\/v2\/posts\/126298","targetHints":{"allow":["GET"]}}],"collection":[{"href":"https:\/\/www.europesays.com\/es\/wp-json\/wp\/v2\/posts"}],"about":[{"href":"https:\/\/www.europesays.com\/es\/wp-json\/wp\/v2\/types\/post"}],"author":[{"embeddable":true,"href":"https:\/\/www.europesays.com\/es\/wp-json\/wp\/v2\/users\/2"}],"replies":[{"embeddable":true,"href":"https:\/\/www.europesays.com\/es\/wp-json\/wp\/v2\/comments?post=126298"}],"version-history":[{"count":0,"href":"https:\/\/www.europesays.com\/es\/wp-json\/wp\/v2\/posts\/126298\/revisions"}],"wp:featuredmedia":[{"embeddable":true,"href":"https:\/\/www.europesays.com\/es\/wp-json\/wp\/v2\/media\/85777"}],"wp:attachment":[{"href":"https:\/\/www.europesays.com\/es\/wp-json\/wp\/v2\/media?parent=126298"}],"wp:term":[{"taxonomy":"category","embeddable":true,"href":"https:\/\/www.europesays.com\/es\/wp-json\/wp\/v2\/categories?post=126298"},{"taxonomy":"post_tag","embeddable":true,"href":"https:\/\/www.europesays.com\/es\/wp-json\/wp\/v2\/tags?post=126298"}],"curies":[{"name":"wp","href":"https:\/\/api.w.org\/{rel}","templated":true}]}}