{"id":126305,"date":"2025-09-19T23:58:10","date_gmt":"2025-09-19T23:58:10","guid":{"rendered":"https:\/\/www.europesays.com\/es\/126305\/"},"modified":"2025-09-19T23:58:10","modified_gmt":"2025-09-19T23:58:10","slug":"golea-enamora-y-saluda-al-liderato","status":"publish","type":"post","link":"https:\/\/www.europesays.com\/es\/126305\/","title":{"rendered":"golea, enamora y saluda al liderato"},"content":{"rendered":"<p data-mrf-recirculation=\"Links P\u00e1rrafos\" class=\"ue-c-article__paragraph paragraph ue-c-article--first-letter-highlighted\">El Deportivo gole\u00f3 sin miramientos a un Huesca que llegaba con una din\u00e1mica muy buena pero que nunca le cogi\u00f3 el ritmo al partido y fue superado de principio a fin. <strong>Tres goles en la primera mitad sentenciaron un partido sin historia en el segundo acto.<\/strong> Carrillo en propia puerta y un doblete de Mella sirvieron para que los de Hidalgo se fuesen al descanso con una ventaja muy c\u00f3moda. En la segunda completar\u00eda la goleada Eddahchouri y\u00a0<strong>con su tercera victoria seguida se sit\u00faa en lo m\u00e1s alto de la clasificaci\u00f3n de manera provisional.<\/strong> Incluso empieza a recordar a aquel S\u00faper-D\u00e9por, mientras los altoaragoneses sufren su segunda derrota seguida a domicilio.<\/p>\n<p><img decoding=\"async\" src=\"https:\/\/www.europesays.com\/es\/wp-content\/uploads\/2025\/09\/68cdb753c80ee.jpeg\" class=\"ue-c-article__image\" alt=\"\"\/><\/p>\n<p>Mella saluda con este curioso gesto para celebrar uno de sus dos golesLALIGA<\/p>\n<p data-mrf-recirculation=\"Links P\u00e1rrafos\" class=\"ue-c-article__paragraph paragraph\">El partido comenz\u00f3 con un Deportivo dominador y con poquita cosa se puso por delante en el marcador. <strong>Gran jugada de Mulattieri que centr\u00f3 y Carrillo despej\u00f3 con la mala suerte de que la pelota se col\u00f3 en su porter\u00eda&#8230; con Yeremay ya dispuesto a empujar a gol.<\/strong> El equipo de Sergi Guill\u00f3 estaba a merced de los gallegos.<\/p>\n<p data-mrf-recirculation=\"Links P\u00e1rrafos\" class=\"ue-c-article__paragraph paragraph\">En el primer cuarto de hora s\u00f3lo hubo un chut a porter\u00eda m\u00e1s y fue de <strong>Mulattieri<\/strong>. Mucho juego en el centro del campo con apenas llegadas al \u00e1rea. Muy t\u00e1ctico se presentaba el choque con dos t\u00e9cnicos que se conocen muy bien y un Huesca que se fue asentando, pero sin generar mucho peligro. Y encima, en la recta final del primer tiempo, estuvo &#8216;blandito&#8217; en defensa y permiti\u00f3 que tras un bal\u00f3n en largo\u00a0<strong>Mella<\/strong>\u00a0<strong>superara por alto a Dani Jim\u00e9nez tras una mala cesi\u00f3n de cabeza de Sergio Arribas\u00a0<\/strong>que hab\u00eda dejado pasar el bal\u00f3n. El conjunto gallego con poco se encontr\u00f3 una ventaja c\u00f3moda. Un chut, dos tres goles.<\/p>\n<p><img decoding=\"async\" src=\"https:\/\/www.europesays.com\/es\/wp-content\/uploads\/2025\/09\/68cdb77ce604a.jpeg\" class=\"ue-c-article__image\" alt=\"\"\/><\/p>\n<p>Mella, en el momento de marcar su segundo gol, tercero del D\u00e9porLALIGA<\/p>\n<p data-mrf-recirculation=\"Links P\u00e1rrafos\" class=\"ue-c-article__paragraph paragraph\">El Huesca no ten\u00eda su d\u00eda en el plano ofensivo. En el primer acto s\u00f3lo tuvo un buen remate de <strong>Kortajarena <\/strong>que se fue muy cerca del palo de <strong>Germ\u00e1n Parre\u00f1o<\/strong>. Pero tampoco mostraba su mejor versi\u00f3n en defensa. Unos centrales muy blandos que permit\u00edan segundas jugadas. Y as\u00ed, en el a\u00f1adido de la primera parte, llegar\u00eda <strong>el doblete de Mella, tras un buen pase entre l\u00edneas de Luismi Cruz.<\/strong><\/p>\n<p><img decoding=\"async\" src=\"https:\/\/www.europesays.com\/es\/wp-content\/uploads\/2025\/09\/68cdc184a82df.jpeg\" class=\"ue-c-article__image\" alt=\"\"\/><\/p>\n<p>Yeremay, en un lance del partido de RiazorLALIGA<\/p>\n<p data-mrf-recirculation=\"Links P\u00e1rrafos\" class=\"ue-c-article__paragraph paragraph\">Tras el paso por vestuarios y con tres cambios de golpe, el Huesca intent\u00f3 minimizar da\u00f1os y logr\u00f3 dominar el partido en el inicio. Pero el D\u00e9por tiene fondo de armario y una plantilla dise\u00f1ada para grandes objetivos. As\u00ed, tras los intentos de\u00a0<strong>Luismi Cruz<\/strong> por marcar el cuarto, de\u00a0<strong>Liberto <\/strong>desperdiciando una contra azulgrana que pod\u00eda haber metido a su equipo en el partido y dos acciones de\u00a0<strong>Yeremay,\u00a0<\/strong>finalmente <strong>Zakaria Eddahchouri anotar\u00eda su cuarto gol en dos partidos y el cuarto de la noche<\/strong>. Disparo de <strong>Stoichkov <\/strong>desviado tras combinaci\u00f3n con <strong>Yeremay <\/strong>que el \u20189\u2019, muy atento, aprovech\u00f3 con poco \u00e1ngulo para chutar a gol. Este Deportivo va en serio y quiere luchar por el ascenso.<\/p>\n","protected":false},"excerpt":{"rendered":"El Deportivo gole\u00f3 sin miramientos a un Huesca que llegaba con una din\u00e1mica muy buena pero que nunca&hellip;\n","protected":false},"author":2,"featured_media":126306,"comment_status":"","ping_status":"","sticky":false,"template":"","format":"standard","meta":{"footnotes":""},"categories":[268],"tags":[168,25,24,280,282,281,23,167],"class_list":{"0":"post-126305","1":"post","2":"type-post","3":"status-publish","4":"format-standard","5":"has-post-thumbnail","7":"category-futbol","8":"tag-deportes","9":"tag-es","10":"tag-espana","11":"tag-football","12":"tag-futbol","13":"tag-soccer","14":"tag-spain","15":"tag-sports"},"share_on_mastodon":{"url":"","error":""},"_links":{"self":[{"href":"https:\/\/www.europesays.com\/es\/wp-json\/wp\/v2\/posts\/126305","targetHints":{"allow":["GET"]}}],"collection":[{"href":"https:\/\/www.europesays.com\/es\/wp-json\/wp\/v2\/posts"}],"about":[{"href":"https:\/\/www.europesays.com\/es\/wp-json\/wp\/v2\/types\/post"}],"author":[{"embeddable":true,"href":"https:\/\/www.europesays.com\/es\/wp-json\/wp\/v2\/users\/2"}],"replies":[{"embeddable":true,"href":"https:\/\/www.europesays.com\/es\/wp-json\/wp\/v2\/comments?post=126305"}],"version-history":[{"count":0,"href":"https:\/\/www.europesays.com\/es\/wp-json\/wp\/v2\/posts\/126305\/revisions"}],"wp:featuredmedia":[{"embeddable":true,"href":"https:\/\/www.europesays.com\/es\/wp-json\/wp\/v2\/media\/126306"}],"wp:attachment":[{"href":"https:\/\/www.europesays.com\/es\/wp-json\/wp\/v2\/media?parent=126305"}],"wp:term":[{"taxonomy":"category","embeddable":true,"href":"https:\/\/www.europesays.com\/es\/wp-json\/wp\/v2\/categories?post=126305"},{"taxonomy":"post_tag","embeddable":true,"href":"https:\/\/www.europesays.com\/es\/wp-json\/wp\/v2\/tags?post=126305"}],"curies":[{"name":"wp","href":"https:\/\/api.w.org\/{rel}","templated":true}]}}