{"id":126309,"date":"2025-09-20T00:02:08","date_gmt":"2025-09-20T00:02:08","guid":{"rendered":"https:\/\/www.europesays.com\/es\/126309\/"},"modified":"2025-09-20T00:02:08","modified_gmt":"2025-09-20T00:02:08","slug":"el-flamenco-de-linabel-cautiva-a-malu-y-mika-en-la-voz-2025","status":"publish","type":"post","link":"https:\/\/www.europesays.com\/es\/126309\/","title":{"rendered":"El flamenco de Linabel cautiva a Mal\u00fa y Mika en La Voz 2025"},"content":{"rendered":"<p>La noche de <b>La Voz <\/b>nos regal\u00f3 uno de sus momentos m\u00e1s especiales con la llegada de <b>Linabel<\/b>, una artista apasionada por la m\u00fasica desde ni\u00f1a que decidi\u00f3 apostar por el flamenco en su <b>Audici\u00f3n a ciegas<\/b>. Sobre el escenario interpret\u00f3 \u2018<b>Romance del amargo<\/b>\u2019 de <b>Camar\u00f3n de la Isla<\/b>, acompa\u00f1ada de un viol\u00edn, en una actuaci\u00f3n cargada de sentimiento y fuerza.<\/p>\n<p>La potencia de su voz flamenca no dej\u00f3 indiferentes a los coaches. <b>Mal\u00fa<\/b> y <b>Mika<\/b> fueron los primeros en pulsar el bot\u00f3n, qued\u00e1ndose cautivados con su arte. \u201cMe he quedado con tantas ganas de escucharla, como de seguir\u201d, reconoci\u00f3 la coach, mientras se mostr\u00f3 profundamente emocionada: \u201cEs algo tan nuestro&#8230; nuestro dolor, nuestro quejido, nuestra forma de contarlo\u201d.<\/p>\n<p>Ambos lucharon con palabras llenas de admiraci\u00f3n para convencer a Linabel. Mika no dud\u00f3 en elogiarla: \u201cT\u00fa eres excelente, haces una cosa maestral\u201d. Por su parte, Mal\u00fa pidi\u00f3 con pasi\u00f3n que la talent formara parte de su equipo.<\/p>\n<p>La decisi\u00f3n no fue f\u00e1cil para la talent, que dud\u00f3 entre ambos coaches. Fue entonces cuando <b>Sebasti\u00e1n Yatra<\/b> intervino con la pregunta clave: \u201c\u00bfQu\u00e9 te dice tu coraz\u00f3n?\u201d.<\/p>\n<p>La respuesta de la artista fue clara: decidi\u00f3 unirse al equipo de <b>Mal\u00fa<\/b>, protagonizando uno de los momentos m\u00e1s <b>emocionantes<\/b> de la noche.<\/p>\n<p>   <img decoding=\"async\" title=\"Talent de La Voz 2025\" alt=\"Talent de La Voz 2025\" width=\"480\" height=\"270\" src=\"https:\/\/www.europesays.com\/es\/wp-content\/uploads\/2025\/09\/talent-voz-2025_70.jpg\" loading=\"lazy\" class=\"lazy\"\/><\/p>\n","protected":false},"excerpt":{"rendered":"La noche de La Voz nos regal\u00f3 uno de sus momentos m\u00e1s especiales con la llegada de Linabel,&hellip;\n","protected":false},"author":2,"featured_media":126310,"comment_status":"","ping_status":"","sticky":false,"template":"","format":"standard","meta":{"footnotes":""},"categories":[171],"tags":[146,147,25,24,23,214],"class_list":{"0":"post-126309","1":"post","2":"type-post","3":"status-publish","4":"format-standard","5":"has-post-thumbnail","7":"category-tv","8":"tag-entertainment","9":"tag-entretenimiento","10":"tag-es","11":"tag-espana","12":"tag-spain","13":"tag-tv"},"share_on_mastodon":{"url":"","error":""},"_links":{"self":[{"href":"https:\/\/www.europesays.com\/es\/wp-json\/wp\/v2\/posts\/126309","targetHints":{"allow":["GET"]}}],"collection":[{"href":"https:\/\/www.europesays.com\/es\/wp-json\/wp\/v2\/posts"}],"about":[{"href":"https:\/\/www.europesays.com\/es\/wp-json\/wp\/v2\/types\/post"}],"author":[{"embeddable":true,"href":"https:\/\/www.europesays.com\/es\/wp-json\/wp\/v2\/users\/2"}],"replies":[{"embeddable":true,"href":"https:\/\/www.europesays.com\/es\/wp-json\/wp\/v2\/comments?post=126309"}],"version-history":[{"count":0,"href":"https:\/\/www.europesays.com\/es\/wp-json\/wp\/v2\/posts\/126309\/revisions"}],"wp:featuredmedia":[{"embeddable":true,"href":"https:\/\/www.europesays.com\/es\/wp-json\/wp\/v2\/media\/126310"}],"wp:attachment":[{"href":"https:\/\/www.europesays.com\/es\/wp-json\/wp\/v2\/media?parent=126309"}],"wp:term":[{"taxonomy":"category","embeddable":true,"href":"https:\/\/www.europesays.com\/es\/wp-json\/wp\/v2\/categories?post=126309"},{"taxonomy":"post_tag","embeddable":true,"href":"https:\/\/www.europesays.com\/es\/wp-json\/wp\/v2\/tags?post=126309"}],"curies":[{"name":"wp","href":"https:\/\/api.w.org\/{rel}","templated":true}]}}