{"id":126329,"date":"2025-09-20T00:17:12","date_gmt":"2025-09-20T00:17:12","guid":{"rendered":"https:\/\/www.europesays.com\/es\/126329\/"},"modified":"2025-09-20T00:17:12","modified_gmt":"2025-09-20T00:17:12","slug":"espana-debutara-el-20-de-noviembre-en-la-final-a-8-de-la-davis","status":"publish","type":"post","link":"https:\/\/www.europesays.com\/es\/126329\/","title":{"rendered":"Espa\u00f1a debutar\u00e1 el 20 de noviembre en la Final a 8 de la Davis"},"content":{"rendered":"<p class=\"\">La <a href=\"https:\/\/as.com\/noticias\/itf-federacion-internacional-tenis\/\" target=\"_self\" rel=\"nofollow noopener\" title=\"https:\/\/as.com\/noticias\/itf-federacion-internacional-tenis\/\">Federaci\u00f3n Internacional de Tenis (ITF)<\/a> ha anunciado el <b>calendario de la Final a 8 de la <\/b><a href=\"https:\/\/as.com\/tenis\/copa_davis\/\" target=\"_self\" rel=\"nofollow noopener\" title=\"https:\/\/as.com\/tenis\/copa_davis\/\"><b>Copa Davis 2025<\/b><\/a>, que se celebrar\u00e1 en el palacio de congresos Bolonia Fiere del 18 al 23 de noviembre.<\/p>\n<p class=\"\"><b>Espa\u00f1a y Argentina, ambos en la parte inferior del cuadro, debutar\u00e1n el jueves 20 de noviembre<\/b>. Espa\u00f1a lo har\u00e1 en la sesi\u00f3n matutina ante Chequia a partir de las 10 de la ma\u00f1ana. Mientras que Argentina se medir\u00e1 a Alemania en la sesi\u00f3n nocturna en horario de las cinco de la tarde.<\/p>\n<p><img decoding=\"async\" src=\"https:\/\/www.europesays.com\/es\/wp-content\/uploads\/2025\/09\/XL2VZ3NJDRDZXB5L7A7WK5X2X4.png\" alt=\"Espa\u00f1a debutar\u00e1 el 20 de noviembre en la Final a 8 de la Davis\" height=\"503\" width=\"894\"   loading=\"lazy\"\/>Calendario Final 8 de la Copa Davis 2025.ITF<\/p>\n<p class=\"\"><b>Francia y B\u00e9lgica disputar\u00e1n la primera eliminatoria<\/b> de la semana el martes 18 de noviembre, antes de que la anfitriona y vigente campeona del mundo, Italia, se enfrente a Austria en la otra eliminatoria, en la<b> mitad inferior del cuadro<\/b>, el mi\u00e9rcoles 19 de noviembre.<\/p>\n<p class=\"\">Las <b>semifinales se celebrar\u00e1n el viernes 21 y el s\u00e1bado 22 de noviembre<\/b>, antes de que los dos equipos victoriosos compitan por coronarse campeones del mundo de esta temporada en la <b>final de la Copa Davis 2025 el domingo 23 de noviembre.<\/b><\/p>\n<p><a title=\"Cuartos de final\" href=\"\" rel=\"\">Cuartos de final<\/a><\/p>\n<p>Martes 18 de noviembre (16:00): <strong>Francia vs B\u00e9lgica<\/strong><\/p>\n<p>Mi\u00e9rcoles 19 de noviembre (16:00): <strong>Italia vs Austria<\/strong><\/p>\n<p>Jueves 20 de noviembre (10:00): <strong>Espa\u00f1a vs Chequia<\/strong><\/p>\n<p>Jueves 20 de noviembre (no antes de las 17:00): <strong>Argentina vs Alemania<\/strong><\/p>\n<p><a title=\"Semifinales\" href=\"\" rel=\"\">Semifinales<\/a><\/p>\n<p>Viernes 21 de noviembre (16:00):<strong> Francia o B\u00e9lgica vs Italia o Austria<\/strong><\/p>\n<p>S\u00e1bado 22 de noviembre (12:00): <strong>Espa\u00f1a o Chequia vs Argentina o Alemania<\/strong><\/p>\n<p><a title=\"Final\" href=\"\" rel=\"\">Final<\/a><\/p>\n<p>Domingo 23 de noviembre (15:00): <strong>Ganador de la Semifinal 1 vs Ganador de la Semifinal 2<\/strong><\/p>\n<p>Noticias relacionadas<a href=\"https:\/\/as.com\/tenis\/copa_davis\/paolini-lidera-la-remontada-de-italia-que-tripite-final-n\/\" class=\"s_m_w\" title=\"Jasmine vence a Svitolina y despu\u00e9s en dobles con Errani para darle de nuevo el pase al partido por el t\u00edtulo a la vigente campeona, que espera rival: EE UU o Gran Breta\u00f1a.\" data-tb-link=\"\" rel=\"nofollow noopener\" target=\"_blank\"><img decoding=\"async\" src=\"https:\/\/www.europesays.com\/es\/wp-content\/uploads\/2025\/09\/1758327432_447_FUDQHOWMZJK5XPEKGWIGRFEX74.jpg\" alt=\"Paolini lidera la remontada de Italia, que \u2018tripite\u2019 final\" class=\"\" height=\"1\" width=\"1\"   loading=\"lazy\" data-tb-thumbnail=\"\"\/><\/a><a href=\"https:\/\/as.com\/tenis\/mas_tenis\/arantxa-sanchez-vicario-principal-reclamo-de-la-iii-copa-leyendas-de-albacete-n\/\" class=\"s_m_w\" title=\"Junto a la catalana, participar\u00e1n en el torneo junto a Tommy Robredo, Anabel Medina y David Ferrer \" data-tb-link=\"\" rel=\"nofollow noopener\" target=\"_blank\"><img decoding=\"async\" src=\"https:\/\/www.europesays.com\/es\/wp-content\/uploads\/2025\/09\/1758327432_70_TCC3DE4MUNBCHHZSIBMNIMFB7Q.jpg\" alt=\"Arantxa S\u00e1nchez Vicario, principal reclamo de la III Copa Leyendas de Albacete \" class=\"\" height=\"1\" width=\"1\"   loading=\"lazy\" data-tb-thumbnail=\"\"\/><\/a><\/p>\n<p class=\"\"><b>\u00a1Tus opiniones importan!<\/b> Comenta en los art\u00edculos y suscr\u00edbete gratis a nuestra <a href=\"https:\/\/asfan.as.com\/newsletters\/\" target=\"_blank\" rel=\"nofollow noopener\" title=\"https:\/\/asfan.as.com\/newsletters\/\">newsletter<\/a> y a las alertas informativas en la <a href=\"https:\/\/as.com\/aplicacion-de-as-n\/\" target=\"_blank\" rel=\"nofollow noopener\" title=\"https:\/\/as.com\/aplicacion-de-as-n\/\">App<\/a> o el canal de <a href=\"https:\/\/www.whatsapp.com\/channel\/0029VaAasdA7j6g745nz9M10\" target=\"_blank\" rel=\"nofollow noopener\" title=\"https:\/\/www.whatsapp.com\/channel\/0029VaAasdA7j6g745nz9M10\">WhatsApp<\/a>. <\/p>\n<p class=\"\">\u00bfBuscas licenciar contenido? Haz clic <a href=\"https:\/\/profesional.elpais.com\/soluciones-sindicacion?utm_medium=interno&amp;utm_source=crosslinking&amp;utm_campaign=sindicacion_as_pie_articulos\" target=\"_blank\" rel=\"nofollow noopener\" title=\"https:\/\/profesional.elpais.com\/soluciones-sindicacion?utm_medium=interno&amp;utm_source=crosslinking&amp;utm_campaign=sindicacion_as_pie_articulos\">aqu\u00ed<\/a><\/p>\n","protected":false},"excerpt":{"rendered":"La Federaci\u00f3n Internacional de Tenis (ITF) ha anunciado el calendario de la Final a 8 de la Copa&hellip;\n","protected":false},"author":2,"featured_media":126330,"comment_status":"","ping_status":"","sticky":false,"template":"","format":"standard","meta":{"footnotes":""},"categories":[274],"tags":[168,25,24,23,167,327,326],"class_list":{"0":"post-126329","1":"post","2":"type-post","3":"status-publish","4":"format-standard","5":"has-post-thumbnail","7":"category-tenis","8":"tag-deportes","9":"tag-es","10":"tag-espana","11":"tag-spain","12":"tag-sports","13":"tag-tenis","14":"tag-tennis"},"share_on_mastodon":{"url":"","error":""},"_links":{"self":[{"href":"https:\/\/www.europesays.com\/es\/wp-json\/wp\/v2\/posts\/126329","targetHints":{"allow":["GET"]}}],"collection":[{"href":"https:\/\/www.europesays.com\/es\/wp-json\/wp\/v2\/posts"}],"about":[{"href":"https:\/\/www.europesays.com\/es\/wp-json\/wp\/v2\/types\/post"}],"author":[{"embeddable":true,"href":"https:\/\/www.europesays.com\/es\/wp-json\/wp\/v2\/users\/2"}],"replies":[{"embeddable":true,"href":"https:\/\/www.europesays.com\/es\/wp-json\/wp\/v2\/comments?post=126329"}],"version-history":[{"count":0,"href":"https:\/\/www.europesays.com\/es\/wp-json\/wp\/v2\/posts\/126329\/revisions"}],"wp:featuredmedia":[{"embeddable":true,"href":"https:\/\/www.europesays.com\/es\/wp-json\/wp\/v2\/media\/126330"}],"wp:attachment":[{"href":"https:\/\/www.europesays.com\/es\/wp-json\/wp\/v2\/media?parent=126329"}],"wp:term":[{"taxonomy":"category","embeddable":true,"href":"https:\/\/www.europesays.com\/es\/wp-json\/wp\/v2\/categories?post=126329"},{"taxonomy":"post_tag","embeddable":true,"href":"https:\/\/www.europesays.com\/es\/wp-json\/wp\/v2\/tags?post=126329"}],"curies":[{"name":"wp","href":"https:\/\/api.w.org\/{rel}","templated":true}]}}