{"id":126335,"date":"2025-09-20T00:20:13","date_gmt":"2025-09-20T00:20:13","guid":{"rendered":"https:\/\/www.europesays.com\/es\/126335\/"},"modified":"2025-09-20T00:20:13","modified_gmt":"2025-09-20T00:20:13","slug":"super-agropal-palencia-rinde-tambien-el-nuevo-palacio-del-oviedo","status":"publish","type":"post","link":"https:\/\/www.europesays.com\/es\/126335\/","title":{"rendered":"S\u00faper Agropal Palencia rinde tambi\u00e9n el nuevo Palacio del Oviedo"},"content":{"rendered":"<p>            <a href=\"https:\/\/www.palenciaenlared.es\/wp-content\/uploads\/2025\/09\/WhatsApp-Image-2025-09-19-at-21.57.09-2.jpeg\" data-caption=\"Wintering fue el que sujet\u00f3 en algunas fases al equipo al partido con sus jugadas individuales. \/ Juli\u00e1n Rus\" rel=\"nofollow noopener\" target=\"_blank\"><img loading=\"lazy\" decoding=\"async\" width=\"696\" height=\"464\" class=\"entry-thumb td-modal-image\" src=\"https:\/\/www.europesays.com\/es\/wp-content\/uploads\/2025\/09\/WhatsApp-Image-2025-09-19-at-21.57.09-2-696x464.jpeg\"   alt=\"\" title=\"WhatsApp Image 2025-09-19 at 21.57.09 (2)\"\/><\/a>Wintering fue el que sujet\u00f3 en algunas fases al equipo al partido con sus jugadas individuales. \/ Juli\u00e1n Rus<br \/>\n            Los palentinos superaron a un Alimerka pele\u00f3n, que supo explotar las carencias palentinas pero al que se le acab\u00f3 la gasolina en el \u00faltimo cuarto (91-97)<\/p>\n<p>El Palencia baloncesto ha rendido el Palacio de los Deportes de Oviedo, como tantas veces hizo con el m\u00edtico Pumar\u00edn. De hecho, la victoria cosechada hoy por el S\u00faper Agropal Palencia es la primera que sufre el Oviedo desde que se traslad\u00f3 este verano a su nueva casa. Solo por eso, este partido de pretemporada ser\u00e1 recordado. Por lo deportivo, ligeras mejoras para los morados, como un mayor protagonismo de Ugochukwu, especialmente en la segunda parte. Aunque en el interior el S\u00faper Agropal sigue teniendo muchas v\u00edas de agua. No as\u00ed en el tiro exterior, donde asienta su fortaleza.\n<\/p>\n<p>Y casi sin dar minutos a un jugador que est\u00e1 llamado a ser vital en esta temporada: Vrankic, que apenas jug\u00f3, apenas anot\u00f3, se carg\u00f3 pronto de faltas y no estuvo a gusto en todo el partido\n<\/p>\n<p>Igualado se desarroll\u00f3 el primer cuarto, con los dos equipos apretando tanto en ataque como en defensa. Arranque de partido y en pretemporada, no pod\u00eda ser de otra forma. El Oviedo tratando de mantener la inviolabilidad de sus nueva cancha, el Palencia pretendiendo mejorar la imagen ofrecida el martes ante el Valladolid.\n<\/p>\n<p>En lo que respecta a Palencia, su inicio fue con un quinteto bajo, para contener al juego exterior de los ovetenses. Pero los locales tambi\u00e9n abrieron la lata del interior y Lezkano sac\u00f3 a Armus para tapar las alturas. Aunque mucho le queda al p\u00edvot palentino que se aleja demasiado de su zona de radar y luego le toca correr para defender a su par en la pintura.<br \/>\n<img loading=\"lazy\" decoding=\"async\" class=\"wp-image-165779 size-full\" src=\"https:\/\/www.europesays.com\/es\/wp-content\/uploads\/2025\/09\/WhatsApp-Image-2025-09-19-at-21.57.09-3.jpeg\" alt=\"\" width=\"1024\" height=\"683\"  \/>Armus tapando el bal\u00f3n a Daniil Shelist. \/ Juli\u00e1n Rus\n<\/p>\n<p>Tras una ventaja de 20-17 para los locales, los palentinos volvieron ha aprovechar su punto fuerte, el tiro exterior, para marcharse en el marcador.\n<\/p>\n<p>Con buenas defensa y jugadas personales, los morados, hoy de azul, con la camiseta suplente a\u00fan del a\u00f1o pasado, se pusieron 26-32. Y sin Vrankics, con tres faltas en 13 minutos jugados (\u00e9l muchos menos en cancha).\n<\/p>\n<p>Oviedo se puso las pilas. Colaps\u00f3 el ataque palentino y corr\u00eda para atacar el aro de los visitantes para llegar a ponerse 31-32.\n<\/p>\n<p>El tiempo que Jakovics estuvo en cancha le dio alas, con sus tiros exteriores, a los palentinos, secundado por Kunkel y Borg. En ataque, exterior, ninguna pega. En defensa, el Oviedo le encontraba las costuras a los palentinos. Tanto, que los ovetenses volvieron a empatar el choque e incluso por delante. Para rematar la remontada el ex morado Hermanson sac\u00f3 su fusil a pasear.\n<\/p>\n<p>Con m\u00e1s coraz\u00f3n que t\u00e1ctica, los palentinos se mantuvieron en el partido para llegar la descanso con un 48-50.\n<\/p>\n<p>Segunda parte.<\/p>\n<p>La reanudaci\u00f3n se cuaj\u00f3 sin mucha reacci\u00f3n por parte de los palentinos que defend\u00edan regulinchi y atacaba con mucha dificultad, perdiendo balones que le dieron ventaja a los locales (58-52), marcando adem\u00e1s los carbayones el ritmo del partido, lo que oblig\u00f3 a Natxo Lezkano a pedir tiempo muerto.\n<\/p>\n<p>Reacci\u00f3n de Kamba al triple, y asistencia para que Armus impusiera su altura y corpulencia. En defensa, todo igual. Facilidades por dentro para los del Alimerka que volv\u00eda a marcharse como un AVE por la variante de Pajares: 68-61. S\u00f3lo Wintering manten\u00eda el tipo para los palentinos. Pero de forma individual, nada de jugadas combinadas.\n<\/p>\n<p>Adem\u00e1s, ahora quien castigaba desde el triple era el Oviedo que jugada a jugada iba sacando renta. Momento para que Vrankics saliera a cancha. Pero fue Kunkel, en la jugada siguiente a recibir la bronca de Lezkano por una falta en ataque quien se desquit\u00f3. Triple. La siguiente, se volvi\u00f3 a venir arriba: otro triple: 73-69.\n<\/p>\n<p>La distancia se cerraba a solo 4 puntos. Tiempo del Oviedo a poco m\u00e1s de un minuto para el final del cuarto que acab\u00f3 con un 77-72, tras una jugada en la que el Oviedo le encontr\u00f3 (como si hiciera falta buscarla) la puerta de atr\u00e1s en la zona al Palencia.\n<\/p>\n<p>Con dos jugadas de tres puntos (2+1 de Ugochukwu, y triple de Kunkel), el Palencia se puso por delante. 77-78. Cazaba ahora m\u00e1s rebotes el Palencia adelante y atr\u00e1s. 77-81 con el siguiente triple de Borg. Y 77-83, con la canasta de Armus al poste. El 77-85 con Jakovics al contraataque tras robo. Inicio fulgurante del Palencia que parec\u00eda otro, tambi\u00e9n acompa\u00f1ado de un baj\u00f3n f\u00edsico de los locales que tuvieron que pedir tiempo muerto.\n<\/p>\n<p>Los dos tiros libres de Borg le dieron la m\u00e1xima al S\u00faper Agropal, con 10 puntos, enjugada por una mala decisi\u00f3n de Kamba al facilitar un 3+1 para el Oviedo. Aire, bocanada de mucho aire tomaron los del Principado, con otra puerta de atr\u00e1s para machacar a placer. Tiempo muerto de Lezkano con solo 4 de ventaja pasado el ecuador del cuarto final.\n<\/p>\n<p>Sali\u00f3 Wintering para hacer sus internadas y Ugochukwu plant\u00f3 dos tapones y anot\u00f3 un tiro libre para devolver ambos una buena renta a los morados.\n<\/p>\n<p>Pero atr\u00e1s volv\u00edan las dudas palentinas que facilitaron que los locales se acercaran. Acercamiento roto por la segunda t\u00e9cnica a Javi Rodr\u00edguez, entrenador del Alimerka Oviedo 88-93 con menos de 2,30 por jugar.\n<\/p>\n<p>Carg\u00f3 mejor el rebote final el Oviedo para haber podido apretar m\u00e1s el partido, pero su falta de acierto en el tiro exterior le dej\u00f3 franca la victoria al Palencia, la quinta en seis partidos de pretemporada y la primera en el nuevo Palacio de los Deportes de Oviedo.\n<\/p>\n<p>Entre los palentinos, el m\u00e1ximo anotador fue Kunkel, con 23 puntos.\n<\/p>\n<p><a class=\"gofollow\" data-track=\"MzU1MywyOSwxLDYw\" href=\"https:\/\/www.dr-derma.net\/\" target=\"_blank\" rel=\"nofollow noopener\"><img decoding=\"async\" src=\"https:\/\/www.europesays.com\/es\/wp-content\/uploads\/2025\/09\/Dra_Birgit_Derma_tel_300x400_SEP_25.gif\"\/><\/a><\/p>\n<p>\n-Publicidad-<\/p>\n","protected":false},"excerpt":{"rendered":"Wintering fue el que sujet\u00f3 en algunas fases al equipo al partido con sus jugadas individuales. \/ Juli\u00e1n&hellip;\n","protected":false},"author":2,"featured_media":126336,"comment_status":"","ping_status":"","sticky":false,"template":"","format":"standard","meta":{"footnotes":""},"categories":[269],"tags":[299,298,168,25,24,12591,23,167],"class_list":{"0":"post-126335","1":"post","2":"type-post","3":"status-publish","4":"format-standard","5":"has-post-thumbnail","7":"category-baloncesto","8":"tag-baloncesto","9":"tag-basketball","10":"tag-deportes","11":"tag-es","12":"tag-espana","13":"tag-palencia-baloncesto","14":"tag-spain","15":"tag-sports"},"share_on_mastodon":{"url":"","error":""},"_links":{"self":[{"href":"https:\/\/www.europesays.com\/es\/wp-json\/wp\/v2\/posts\/126335","targetHints":{"allow":["GET"]}}],"collection":[{"href":"https:\/\/www.europesays.com\/es\/wp-json\/wp\/v2\/posts"}],"about":[{"href":"https:\/\/www.europesays.com\/es\/wp-json\/wp\/v2\/types\/post"}],"author":[{"embeddable":true,"href":"https:\/\/www.europesays.com\/es\/wp-json\/wp\/v2\/users\/2"}],"replies":[{"embeddable":true,"href":"https:\/\/www.europesays.com\/es\/wp-json\/wp\/v2\/comments?post=126335"}],"version-history":[{"count":0,"href":"https:\/\/www.europesays.com\/es\/wp-json\/wp\/v2\/posts\/126335\/revisions"}],"wp:featuredmedia":[{"embeddable":true,"href":"https:\/\/www.europesays.com\/es\/wp-json\/wp\/v2\/media\/126336"}],"wp:attachment":[{"href":"https:\/\/www.europesays.com\/es\/wp-json\/wp\/v2\/media?parent=126335"}],"wp:term":[{"taxonomy":"category","embeddable":true,"href":"https:\/\/www.europesays.com\/es\/wp-json\/wp\/v2\/categories?post=126335"},{"taxonomy":"post_tag","embeddable":true,"href":"https:\/\/www.europesays.com\/es\/wp-json\/wp\/v2\/tags?post=126335"}],"curies":[{"name":"wp","href":"https:\/\/api.w.org\/{rel}","templated":true}]}}