{"id":126354,"date":"2025-09-20T00:34:06","date_gmt":"2025-09-20T00:34:06","guid":{"rendered":"https:\/\/www.europesays.com\/es\/126354\/"},"modified":"2025-09-20T00:34:06","modified_gmt":"2025-09-20T00:34:06","slug":"felipe-vi-y-letizia-completan-con-su-visita-al-valle-de-los-reyes-su-primer-viaje-a-egipto","status":"publish","type":"post","link":"https:\/\/www.europesays.com\/es\/126354\/","title":{"rendered":"Felipe VI y Letizia completan con su visita al Valle de los Reyes su primer viaje a Egipto"},"content":{"rendered":"<p> Adem\u00e1s de los mensajes sobre Gaza, la visita ha supuesto un respaldo al turismo egipcio y a la cooperaci\u00f3n en este \u00e1mbito<\/p>\n<p>   MADRID, 19 Sep. (EUROPA PRESS) &#8211; <\/p>\n<p>   Los Reyes Felipe VI y Letizia han completado este viernes en el Valle de los Reyes su primer viaje de Estado a Egipto, una visita que, adem\u00e1s de seguir afianzando la relaci\u00f3n bilateral, ha permitido al monarca enviar un claro mensaje respecto al conflicto en Gaza y tambi\u00e9n respaldar al sector tur\u00edstico del pa\u00eds, fundamental para su econom\u00eda y muy castigado por la situaci\u00f3n regional.<\/p>\n<p>   Tras una primera parte m\u00e1s pol\u00edtica e institucional en El Cairo, con encuentros con el presidente egipcio, Abdelfat\u00e1 al Sisi, y otros altos cargos del pa\u00eds, y la inauguraci\u00f3n de un foro econ\u00f3mico, la segunda etapa, en Luxor, ha tenido un car\u00e1cter m\u00e1s cultural.<\/p>\n<p>   Aqu\u00ed, los Reyes, acompa\u00f1ados por el ministro de Turismo y Antig\u00fcedades de Egipto, Sherif Fathi, inauguraron el jueves por la noche la iluminaci\u00f3n nocturna del Templo de Hatshepsut, obra de un consorcio de empresas espa\u00f1olas, en el marco de un gran proyecto para el acondicionamiento y mejora de los sitios arqueol\u00f3gicos en Luxor.<\/p>\n<p>   El proyecto est\u00e1 capitaneado por Tragsa e ISDEFE y ha permitido ampliar el horario de apertura de los templos de Luxor, facilitando las visitas nocturnas, adem\u00e1s de contribuir a mejorar la seguridad de estos emplazamientos tur\u00edsticos.<\/p>\n<p>   Ya este viernes, han continuado su agenda con una visita al Museo de Luxor, donde de la mano de los arque\u00f3logos espa\u00f1oles Myriam Seco y Jos\u00e9 Manuel Gal\u00e1n han podido observar algunas de las piezas arqueol\u00f3gicas halladas durante las excavaciones realizadas por misiones arqueol\u00f3gicas espa\u00f1olas.<\/p>\n<p>   Desde aqu\u00ed, Don Felipe y Do\u00f1a Letizia se han desplazado al Valle de los Reyes donde han visitado dos de las tumbas funerarias que forman parte del proyecto de acondicionamiento y mejora de sitios arqueol\u00f3gicos.<\/p>\n<p>   La primera de ellas ha sido la de Rams\u00e9s V y VI, situada justo detr\u00e1s de la de Tutankam\u00f3n, y cuyos escombros resultado de la excavaci\u00f3n sepultaron la entrada a la segunda de su saqueo durante siglos. La segunda ha sido la de Seti I, una de las m\u00e1s largas, profundas y bellamente decoradas del Valle de los Reyes.<\/p>\n<p>   Para terminar, Don Felipe y Do\u00f1a Letizia han visitado dos de las catorce misiones arqueol\u00f3gicas espa\u00f1olas que se llevan a cabo en Egipto, la mayor\u00eda de ellas en Luxor. La colaboraci\u00f3n en esta materia entre los dos gobiernos se remonta a 1966 y actualmente hay m\u00e1s de 2.000 personas trabajando en estas misiones.<\/p>\n<p>   Tanto anoche como esta ma\u00f1ana, se ha visto a ambos muy interesados en las explicaciones e incluso al Rey tomando varias fotos con su m\u00f3vil de los monumentos y las piezas arqueol\u00f3gicas que les han mostrado.<\/p>\n<p>   Ya antes de su visita a Luxor, los Reyes tuvieron ocasi\u00f3n el martes por la noche de visitar las pir\u00e1mides de Guiza junto al presidente egipcio y la primera dama, en cuya iluminaci\u00f3n tambi\u00e9n han participado empresas espa\u00f1olas.<\/p>\n<p>   Estas visitas ponen de manifiesto la cooperaci\u00f3n existente entre los dos pa\u00edses en el plano tur\u00edstico y cultural. De hecho, el Rey se refiri\u00f3 al proyecto de protecci\u00f3n de sitios arqueol\u00f3gicos y defendi\u00f3 que \u00abexisten claras oportunidades para impulsar proyectos conjuntos en \u00e1mbitos como la gesti\u00f3n del patrimonio, el turismo cultural y de salud\u00bb o \u00ablas infraestructuras tur\u00edsticas\u00bb.<\/p>\n<p>MENSAJE POL\u00cdTICO<\/p>\n<p>   En el plano pol\u00edtico, Felipe VI mencion\u00f3 tanto en su encuentro con espa\u00f1oles que viven en Egipto el martes como en el almuerzo organizado por Al Sisi el mi\u00e9rcoles, la situaci\u00f3n en Gaza. As\u00ed, sostuvo que la convivencia pac\u00edfica y la reconciliaci\u00f3n en Oriente Pr\u00f3ximo no deber\u00edan ser una \u00abutop\u00eda\u00bb sino algo realizable pese al \u00abbrutal ataque\u00bb de Ham\u00e1s contra Israel y la \u00abtotal devastaci\u00f3n de Gaza\u00bb que ha provocado la respuesta israel\u00ed.<\/p>\n<p>   Asimismo, defendi\u00f3 la necesidad de \u00abun Estado palestino viable\u00bb que pueda convivir en paz con Israel y del que forme parte Gaza, donde denunci\u00f3 \u00abel brutal sufrimiento\u00bb al que se enfrentan los palestinos, al tiempo que apel\u00f3 a \u00abno desfallecer en el empe\u00f1o\u00bb de lograr este objetivo.<\/p>\n","protected":false},"excerpt":{"rendered":"Adem\u00e1s de los mensajes sobre Gaza, la visita ha supuesto un respaldo al turismo egipcio y a la&hellip;\n","protected":false},"author":2,"featured_media":126355,"comment_status":"","ping_status":"","sticky":false,"template":"","format":"standard","meta":{"footnotes":""},"categories":[8],"tags":[17,18,25,24,13,14,11,19,20,9,10,15,16,23,12,21,22],"class_list":{"0":"post-126354","1":"post","2":"type-post","3":"status-publish","4":"format-standard","5":"has-post-thumbnail","7":"category-espana","8":"tag-breaking-news","9":"tag-breakingnews","10":"tag-es","11":"tag-espana","12":"tag-featured-news","13":"tag-featurednews","14":"tag-headlines","15":"tag-latest-news","16":"tag-latestnews","17":"tag-news","18":"tag-noticias","19":"tag-noticias-destacadas","20":"tag-noticiasdestacadas","21":"tag-spain","22":"tag-titulares","23":"tag-ultimas-noticias","24":"tag-ultimasnoticias"},"share_on_mastodon":{"url":"","error":""},"_links":{"self":[{"href":"https:\/\/www.europesays.com\/es\/wp-json\/wp\/v2\/posts\/126354","targetHints":{"allow":["GET"]}}],"collection":[{"href":"https:\/\/www.europesays.com\/es\/wp-json\/wp\/v2\/posts"}],"about":[{"href":"https:\/\/www.europesays.com\/es\/wp-json\/wp\/v2\/types\/post"}],"author":[{"embeddable":true,"href":"https:\/\/www.europesays.com\/es\/wp-json\/wp\/v2\/users\/2"}],"replies":[{"embeddable":true,"href":"https:\/\/www.europesays.com\/es\/wp-json\/wp\/v2\/comments?post=126354"}],"version-history":[{"count":0,"href":"https:\/\/www.europesays.com\/es\/wp-json\/wp\/v2\/posts\/126354\/revisions"}],"wp:featuredmedia":[{"embeddable":true,"href":"https:\/\/www.europesays.com\/es\/wp-json\/wp\/v2\/media\/126355"}],"wp:attachment":[{"href":"https:\/\/www.europesays.com\/es\/wp-json\/wp\/v2\/media?parent=126354"}],"wp:term":[{"taxonomy":"category","embeddable":true,"href":"https:\/\/www.europesays.com\/es\/wp-json\/wp\/v2\/categories?post=126354"},{"taxonomy":"post_tag","embeddable":true,"href":"https:\/\/www.europesays.com\/es\/wp-json\/wp\/v2\/tags?post=126354"}],"curies":[{"name":"wp","href":"https:\/\/api.w.org\/{rel}","templated":true}]}}