{"id":126389,"date":"2025-09-20T00:58:17","date_gmt":"2025-09-20T00:58:17","guid":{"rendered":"https:\/\/www.europesays.com\/es\/126389\/"},"modified":"2025-09-20T00:58:17","modified_gmt":"2025-09-20T00:58:17","slug":"estas-son-todas-las-novedades-de-la-noche-en-blanco-en-sevilla-2025","status":"publish","type":"post","link":"https:\/\/www.europesays.com\/es\/126389\/","title":{"rendered":"Estas son todas las novedades de la Noche en Blanco en Sevilla 2025"},"content":{"rendered":"<p><img decoding=\"async\" class=\"voc-author__img\" src=\"https:\/\/www.europesays.com\/es\/wp-content\/uploads\/2025\/07\/autor-6292-foto-1.jpeg\" alt=\"Qu\u00e9 Plan\"\/><\/p>\n<p>19\/09\/2025<br \/>\n<br \/><strong><br \/>\nActualizado a las 14:19h.<br \/>\n<\/strong><\/p>\n<p class=\"voc-p\" style=\"\">La agenda cultural de Sevilla tiene una cita destacada a principios de octubre. La ciudad se abre de par en par para acoger las numerosas propuestas culturales de la duod\u00e9cima edici\u00f3n de la <strong>Noche en Blanco<\/strong>, que este a\u00f1o se celebrar\u00e1 el viernes 3 de octubre con m\u00e1s de 160 actividades culturales abiertas al p\u00fablico y distribuidas por toda la ciudad.<\/p>\n<p class=\"voc-p\" style=\"\">El evento se consolida plenamente como una tradici\u00f3n cultural propia de la capital, con capacidad para reunir cada a\u00f1o a m\u00e1s de 100.000 asistentes, como ocurri\u00f3 en la pasada edici\u00f3n.<\/p>\n<p>\nNovedades\n<\/p>\n<p class=\"voc-p\" style=\"\">La programaci\u00f3n de este a\u00f1o trae atractivas novedades como las <strong>visitas a las cubiertas de la Catedral<\/strong>, recorridos multimedia por su interior y visitas guiadas a la Iglesia del Salvador. <\/p>\n<p class=\"voc-p\" style=\"\">La Autoridad Portuaria de Sevilla participar\u00e1 con<strong> recorridos teatralizados en el Museo del Puerto<\/strong>, mientras que la Factor\u00eda Cultural del Pol\u00edgono Sur acoger\u00e1 un concierto internacional de piano, reafirmando la vocaci\u00f3n de llevar la cultura a los barrios. <\/p>\n<p class=\"voc-p\" style=\"\">Asimismo, el <strong>Festival de \u00d3pera de Sevilla <\/strong>se suma con recitales en distintos rincones de la ciudad.<\/p>\n<p>\nEspacios cl\u00e1sicos\n<\/p>\n<p class=\"voc-p\" style=\"\">A estas nuevas aportaciones se unen espacios ya cl\u00e1sicos que no faltan en el evento, como el <strong>Museo de Bellas Artes<\/strong>, el<strong> Centro Andaluz de Arte Contempor\u00e1neo<\/strong>, el Instituto Andaluz del Patrimonio Hist\u00f3rico, el <strong>Acuario de Sevilla<\/strong>, el <strong>Pabell\u00f3n de la Navegaci\u00f3n, el Palacio Bucarelli<\/strong>, la Casa de la Provincia, el Palacio de los <strong>Marqueses de la Algaba<\/strong>, la Fundaci\u00f3n Tres Culturas del Mediterr\u00e1neo, el Conjunto Monumental de<strong> San Luis de los Franceses<\/strong> y la Fundaci\u00f3n Cajasol, que este a\u00f1o celebra el quinto centenario del edificio de la Real Audiencia de Sevilla.<\/p>\n<p class=\"voc-p\" style=\"\">La diversidad cultural y social se da cita con actividades para todos los p\u00fablicos: desde<strong> cuentacuentos y talleres infantiles <\/strong>hasta experiencias de memoria colectiva para los mayores, pasando por propuestas de artes digitales para j\u00f3venes, <strong>conciertos y visitas <\/strong>patrimoniales. <\/p>\n<p class=\"voc-p\" style=\"\">Otras propuestas incluyen <strong>conciertos en espacios singulares<\/strong>, espect\u00e1culos de <strong>danza contempor\u00e1nea <\/strong>en lugares hist\u00f3ricos, <strong>exposiciones temporales<\/strong> de arte emergente o rutas urbanas sobre la Sevilla literaria, cient\u00edfica o femenina.<\/p>\n<p class=\"voc-p\" style=\"\">De nuevo, se presenta una edici\u00f3n sin barreras, con colectivos vecinales y culturales poblando de actividades distintos barrios o actividades solidarias impulsadas por hermandades y asociaciones. La Noche en Blanco invita a explorar nuevos espacios, redescubrir los de siempre y compartir la pasi\u00f3n por la cultura en una cita que se ha convertido en una de las m\u00e1s esperadas del calendario andaluz.<\/p>\n<p>Reportar un error<\/p>\n","protected":false},"excerpt":{"rendered":"19\/09\/2025 Actualizado a las 14:19h. La agenda cultural de Sevilla tiene una cita destacada a principios de octubre.&hellip;\n","protected":false},"author":2,"featured_media":126390,"comment_status":"","ping_status":"","sticky":false,"template":"","format":"standard","meta":{"footnotes":""},"categories":[8],"tags":[7825,8135,17,18,25,24,13,14,11,19,20,9,193,10,15,16,23,12,21,22],"class_list":{"0":"post-126389","1":"post","2":"type-post","3":"status-publish","4":"format-standard","5":"has-post-thumbnail","7":"category-espana","8":"tag-actividades","9":"tag-blanco","10":"tag-breaking-news","11":"tag-breakingnews","12":"tag-es","13":"tag-espana","14":"tag-featured-news","15":"tag-featurednews","16":"tag-headlines","17":"tag-latest-news","18":"tag-latestnews","19":"tag-news","20":"tag-noche","21":"tag-noticias","22":"tag-noticias-destacadas","23":"tag-noticiasdestacadas","24":"tag-spain","25":"tag-titulares","26":"tag-ultimas-noticias","27":"tag-ultimasnoticias"},"share_on_mastodon":{"url":"","error":""},"_links":{"self":[{"href":"https:\/\/www.europesays.com\/es\/wp-json\/wp\/v2\/posts\/126389","targetHints":{"allow":["GET"]}}],"collection":[{"href":"https:\/\/www.europesays.com\/es\/wp-json\/wp\/v2\/posts"}],"about":[{"href":"https:\/\/www.europesays.com\/es\/wp-json\/wp\/v2\/types\/post"}],"author":[{"embeddable":true,"href":"https:\/\/www.europesays.com\/es\/wp-json\/wp\/v2\/users\/2"}],"replies":[{"embeddable":true,"href":"https:\/\/www.europesays.com\/es\/wp-json\/wp\/v2\/comments?post=126389"}],"version-history":[{"count":0,"href":"https:\/\/www.europesays.com\/es\/wp-json\/wp\/v2\/posts\/126389\/revisions"}],"wp:featuredmedia":[{"embeddable":true,"href":"https:\/\/www.europesays.com\/es\/wp-json\/wp\/v2\/media\/126390"}],"wp:attachment":[{"href":"https:\/\/www.europesays.com\/es\/wp-json\/wp\/v2\/media?parent=126389"}],"wp:term":[{"taxonomy":"category","embeddable":true,"href":"https:\/\/www.europesays.com\/es\/wp-json\/wp\/v2\/categories?post=126389"},{"taxonomy":"post_tag","embeddable":true,"href":"https:\/\/www.europesays.com\/es\/wp-json\/wp\/v2\/tags?post=126389"}],"curies":[{"name":"wp","href":"https:\/\/api.w.org\/{rel}","templated":true}]}}