{"id":126391,"date":"2025-09-20T00:59:11","date_gmt":"2025-09-20T00:59:11","guid":{"rendered":"https:\/\/www.europesays.com\/es\/126391\/"},"modified":"2025-09-20T00:59:11","modified_gmt":"2025-09-20T00:59:11","slug":"sorprendentes-declaraciones-de-agassi-sobre-alcaraz-es-la-combinacion-del-big-3-en-un-solo-jugador","status":"publish","type":"post","link":"https:\/\/www.europesays.com\/es\/126391\/","title":{"rendered":"Sorprendentes declaraciones de Agassi sobre Alcaraz: \u00abEs la combinaci\u00f3n del Big 3 en un solo jugador\u00bb"},"content":{"rendered":"<p><strong>Comienza una nueva edici\u00f3n de la<\/strong> <a href=\"https:\/\/www.espn.com.ar\/tenis\/nota\/_\/id\/15691751\/como-es-el-novedoso-formato-que-tendra-la-laver-cup-2025-san-francisco-europa-mundo-noah-agassi\" rel=\"nofollow noopener\" target=\"_blank\"><strong>Laver Cup<\/strong><\/a>, certamen que se disputar\u00e1 por octava vez desde su creaci\u00f3n en 2017. En esta ocasi\u00f3n, con cambio de capitanes: <strong>Andre Agassi <\/strong>liderar\u00e1 a <strong>Resto del Mundo<\/strong>, mientras que <strong>Europa <\/strong>estar\u00e1 bajo las \u00f3rdenes de <strong>Yannick Noah<\/strong>.<\/p>\n<p><img class=\" lazyload lazyload\" data-image-container=\".inline-photo\" height=\"320\" width=\"570\"\/>Agassi y una sorprendente declaraci\u00f3n sobre Alcaraz.\u00a0Getty Images.<\/p>\n<p>Agassi, ocho veces campe\u00f3n de Grand Slam y due\u00f1o de cada uno de los cuatro grandes, habl\u00f3 con la ATP en la antesala a su debut en este campeonato. Sin embargo, m\u00e1s all\u00e1 de esto, se deshizo de elogios para con <strong>Carlos Alcaraz (1\u00b0 del ranking mundial)<\/strong>, quien es la estrella de Europa: \u00abNo hay ning\u00fan lugar del mundo al que vaya en el que no sea el favorito del p\u00fablico. Y por razones obvias. <strong>Lo que ha aportado al juego es una mezcla de la \u00faltima generaci\u00f3n que tuvimos<\/strong>\u00ab.<\/p>\n<p>\u00abS\u00e9 que Djokovic sigue jugando, pero <strong>Carlos es como una combinaci\u00f3n de todo el Big 3 en uno<\/strong>, con la velocidad que puede imprimir a la pelota, la defensa que tiene como Novak y el tacto que tiene como Federer. Ver eso en una sola persona en una pista de tenis es extraordinario\u00bb, a\u00f1adi\u00f3.<\/p>\n<p>Relacionado<\/p>\n<ul>\n<li><a name=\"&amp;lpos=story:editorspicks:inline:1\" href=\"https:\/\/www.espn.com.ar\/tenis\/nota\/_\/id\/15691751\/como-es-el-novedoso-formato-que-tendra-la-laver-cup-2025-san-francisco-europa-mundo-noah-agassi\" class=\"img-link\" rel=\"nofollow noopener\" target=\"_blank\"><img loading=\"lazy\" decoding=\"async\" src=\"https:\/\/www.europesays.com\/es\/wp-content\/uploads\/2025\/09\/r1547655_1296x1296_1-1.jpg&#038;w=130&#038;h=130&#038;scale=crop&#038;location=center.jpeg\" width=\"65\" height=\"65\"\/><\/a><\/li>\n<li><a name=\"&amp;lpos=story:editorspicks:inline:2\" href=\"https:\/\/www.espn.com.ar\/tenis\/nota\/_\/id\/15696501\/la-laver-cup-2025-tuvo-su-noche-de-gala-en-san-francisco\" class=\"img-link\" rel=\"nofollow noopener\" target=\"_blank\"><img loading=\"lazy\" decoding=\"async\" src=\"https:\/\/www.europesays.com\/es\/wp-content\/uploads\/2025\/09\/r1547918_1296x1296_1-1.jpg&#038;w=130&#038;h=130&#038;scale=crop&#038;location=center.jpeg\" width=\"65\" height=\"65\"\/><\/a><\/li>\n<\/ul>\n<p>1 Relacionado<\/p>\n<p>Luego, como si fuera pooc, <strong>Patrick Rafter <\/strong>tambi\u00e9n se sum\u00f3 a los elogios: \u00ab<strong>Es uno de los jugadores m\u00e1s explosivos y din\u00e1micos que ha visto nunca este deporte.<\/strong> Le he visto jugar en directo varias veces, pero estar ah\u00ed abajo, en la pista, junto a \u00e9l, ser\u00e1 algo especial. Es capaz de generar potencia desde cualquier lugar y nadie m\u00e1s tiene esa capacidad. Probablemente, sea uno de los mejores tenistas en movimiento que hemos visto nunca en el tenis. Esa combinaci\u00f3n es bastante impresionante, adem\u00e1s de que domina todos los golpes\u00bb.<\/p>\n<p>El murciano, de apenas 22 a\u00f1os y ganador de seis Grand Slams, debutar\u00e1 en la<a href=\"https:\/\/www.espn.com.ar\/tenis\/nota\/_\/id\/15692617\/cuanto-dinero-ganan-los-tenistas-por-participar-de-la-laver-cup\" rel=\"nofollow noopener\" target=\"_blank\"> <strong>Laver <\/strong><\/a>este s\u00e1bado, 20 de septiembre, jugando dobles con Jakub Mensik y ante Taylor Fritz y Alex Michelsen.<\/p>\n","protected":false},"excerpt":{"rendered":"Comienza una nueva edici\u00f3n de la Laver Cup, certamen que se disputar\u00e1 por octava vez desde su creaci\u00f3n&hellip;\n","protected":false},"author":2,"featured_media":126392,"comment_status":"","ping_status":"","sticky":false,"template":"","format":"standard","meta":{"footnotes":""},"categories":[5],"tags":[17,18,25,24,13,14,11,19,20,9,10,15,16,23,12,21,22],"class_list":{"0":"post-126391","1":"post","2":"type-post","3":"status-publish","4":"format-standard","5":"has-post-thumbnail","7":"category-titulares","8":"tag-breaking-news","9":"tag-breakingnews","10":"tag-es","11":"tag-espana","12":"tag-featured-news","13":"tag-featurednews","14":"tag-headlines","15":"tag-latest-news","16":"tag-latestnews","17":"tag-news","18":"tag-noticias","19":"tag-noticias-destacadas","20":"tag-noticiasdestacadas","21":"tag-spain","22":"tag-titulares","23":"tag-ultimas-noticias","24":"tag-ultimasnoticias"},"share_on_mastodon":{"url":"","error":""},"_links":{"self":[{"href":"https:\/\/www.europesays.com\/es\/wp-json\/wp\/v2\/posts\/126391","targetHints":{"allow":["GET"]}}],"collection":[{"href":"https:\/\/www.europesays.com\/es\/wp-json\/wp\/v2\/posts"}],"about":[{"href":"https:\/\/www.europesays.com\/es\/wp-json\/wp\/v2\/types\/post"}],"author":[{"embeddable":true,"href":"https:\/\/www.europesays.com\/es\/wp-json\/wp\/v2\/users\/2"}],"replies":[{"embeddable":true,"href":"https:\/\/www.europesays.com\/es\/wp-json\/wp\/v2\/comments?post=126391"}],"version-history":[{"count":0,"href":"https:\/\/www.europesays.com\/es\/wp-json\/wp\/v2\/posts\/126391\/revisions"}],"wp:featuredmedia":[{"embeddable":true,"href":"https:\/\/www.europesays.com\/es\/wp-json\/wp\/v2\/media\/126392"}],"wp:attachment":[{"href":"https:\/\/www.europesays.com\/es\/wp-json\/wp\/v2\/media?parent=126391"}],"wp:term":[{"taxonomy":"category","embeddable":true,"href":"https:\/\/www.europesays.com\/es\/wp-json\/wp\/v2\/categories?post=126391"},{"taxonomy":"post_tag","embeddable":true,"href":"https:\/\/www.europesays.com\/es\/wp-json\/wp\/v2\/tags?post=126391"}],"curies":[{"name":"wp","href":"https:\/\/api.w.org\/{rel}","templated":true}]}}