{"id":126393,"date":"2025-09-20T01:01:14","date_gmt":"2025-09-20T01:01:14","guid":{"rendered":"https:\/\/www.europesays.com\/es\/126393\/"},"modified":"2025-09-20T01:01:14","modified_gmt":"2025-09-20T01:01:14","slug":"bone-et-oscense-triunfador-de-la-tarde-en-peralta-en-la-novillada-de-raso-de-portillo","status":"publish","type":"post","link":"https:\/\/www.europesays.com\/es\/126393\/","title":{"rendered":"Bon\u00e9 (ET Oscense), triunfador de la tarde en Peralta en la novillada de Raso de Portillo"},"content":{"rendered":"<p><strong>Ignacio Bon\u00e9<\/strong>, novillero de la Escuela Taurina Oscense, tuvo que solventar con raza torera su tarde en la plaza de toros de la localidad navarra de <strong>Peralta<\/strong>, en lo que fue su segunda novillada picada de su carrera. Sin duda, <strong>una tarde \u00abmuy dura\u00bb <\/strong>que a buen seguro recuerda durante toda su vida, y es que su primer novillo le arranc\u00f3 una u\u00f1a de la mano, con todo lo que supuso despu\u00e9s.<\/p>\n<p>Bon\u00e9 se med\u00eda a novillos de la siempre complicada y correosa ganader\u00eda de <strong>Raso de Portillo<\/strong>. El altoaragon\u00e9s, siempre firme,\u00a0fue el triunfador del festejo<strong> tras cortar la \u00fanica oreja de la tarde al sexto novillo<\/strong>.<\/p>\n<p>\u00abMi primer novillo embest\u00eda serio, movi\u00e9ndose y pegaba muchos cabezazos.<strong> A mitad de faena, cuando la gente estaba metida, en uno de los pases me arranc\u00f3 una u\u00f1a de un dedo de la mano derecha<\/strong>. Con el dolor intenso y la limitaci\u00f3n funcional era complicado.\u00a0<strong>Del\u00a0dolor del roce era insoportable, pude coger la espada y matar al novillo. <\/strong>Met\u00ed la mano y pensaba que iba a caer, pero los de Raso de Portillo son muy duros. Me hicieron salir a saludar\u00bb, comenta el joven.<\/p>\n<p>Antes de ponerse delante de su segundo animal, tuvieron que anestesiarle el dedo, <strong>\u00abalgo que fue muy doloroso por la sensibilidad que hay en esa zona\u00bb.<\/strong> Valiente y tirando de raza, sali\u00f3 a torear al sexto novillo, pero no pod\u00eda coger bien el capote. \u00abAdem\u00e1s, el sexto se paraba a mitad del muletazo\u00a0y s\u00f3lo tuvo medio viaje durante la faena de muleta. <strong>Por suerte, le met\u00ed bien la mano y con media estocada\u00a0cay\u00f3 al momento.<\/strong> La gente pidi\u00f3 la oreja y cort\u00e9 la \u00fanica oreja de toda la tarde\u00bb, finaliza. Pese a todo, fue <strong>una tarde \u00abmuy positiva que me va a ayudar a crecer mucho como torero\u00bb.<\/strong><\/p>\n","protected":false},"excerpt":{"rendered":"Ignacio Bon\u00e9, novillero de la Escuela Taurina Oscense, tuvo que solventar con raza torera su tarde en la&hellip;\n","protected":false},"author":2,"featured_media":126394,"comment_status":"","ping_status":"","sticky":false,"template":"","format":"standard","meta":{"footnotes":""},"categories":[277],"tags":[373,168,25,24,23,167,374],"class_list":{"0":"post-126393","1":"post","2":"type-post","3":"status-publish","4":"format-standard","5":"has-post-thumbnail","7":"category-toreo","8":"tag-bullfighting","9":"tag-deportes","10":"tag-es","11":"tag-espana","12":"tag-spain","13":"tag-sports","14":"tag-toreo"},"share_on_mastodon":{"url":"","error":""},"_links":{"self":[{"href":"https:\/\/www.europesays.com\/es\/wp-json\/wp\/v2\/posts\/126393","targetHints":{"allow":["GET"]}}],"collection":[{"href":"https:\/\/www.europesays.com\/es\/wp-json\/wp\/v2\/posts"}],"about":[{"href":"https:\/\/www.europesays.com\/es\/wp-json\/wp\/v2\/types\/post"}],"author":[{"embeddable":true,"href":"https:\/\/www.europesays.com\/es\/wp-json\/wp\/v2\/users\/2"}],"replies":[{"embeddable":true,"href":"https:\/\/www.europesays.com\/es\/wp-json\/wp\/v2\/comments?post=126393"}],"version-history":[{"count":0,"href":"https:\/\/www.europesays.com\/es\/wp-json\/wp\/v2\/posts\/126393\/revisions"}],"wp:featuredmedia":[{"embeddable":true,"href":"https:\/\/www.europesays.com\/es\/wp-json\/wp\/v2\/media\/126394"}],"wp:attachment":[{"href":"https:\/\/www.europesays.com\/es\/wp-json\/wp\/v2\/media?parent=126393"}],"wp:term":[{"taxonomy":"category","embeddable":true,"href":"https:\/\/www.europesays.com\/es\/wp-json\/wp\/v2\/categories?post=126393"},{"taxonomy":"post_tag","embeddable":true,"href":"https:\/\/www.europesays.com\/es\/wp-json\/wp\/v2\/tags?post=126393"}],"curies":[{"name":"wp","href":"https:\/\/api.w.org\/{rel}","templated":true}]}}