{"id":126395,"date":"2025-09-20T01:04:17","date_gmt":"2025-09-20T01:04:17","guid":{"rendered":"https:\/\/www.europesays.com\/es\/126395\/"},"modified":"2025-09-20T01:04:17","modified_gmt":"2025-09-20T01:04:17","slug":"lo-que-acaban-haciendo-es-jugar-individuales-en-la-pista-de-dobles","status":"publish","type":"post","link":"https:\/\/www.europesays.com\/es\/126395\/","title":{"rendered":"\u201cLo que acaban haciendo es jugar individuales en la pista de dobles\u201d"},"content":{"rendered":"<p data-mrf-recirculation=\"Links P\u00e1rrafos\" class=\"ue-c-article__paragraph paragraph ue-c-article--first-letter-highlighted\">La <strong>Laver Cup<\/strong> arranca este viernes en una edici\u00f3n, nuevamente, prometedora. Como siempre, <strong>Europa se enfrenta al Resto del Mundo en una competici\u00f3n que mezcla espect\u00e1culo, estrategia y un alto nivel competitivo<\/strong>. Este a\u00f1o, muchas de las miradas est\u00e1n puestas en la posible pareja de dobles entre dos pesos pesados del circuito: <strong>Carlos Alcaraz y Alexander Zverev.<\/strong><\/p>\n<p data-mrf-recirculation=\"Links P\u00e1rrafos\" class=\"ue-c-article__paragraph paragraph\">Ambos entrenaron juntos esta semana, <strong>dejando im\u00e1genes que han generado ruido en las redes sociales<\/strong>. En uno de los v\u00eddeos publicados por la organizaci\u00f3n, se vio a Tim Henman, ahora vicecapit\u00e1n del equipo europeo, observando con atenci\u00f3n los movimientos de la improvisada dupla. Su comentario, captado por micr\u00f3fonos cercanos, ha sido objeto de debate<strong>. \u201cLo que acaban haciendo es jugar individuales en una pista de dobles\u201d, dijo mientras charlaba con Yannick Noah, quien debuta como capit\u00e1n tras el retiro de Bj\u00f6rn Borg.<\/strong><\/p>\n<p><img decoding=\"async\" width=\"1980\" height=\"1320\" class=\"ue-c-article__image lazyload\" alt=\"Alcaraz en la Laver Cup de 2024\" loading=\"lazy\" src=\"https:\/\/www.europesays.com\/es\/wp-content\/uploads\/2025\/09\/68cc656a0c032.jpeg\"\/><\/p>\n<p>Alcaraz en la Laver Cup de 2024EFE<\/p>\n<p data-mrf-recirculation=\"Links P\u00e1rrafos\" class=\"ue-c-article__paragraph paragraph\">La observaci\u00f3n de Henman no es gratuita.<strong> Alcaraz y Zverev, aunque consolidados como dos de los jugadores m\u00e1s dominantes en individuales, rara vez participan en competiciones de dobles<\/strong>. El espa\u00f1ol, actual n\u00famero 2 del mundo, ha mostrado destellos de talento en esta modalidad, pero no es su terreno habitual. Zverev, por su parte, tambi\u00e9n ha coqueteado con el dobles, pero sin una trayectoria sostenida.<\/p>\n<p data-mrf-recirculation=\"Links P\u00e1rrafos\" class=\"ue-c-article__paragraph paragraph\">Durante el entrenamiento, se pudo ver a ambos interactuar con intensidad, buscando compenetrarse en la red y coordinar sus desplazamientos, aunque no sin dificultades. Y es ah\u00ed donde Henman clav\u00f3 su dardo. <strong>Ambos son dos grandes gladiadores del juego individual, pero a\u00fan est\u00e1n aprendiendo a compartir el espacio, la t\u00e1ctica y el ritmo que exige el dobles de alto nivel.<\/strong><\/p>\n<p data-mrf-recirculation=\"Links P\u00e1rrafos\" class=\"ue-c-article__paragraph paragraph\">Henman, con su comentario, quiz\u00e1 no buscaba criticar, sino m\u00e1s bien se\u00f1alar una realidad t\u00e1ctica. <strong>El dobles no es simplemente un uno contra uno duplicado.<\/strong> Exige sincron\u00eda, reflejos distintos, coberturas de pista m\u00e1s inteligentes y una qu\u00edmica que muchas veces supera al talento bruto. Jugar en paralelo no es lo mismo que jugar en t\u00e1ndem.<\/p>\n<p>La Laver Cup, un formato que exige adaptaci\u00f3n<\/p>\n<p data-mrf-recirculation=\"Links P\u00e1rrafos\" class=\"ue-c-article__paragraph paragraph\">La Laver Cup no es un torneo convencional. Requiere que las estrellas, acostumbradas a brillar por separado, se alineen como un solo equipo. <strong>A lo largo de tres d\u00edas, se disputan tres partidos de individuales y uno de dobles cada jornada. Las victorias del viernes valen un punto, las del s\u00e1bado dos, y las del domingo, tres. El primer equipo que sume 13 puntos se lleva el trofeo<\/strong>. Si hay empate a 12, todo se decide en un partido final de dobles.<\/p>\n<p><img decoding=\"async\" width=\"1024\" height=\"682\" class=\"ue-c-article__image lazyload\" alt=\"Casper Ruud y Alexander Zverev durante una pr\u00e1ctica en la Laver Cup. (AP Photo\/Jeff Chiu)\" loading=\"lazy\" src=\"https:\/\/www.europesays.com\/es\/wp-content\/uploads\/2025\/09\/68cc22058d650.jpeg\"\/><\/p>\n<p>Casper Ruud y Alexander Zverev durante una pr\u00e1ctica en la Laver Cup. (AP Photo\/Jeff Chiu)<\/p>\n<p data-mrf-recirculation=\"Links P\u00e1rrafos\" class=\"ue-c-article__paragraph paragraph\">La edici\u00f3n 2025 de la Laver Cup tambi\u00e9n marca el inicio de una nueva era en los banquillos.<strong> Yannick Noah y Andre Agassi toman el relevo de dos leyendas como Bj\u00f6rn Borg y John McEnroe<\/strong>. Noah, carism\u00e1tico y con experiencia en liderar equipos parece apostar por la energ\u00eda juvenil y la diversidad de estilos. Mientras tanto, Agassi, con su visi\u00f3n anal\u00edtica y enfoque psicol\u00f3gico, buscar\u00e1 exprimir al m\u00e1ximo el talento explosivo de su plantilla.<\/p>\n<p data-mrf-recirculation=\"Links P\u00e1rrafos\" class=\"ue-c-article__paragraph paragraph\">En ese sentido, la formaci\u00f3n de parejas de dobles ser\u00e1 clave.<strong> El Team World parece tener opciones m\u00e1s naturales<\/strong>, como la dupla de Taylor Fritz y Alex de Mi\u00f1aur, o incluso la inclusi\u00f3n de un gigante como Reilly Opelka para dominar en la red. En cambio, Team Europe tendr\u00e1 que decidir entre apostar por el potencial de sus estrellas o buscar combinaciones menos glamorosas pero m\u00e1s efectivas.<\/p>\n","protected":false},"excerpt":{"rendered":"La Laver Cup arranca este viernes en una edici\u00f3n, nuevamente, prometedora. Como siempre, Europa se enfrenta al Resto&hellip;\n","protected":false},"author":2,"featured_media":126396,"comment_status":"","ping_status":"","sticky":false,"template":"","format":"standard","meta":{"footnotes":""},"categories":[274],"tags":[168,25,24,23,167,327,326],"class_list":{"0":"post-126395","1":"post","2":"type-post","3":"status-publish","4":"format-standard","5":"has-post-thumbnail","7":"category-tenis","8":"tag-deportes","9":"tag-es","10":"tag-espana","11":"tag-spain","12":"tag-sports","13":"tag-tenis","14":"tag-tennis"},"share_on_mastodon":{"url":"","error":""},"_links":{"self":[{"href":"https:\/\/www.europesays.com\/es\/wp-json\/wp\/v2\/posts\/126395","targetHints":{"allow":["GET"]}}],"collection":[{"href":"https:\/\/www.europesays.com\/es\/wp-json\/wp\/v2\/posts"}],"about":[{"href":"https:\/\/www.europesays.com\/es\/wp-json\/wp\/v2\/types\/post"}],"author":[{"embeddable":true,"href":"https:\/\/www.europesays.com\/es\/wp-json\/wp\/v2\/users\/2"}],"replies":[{"embeddable":true,"href":"https:\/\/www.europesays.com\/es\/wp-json\/wp\/v2\/comments?post=126395"}],"version-history":[{"count":0,"href":"https:\/\/www.europesays.com\/es\/wp-json\/wp\/v2\/posts\/126395\/revisions"}],"wp:featuredmedia":[{"embeddable":true,"href":"https:\/\/www.europesays.com\/es\/wp-json\/wp\/v2\/media\/126396"}],"wp:attachment":[{"href":"https:\/\/www.europesays.com\/es\/wp-json\/wp\/v2\/media?parent=126395"}],"wp:term":[{"taxonomy":"category","embeddable":true,"href":"https:\/\/www.europesays.com\/es\/wp-json\/wp\/v2\/categories?post=126395"},{"taxonomy":"post_tag","embeddable":true,"href":"https:\/\/www.europesays.com\/es\/wp-json\/wp\/v2\/tags?post=126395"}],"curies":[{"name":"wp","href":"https:\/\/api.w.org\/{rel}","templated":true}]}}