{"id":126405,"date":"2025-09-20T01:09:05","date_gmt":"2025-09-20T01:09:05","guid":{"rendered":"https:\/\/www.europesays.com\/es\/126405\/"},"modified":"2025-09-20T01:09:05","modified_gmt":"2025-09-20T01:09:05","slug":"vestidos-negros-y-banderas-palestinas-un-glamour-solidario","status":"publish","type":"post","link":"https:\/\/www.europesays.com\/es\/126405\/","title":{"rendered":"Vestidos negros y banderas palestinas: un &#8216;glamour&#8217; solidario"},"content":{"rendered":"<p>Fue una alfombra roja distinta, entre el &#8216;glamour&#8217; de las estrellas y la solidaridad con Palestina. Una amplia manifestaci\u00f3n reuni\u00f3 anoche a cientos de personas  &#8230; ante el Kursaal y muchos de los invitados portaban pegatinas \u00abcontra el genocidio\u00bb. La actriz Mar\u00eda Isasi, hija de Marisa Peredes, cartel del Festival y homenajeada ayer, llevaba un vestido con los colores de la bandera palestina, y muchos de los invitados mostraron su apoyo a los manifestantes, como Najwa Nimri, \u00abque s\u00e9 de esto porque soy hija de jordano y de vasca\u00bb. Y el ministro \u00d3scar L\u00f3pez se mostraba \u00absatisfecho\u00bb de que la solidaridad con Gaza quedara patente.<\/p>\n<p class=\"v-p\">Porque hab\u00eda estrellas, pero casi m\u00e1s pol\u00edticos. Del Gobierno central, la vicepresidenta Yolanda D\u00edaz y el ministro de Cultura, Ernest Urtasun, adem\u00e1s de L\u00f3pez. Los vicelehendakaris Ibone Bengoetxea y Mikel Torres, la diputada general de Gipuzkoa Eider Mendoza, el alcalde de San Sebasti\u00e1n, Eneko Goia, la presidenta del Parlamento vasco, Bakartxo Tejeria, y la plana mayor de Bildu, con Pello Otxandiano, entre otros muchos.<\/p>\n<p class=\"v-p\">La premio Donostia, Esther Garc\u00eda, bien rodeada de los hermanos Almod\u00f3var y otros habituales de El Deseo, como el compositor donostiarra Alberto Iglesias. Juliette Binoche brillaba y el director del Festival, Jos\u00e9 Luis Rebordinos, resum\u00eda el esp\u00edritu de la noche, con pajarita pero pegatina solidaria a la vez.<\/p>\n<p><img decoding=\"async\" loading=\"lazy\" src=\"https:\/\/www.europesays.com\/es\/wp-content\/uploads\/2025\/09\/zinemaldi-alfombra (2)-kfAI--1200x841@El Correo.jpg\" class=\"v-mdl__img-z\" width=\"1200\" height=\"841\" alt=\"Imagen principal - Vestidos negros y banderas palestinas: un 'glamour' solidario\"\/><\/p>\n<p><img decoding=\"async\" loading=\"lazy\" src=\"https:\/\/www.europesays.com\/es\/wp-content\/uploads\/2025\/09\/zinemaldi-alfombra (3)-kfAI--1200x851@El Correo.jpg\" class=\"v-mdl__img-z\" width=\"1200\" height=\"851\" alt=\"Imagen secundaria 1 - Vestidos negros y banderas palestinas: un 'glamour' solidario\"\/><\/p>\n<p><img decoding=\"async\" loading=\"lazy\" src=\"https:\/\/www.europesays.com\/es\/wp-content\/uploads\/2025\/09\/zinemaldi-alfombra (4)-kfAI--711x841@El Correo.jpg\" class=\"v-mdl__img-z\" width=\"711\" height=\"841\" alt=\"Imagen secundaria 2 - Vestidos negros y banderas palestinas: un 'glamour' solidario\"\/><\/p>\n<p class=\"v-p\">Por ah\u00ed pasaron los jurados, con Juan Antonio Bayona a la cabeza; los habituales, como Cayetana Guill\u00e9n Cuervo \u00abcon joyas de mis amigos donostiarras de Munoa, como siempre\u00bb; los populares del cine espa\u00f1ol, como Paco Le\u00f3n y Miguel \u00c1ngel Silvestre; los talentos de casa, como la cantante Izaro (que cant\u00f3 en la gala), Ane Gabarain y Aia Kruse; modelos e &#8216;influencers&#8217; como Eugenia Silva y Dulceida; donostiarras con mando en plaza, como Cristina Garmendia, presidenta de Mediaset, y el director en punta, Oliver Laxe, feliz bajo su larga melena con la selecci\u00f3n de &#8216;Sirat&#8217; para el Oscar.<\/p>\n<p class=\"v-p\">Luego hubo glamour a\u00f1adido. La revista Vanity Fair y Armani organizan cada a\u00f1o una fiesta en Tabakalera con un escogido ramillete de invitados y esta vez coincidi\u00f3 con la inauguraci\u00f3n. La fiesta oficial del Festival fue en el museo de San Telmo.<\/p>\n<p>Juliette nos quiere<\/p>\n<p class=\"v-p\">A Juliette Binoche, tan luminosa por la noche, le debi\u00f3 fallar la previsi\u00f3n meteorol\u00f3gica del m\u00f3vil por la ma\u00f1ana: lleg\u00f3 con abrigo y visera a una Donostia que rondaba los 30 grados. La actriz francesa estuvo tan c\u00e1lida como siempre: se par\u00f3 con los aficionados, firm\u00f3 fotos, sonri\u00f3&#8230; Hace unos d\u00edas se mostraba feliz de volver \u00abal m\u00e1s \u00edntimo, amistoso y respetado\u00bb festival.<\/p>\n<p class=\"v-p\">Porque el clima fue protagonista. La niebla que cubri\u00f3 por la ma\u00f1ana Donostia desvi\u00f3 varios vuelos hasta Loiu, con retrasos en las llegadas y algunos festivaleros que llegaron tarde a sus citas. Pero el aterrizaje de invitados en el Mar\u00eda Cristina fue continuo, con otro popular que derroch\u00f3 firmas y simpat\u00eda: el sueco Stellan Skargsgard, conocido por papeles &#8216;serios&#8217; como &#8216;Rompiendo las olas&#8217; pero sobre todo por sus incursiones en Hollywood con &#8216;Mamma Mia&#8217;. Viene con &#8216;Valor sentimental&#8217;, el filme de Joaquim Trier en Perlak.<\/p>\n<p class=\"v-p\">Tambi\u00e9n Paul Danon, otro popular actor conocido por trabajos en &#8216;Batman&#8217; y &#8216;Los Fabelman&#8217;, de Spielberg, est\u00e1 ya por Donostia con el lanzamiento de &#8216;El mago del Kremlin&#8217;, la historia sobre Putin dirigida por Olivier Assayas.<\/p>\n<p class=\"v-p\">Pero son las gentes del cine espa\u00f1ol las que m\u00e1s animan a los cazadores de aut\u00f3grafos en este arranque del certamen, desde un Pedro Almod\u00f3var que volvi\u00f3 a proclamar su amor por la ciudad hasta un Antonio Resines que arrasa o la tambi\u00e9n popular Carmen Machi.<\/p>\n<p class=\"v-p\">El Zinemaldia provoca estupendas situaciones. &#8217;27 noches&#8217;, la pel\u00edcula argentina inaugural, est\u00e1 basada en un libro de la escritora Natalia Zite. La autora se escap\u00f3 hasta la librer\u00eda Donosti, la librer\u00eda donde rod\u00f3 Woody Allen. \u00abNo solo es bell\u00edsima y sus due\u00f1os son amorosos, sino que tiene una selecci\u00f3n exquisita\u00bb, puso la escritora en su perfil de Instagram.<\/p>\n","protected":false},"excerpt":{"rendered":"Fue una alfombra roja distinta, entre el &#8216;glamour&#8217; de las estrellas y la solidaridad con Palestina. Una amplia&hellip;\n","protected":false},"author":2,"featured_media":126406,"comment_status":"","ping_status":"","sticky":false,"template":"","format":"standard","meta":{"footnotes":""},"categories":[174],"tags":[15601,255,146,147,25,24,256,19343,16338,29499,29125,23,5732],"class_list":{"0":"post-126405","1":"post","2":"type-post","3":"status-publish","4":"format-standard","5":"has-post-thumbnail","7":"category-famosos","8":"tag-banderas","9":"tag-celebrities","10":"tag-entertainment","11":"tag-entretenimiento","12":"tag-es","13":"tag-espana","14":"tag-famosos","15":"tag-glamour","16":"tag-negros","17":"tag-palestinas","18":"tag-solidario","19":"tag-spain","20":"tag-vestidos"},"share_on_mastodon":{"url":"","error":""},"_links":{"self":[{"href":"https:\/\/www.europesays.com\/es\/wp-json\/wp\/v2\/posts\/126405","targetHints":{"allow":["GET"]}}],"collection":[{"href":"https:\/\/www.europesays.com\/es\/wp-json\/wp\/v2\/posts"}],"about":[{"href":"https:\/\/www.europesays.com\/es\/wp-json\/wp\/v2\/types\/post"}],"author":[{"embeddable":true,"href":"https:\/\/www.europesays.com\/es\/wp-json\/wp\/v2\/users\/2"}],"replies":[{"embeddable":true,"href":"https:\/\/www.europesays.com\/es\/wp-json\/wp\/v2\/comments?post=126405"}],"version-history":[{"count":0,"href":"https:\/\/www.europesays.com\/es\/wp-json\/wp\/v2\/posts\/126405\/revisions"}],"wp:featuredmedia":[{"embeddable":true,"href":"https:\/\/www.europesays.com\/es\/wp-json\/wp\/v2\/media\/126406"}],"wp:attachment":[{"href":"https:\/\/www.europesays.com\/es\/wp-json\/wp\/v2\/media?parent=126405"}],"wp:term":[{"taxonomy":"category","embeddable":true,"href":"https:\/\/www.europesays.com\/es\/wp-json\/wp\/v2\/categories?post=126405"},{"taxonomy":"post_tag","embeddable":true,"href":"https:\/\/www.europesays.com\/es\/wp-json\/wp\/v2\/tags?post=126405"}],"curies":[{"name":"wp","href":"https:\/\/api.w.org\/{rel}","templated":true}]}}