{"id":126411,"date":"2025-09-20T01:13:12","date_gmt":"2025-09-20T01:13:12","guid":{"rendered":"https:\/\/www.europesays.com\/es\/126411\/"},"modified":"2025-09-20T01:13:12","modified_gmt":"2025-09-20T01:13:12","slug":"madonna-vuelve-con-warner-y-anuncia-disco-para-2026","status":"publish","type":"post","link":"https:\/\/www.europesays.com\/es\/126411\/","title":{"rendered":"Madonna vuelve con Warner y anuncia disco para 2026"},"content":{"rendered":"<p>Actualizado  Viernes,<br \/>\n19<br \/>\nseptiembre<br \/>\n2025<br \/>\n&#8211;<br \/>\n13:15<\/p>\n<p class=\"ue-c-article__paragraph\">Con un escueto mensaje en sus redes sociales <strong>Madonn<\/strong>a ha revolucionado el mundo musical. No solo porque, finalmente, anuncia nuevo \u00e1lbum para 2026 sino porque lo hace regresando a <strong>Warner<\/strong>, la discogr\u00e1fica de sus inicios, en lo que parece una vuelta a sus comienzos.<\/p>\n<p class=\"ue-c-article__paragraph\">Sus primeros discos la situaron como la gran diva del pop. Desde el &#8216;Madonna&#8217; de 1983, pasando por &#8216;Like A Virgin&#8217; (1984), &#8216;True Blue&#8217; (1986) o &#8216;Like a Prayer&#8217; (1989), en una colaboraci\u00f3n con la cantante con Warner que se prolong\u00f3 hasta &#8216;Hard Candy&#8217; (2008).<\/p>\n<p class=\"ue-c-article__paragraph\">Casi <strong>veinte a\u00f1os despu\u00e9s<\/strong>, Madonna vuelve a grabar con Warner, con quien lanzar\u00e1 su pr\u00f3ximo \u00e1lbum, del que solo ha se\u00f1alado que es un \u00abregreso a la pista de baile\u00bb.<\/p>\n<p class=\"ue-c-article__paragraph\">De lo poco que se sabe de este disco -su primer trabajo en siete a\u00f1os (el \u00faltimo fue &#8216;Madame X&#8217;, en 2019)-, es que pretende ser una continuaci\u00f3n de &#8216;Confessions on a Dance Floor&#8217;, su d\u00e9cimo \u00e1lbum de estudio, lanzado en 2005 y que fue el pen\u00faltimo con Warner, el sello que hizo de Madonna una estrella.<\/p>\n<p class=\"ue-c-article__paragraph\">\u00abDe ser una artista con dificultades en <strong>Nueva York<\/strong> a firmar un contrato discogr\u00e1fico para lanzar solo tres sencillos, parec\u00eda que mi mundo nunca volver\u00eda a ser el mismo, y de hecho, no podr\u00eda haber sido m\u00e1s cierto\u00bb, se\u00f1al\u00f3 la cantante en un comunicado publicado por la revista Rolling Stone.<\/p>\n<p class=\"ue-c-article__paragraph\">\u00abDesde el principio, Warner Records ha sido un verdadero aliado. <strong>Estoy feliz<\/strong> de reunirme y miro hacia el futuro con ilusi\u00f3n, creando m\u00fasica, haciendo lo inesperado y, quiz\u00e1s, provocando algunas conversaciones necesarias\u00bb, agreg\u00f3 Madonna.<\/p>\n<p>Primeras pistas del regreso de Madonna<\/p>\n<p class=\"ue-c-article__paragraph\">Ya en octubre de 2024, Madonna se volvi\u00f3 a meter en un estudio de grabaci\u00f3n, en Londres con el productor brit\u00e1nico <strong>Stuart Price<\/strong>, que fue el director musical de su \u00faltima gira, el Celebration Tour de 2023-2024, y que produjo &#8216;Confessions on a Dance Floor&#8217;.<\/p>\n<p class=\"ue-c-article__paragraph\">El <strong>Celebration Tour <\/strong>supuso el reencuentro de los dos artistas y su buen resultado llev\u00f3 a Madonna a seguir la colaboraci\u00f3n. &#8216;London Calling&#8230;&#8230;&#8230;&#8230;&#8230;Back in the Stu with Stuart Price&#8217; (&#8216;Llamando a Londres&#8230;&#8230;De regreso en el estudio con Stuart Price&#8217;), fue el mensaje en redes de la cantante.<\/p>\n<p class=\"ue-c-article__paragraph\">En diciembre confirm\u00f3 que estaba grabando nueva m\u00fasica y en aquel momento apunt\u00f3 a 2025 como la fecha para lanzar nuevos temas.<\/p>\n<p class=\"ue-c-article__paragraph\">\u00abTrabajando en nueva m\u00fasica con Stuart Price. Estos \u00faltimos meses han sido medicina para mi ALMA (&#8230;) Escribir canciones y hacer m\u00fasica es la \u00fanica \u00e1rea en la que no necesito pedirle permiso a nadie. Estoy tan emocionada de compartirlo contigo. \u00a1Qui\u00e9n quiere escuchar m\u00fasica nueva en 2025!\u00bb, anunci\u00f3 la reina del pop.<\/p>\n<p class=\"ue-c-article__paragraph\">Y el pasado mes de junio lanz\u00f3 <strong>&#8216;Veronica Electronica&#8217;<\/strong>, un \u00e1lbum que ide\u00f3 en 1998 pero acab\u00f3 desechando y que incluye ocho temas remasterizados de su exitoso disco &#8216;Ray of Light&#8217; (1998).<\/p>\n<p>La vuelta a Warner<\/p>\n<p class=\"ue-c-article__paragraph\">Ahora, Madonna ha confirmado una noticia esperada y es el lanzamiento de un nuevo \u00e1lbum con Warner.<\/p>\n<p class=\"ue-c-article__paragraph\">En 2020, la cantante dej\u00f3 <strong>Interscope<\/strong>, aunque el acuerdo firmado con esta discogr\u00e1fica -con la que lanz\u00f3 &#8216;MDNA&#8217; (2012), &#8216;Rebel Heart&#8217; (2015) y &#8216;Madame X&#8217; (2019)- le permit\u00eda llevarse los tres \u00e1lbumes a Warner para que toda su discograf\u00eda est\u00e9 en un \u00fanico lugar.<\/p>\n<p class=\"ue-c-article__paragraph\">Al a\u00f1o siguiente anunci\u00f3 la primera etapa de su regreso a Warner, que a partir de ese momento se ocupar\u00eda de las ventas de todo su cat\u00e1logo, del que hasta ese momento se hab\u00edan vendido m\u00e1s de 200 millones de discos, seg\u00fan los datos de la discogr\u00e1fica.<\/p>\n<p class=\"ue-c-article__paragraph\">\u00abEsta colaboraci\u00f3n marca la revitalizaci\u00f3n de una relaci\u00f3n de d\u00e9cadas con Warner, que comenz\u00f3 con el lanzamiento del sencillo debut de Madonna en 1982\u00bb, dijo entonces el sello discogr\u00e1fico.<\/p>\n<p class=\"ue-c-article__paragraph\">Un acuerdo que incluy\u00f3 una serie de lanzamientos de cat\u00e1logo en 2022 para marcar el <strong>40 aniversario<\/strong> de ese primer trabajo de la cantante y que culmina ahora con la grabaci\u00f3n del nuevo \u00e1lbum.<\/p>\n<p class=\"ue-c-article__paragraph\">Los copresidentes de Warner Records, <strong>Tom Corson y Aaron Bay-Schuck<\/strong>, se mostraron en un comunicado \u00abhonrados de dar la bienvenida a Madonna de vuelta a casa\u00bb y aseguraron que \u00abMadonna no es solo una artista: es un referente, una rompedora de reglas, la m\u00e1xima gigante cultural\u00bb.<\/p>\n<p class=\"ue-c-article__paragraph\">\u00abDurante d\u00e9cadas no solo ha definido el sonido de la m\u00fasica pop global, sino que tambi\u00e9n ha remodelado la cultura misma con su visi\u00f3n, innovaci\u00f3n y su arte valiente. Este acuerdo representa un momento hist\u00f3rico que cierra el c\u00edrculo, que la trae de vuelta al sello donde todo comenz\u00f3 y reafirma su influencia inigualable, sentando las bases para una nueva y emocionante era de creatividad e impacto\u00bb.<\/p>\n","protected":false},"excerpt":{"rendered":"Actualizado Viernes, 19 septiembre 2025 &#8211; 13:15 Con un escueto mensaje en sus redes sociales Madonna ha revolucionado&hellip;\n","protected":false},"author":2,"featured_media":126412,"comment_status":"","ping_status":"","sticky":false,"template":"","format":"standard","meta":{"footnotes":""},"categories":[170],"tags":[209,10593,146,147,25,24,15547,184,185,23],"class_list":{"0":"post-126411","1":"post","2":"type-post","3":"status-publish","4":"format-standard","5":"has-post-thumbnail","7":"category-musica","8":"tag-cultura","9":"tag-cultura-musica","10":"tag-entertainment","11":"tag-entretenimiento","12":"tag-es","13":"tag-espana","14":"tag-madonna","15":"tag-music","16":"tag-musica","17":"tag-spain"},"share_on_mastodon":{"url":"","error":""},"_links":{"self":[{"href":"https:\/\/www.europesays.com\/es\/wp-json\/wp\/v2\/posts\/126411","targetHints":{"allow":["GET"]}}],"collection":[{"href":"https:\/\/www.europesays.com\/es\/wp-json\/wp\/v2\/posts"}],"about":[{"href":"https:\/\/www.europesays.com\/es\/wp-json\/wp\/v2\/types\/post"}],"author":[{"embeddable":true,"href":"https:\/\/www.europesays.com\/es\/wp-json\/wp\/v2\/users\/2"}],"replies":[{"embeddable":true,"href":"https:\/\/www.europesays.com\/es\/wp-json\/wp\/v2\/comments?post=126411"}],"version-history":[{"count":0,"href":"https:\/\/www.europesays.com\/es\/wp-json\/wp\/v2\/posts\/126411\/revisions"}],"wp:featuredmedia":[{"embeddable":true,"href":"https:\/\/www.europesays.com\/es\/wp-json\/wp\/v2\/media\/126412"}],"wp:attachment":[{"href":"https:\/\/www.europesays.com\/es\/wp-json\/wp\/v2\/media?parent=126411"}],"wp:term":[{"taxonomy":"category","embeddable":true,"href":"https:\/\/www.europesays.com\/es\/wp-json\/wp\/v2\/categories?post=126411"},{"taxonomy":"post_tag","embeddable":true,"href":"https:\/\/www.europesays.com\/es\/wp-json\/wp\/v2\/tags?post=126411"}],"curies":[{"name":"wp","href":"https:\/\/api.w.org\/{rel}","templated":true}]}}