{"id":126415,"date":"2025-09-20T01:15:08","date_gmt":"2025-09-20T01:15:08","guid":{"rendered":"https:\/\/www.europesays.com\/es\/126415\/"},"modified":"2025-09-20T01:15:08","modified_gmt":"2025-09-20T01:15:08","slug":"maria-perez-resuelve-el-duelo-con-la-mexicana-alegna-gonzalez-en-el-kilometro-16-y-logra-el-doblete-en-los-20-kilometros-marcha-deportes","status":"publish","type":"post","link":"https:\/\/www.europesays.com\/es\/126415\/","title":{"rendered":"Mar\u00eda P\u00e9rez resuelve el duelo con la mexicana Alegna Gonz\u00e1lez en el kil\u00f3metro 16 y logra el doblete en los 20 kil\u00f3metros marcha | Deportes"},"content":{"rendered":"<p class=\"\">Una aceleraci\u00f3n, pura fuerza f\u00edsica, coraje, piernas y pulmones, y una tarjeta amarilla. En el kil\u00f3metro 16, Mar\u00eda P\u00e9rez resolvi\u00f3 bruscamente su duelo con la mexicana Alegna Gonz\u00e1lez y march\u00f3 imperial de vuelta al estadio ol\u00edmpico de Tokio, donde consigui\u00f3 al amanecer fresco y nublado de Tokio &#8211;el sol naciente remol\u00f3n entre las nubes despu\u00e9s de una noche de lluvia&#8211; la victoria en la prueba de los 20 kil\u00f3metros marcha. Es la segunda medalla de oro de la marchadora de Orce (Granada), ya campeona ol\u00edmpica en Par\u00eds, en los Mundiales de Tokio despu\u00e9s del t\u00edtulo de los 35 kil\u00f3metros conseguido la semana pasada. Es la cuarta en su historia en los Mundiales tras un doblete similar en los Mundiales de Budapest 2023. A los 29 a\u00f1os, de Mar\u00eda P\u00e9rez, un portento \u00fanico, se puede decir sin que nadie diga lo contrario, que es la mejor marchadora mundial de la historia. <\/p>\n<p class=\"\">La plata de la atleta de Chihuahua Alegna Gonz\u00e1lez, de 26 a\u00f1os, es la segunda que consigue la marcha mexicana mexicana femenina tras la conseguida por Lupita Gonz\u00e1lez en los Mundiales de Londres 2017.<\/p>\n<p class=\"\">La prueba se redujo a un feroz combate latino, con continuos ataques a P\u00e9rez, la gran favorita, buscando aprovechar la fatiga de haber corrido los 35 kil\u00f3metros, de la peruana Kimberly Garc\u00eda, campeona mundial en Oreg\u00f3n 22, la ecuatoriana Milena Torres y Alegna Gonz\u00e1lez. Al m\u00e1s duro ataque de la marchadora de Chihuahua, cabo de la Marina, entrenada por Ignacio Zamudio, en el kil\u00f3metro 13 solo respondi\u00f3 la espa\u00f1ola, que tom\u00f3 aire unos kil\u00f3metros antes de dar el hachazo final. <\/p>\n<p class=\"\">El tiempo final de P\u00e9rez fue de 1h 25m 54s, muy cerca de su mejor marca personal; Gonz\u00e1lez, extraordinaria y valiente segunda, con su marcha tan flexible y hermosa, fue segunda. Lleg\u00f3 a 12s (1h 26m 6s, su mejor marca personal y r\u00e9cord de Latinoam\u00e9rica) mientras que la tercera fue finalmente la japonesa Nakano Fujii (1h 26m 18s). Otra espa\u00f1ola, Ant\u00eda Chamosa (s\u00e9ptima), entrenada en Guadix, como Mar\u00eda P\u00e9rez, por Jacinto Garz\u00f3n, ocup\u00f3 puesto de finalista.<\/p>\n","protected":false},"excerpt":{"rendered":"Una aceleraci\u00f3n, pura fuerza f\u00edsica, coraje, piernas y pulmones, y una tarjeta amarilla. En el kil\u00f3metro 16, Mar\u00eda&hellip;\n","protected":false},"author":2,"featured_media":126416,"comment_status":"","ping_status":"","sticky":false,"template":"","format":"standard","meta":{"footnotes":""},"categories":[93],"tags":[928,11485,1540,168,25,24,38009,26618,23,167],"class_list":{"0":"post-126415","1":"post","2":"type-post","3":"status-publish","4":"format-standard","5":"has-post-thumbnail","7":"category-deportes","8":"tag-atletas","9":"tag-atletismo","10":"tag-competiciones","11":"tag-deportes","12":"tag-es","13":"tag-espana","14":"tag-maria-perez","15":"tag-mundiales-atletismo","16":"tag-spain","17":"tag-sports"},"share_on_mastodon":{"url":"","error":""},"_links":{"self":[{"href":"https:\/\/www.europesays.com\/es\/wp-json\/wp\/v2\/posts\/126415","targetHints":{"allow":["GET"]}}],"collection":[{"href":"https:\/\/www.europesays.com\/es\/wp-json\/wp\/v2\/posts"}],"about":[{"href":"https:\/\/www.europesays.com\/es\/wp-json\/wp\/v2\/types\/post"}],"author":[{"embeddable":true,"href":"https:\/\/www.europesays.com\/es\/wp-json\/wp\/v2\/users\/2"}],"replies":[{"embeddable":true,"href":"https:\/\/www.europesays.com\/es\/wp-json\/wp\/v2\/comments?post=126415"}],"version-history":[{"count":0,"href":"https:\/\/www.europesays.com\/es\/wp-json\/wp\/v2\/posts\/126415\/revisions"}],"wp:featuredmedia":[{"embeddable":true,"href":"https:\/\/www.europesays.com\/es\/wp-json\/wp\/v2\/media\/126416"}],"wp:attachment":[{"href":"https:\/\/www.europesays.com\/es\/wp-json\/wp\/v2\/media?parent=126415"}],"wp:term":[{"taxonomy":"category","embeddable":true,"href":"https:\/\/www.europesays.com\/es\/wp-json\/wp\/v2\/categories?post=126415"},{"taxonomy":"post_tag","embeddable":true,"href":"https:\/\/www.europesays.com\/es\/wp-json\/wp\/v2\/tags?post=126415"}],"curies":[{"name":"wp","href":"https:\/\/api.w.org\/{rel}","templated":true}]}}