{"id":126421,"date":"2025-09-20T01:21:14","date_gmt":"2025-09-20T01:21:14","guid":{"rendered":"https:\/\/www.europesays.com\/es\/126421\/"},"modified":"2025-09-20T01:21:14","modified_gmt":"2025-09-20T01:21:14","slug":"el-presidente-de-la-chj-matiza-que-sobre-el-barranco-del-poyo-en-el-cecopi-porque-daba-por-hecho-que-la-generalitat-estaba-al-tanto-de-la-situacion-tribunales","status":"publish","type":"post","link":"https:\/\/www.europesays.com\/es\/126421\/","title":{"rendered":"El presidente de la CHJ matiza que sobre el barranco del Poyo en el CECOPI porque daba por hecho que la Generalitat \u00abestaba al tanto\u00bb de la situaci\u00f3n | Tribunales"},"content":{"rendered":"<p class=\"loc\">Val\u00e8ncia<\/p>\n<p>El presidente de la Confederaci\u00f3n Hidrogr\u00e1fica del J\u00facar (CHJ), Miguel Polo, ha afirmado este viernes ante la jueza que instruye la causa de la DANA, que no se enter\u00f3 del desbordamiento del barranco del Poyo hasta las siete menos cuarto de la tarde, cuando un t\u00e9cnico le inform\u00f3 de que hab\u00edan enviado un correo a la Generalitat advirtiendo del intenso caudal por este barranco. Esto es, al menos, lo que hab\u00eda trascendido de su declaraci\u00f3n pero \u00e9l lo matizaba ante los medios de comunicaci\u00f3n al acabar su turno.<\/p>\n<p>Aseguraba que hasta las 7 de la tarde los datos de caudales eran parecidos a los de la ma\u00f1ana, que tambi\u00e9n fueron altos, y admite que no pudieron prever el agua que llevaban las ramblas que desembocan en el Poyo.<\/p>\n<p>Polo,<a href=\"https:\/\/cadenaser.com\/comunitat-valenciana\/2025\/09\/19\/miguel-polo-presidente-de-la-chj-declara-ante-la-jueza-de-la-dana-no-tenemos-nada-que-ocultar-radio-valencia\/\" target=\"_blank\" rel=\"noreferrer nofollow noopener\" title=\"https:\/\/cadenaser.com\/comunitat-valenciana\/2025\/09\/19\/miguel-polo-presidente-de-la-chj-declara-ante-la-jueza-de-la-dana-no-tenemos-nada-que-ocultar-radio-valencia\/\"> que declara como testigo en la causa que investiga la gesti\u00f3n de la tragedia<\/a> que provoc\u00f3 229 muertes en la provincia de Valencia, ha explicado que no lo traslad\u00f3 al CECOPI porque \u00abno era relevante\u00bb, ya que en ese punto ya no hab\u00eda capacidad de reacci\u00f3n para tomar medidas.<\/p>\n<p>La Fiscal\u00eda ha mostrado un especial inter\u00e9s en los avisos emitidos por la Confederaci\u00f3n Hidrogr\u00e1fica del J\u00facar (CHJ) sobre el barranco del Poyo, cuyo desbordamiento provoc\u00f3 el mayor n\u00famero de v\u00edctimas el 29 de octubre. Polo ha insistido en varias ocasiones en que su organismo no realiza seguimientos de barrancos, sino de grandes r\u00edos. <\/p>\n<p>Polo ha recordado adem\u00e1s que el Centro de Coordinaci\u00f3n de Emergencias tiene acceso al sistema Saiwin, donde se visualizan cada cinco minutos los datos del SAIH, el sistema autom\u00e1tico de medici\u00f3n de caudales.<\/p>\n<p>Al hilo de esto, el abogado de Emilio Arg\u00fceso dice que lo declarado por Polo entra en contradicci\u00f3n con lo declarado por Pilar Bernab\u00e9 cuando el responsable de la Confederaci\u00f3n aseguraba que a las 18 horas habl\u00f3 de enviar el mensaje de alerta a la poblaci\u00f3n. Jos\u00e9 Mar\u00eda Bueno es el letrado<\/p>\n<p>El c\u00f3digo iframe se ha copiado en el portapapeles<\/p>\n<p class=\"tit\">Jos\u00e9 Mar\u00eda Bueno, abogado de Emilio Arg\u00fceso<\/p>\n<p>00:00:0000:34<\/p>\n<p>FacebookTwitterLinkedinWhatsAppCerrar<\/p>\n<p>Sigue toda la \u00faltima hora en el canal de Whatsapp de Radio Valencia: <a href=\"https:\/\/eur01.safelinks.protection.outlook.com\/?url=https%3A%2F%2Fwhatsapp.com%2Fchannel%2F0029VaHjyqSFHWq2Q3iHB33R&amp;data=05%7C02%7CASanchezSa%40prisaradio.com%7Cbcbba1a7cd834febfc0008dc718f345b%7Cc4fd49f3e15a44d882e2c909735d2e45%7C0%7C0%7C638510107081166370%7CUnknown%7CTWFpbGZsb3d8eyJWIjoiMC4wLjAwMDAiLCJQIjoiV2luMzIiLCJBTiI6Ik1haWwiLCJXVCI6Mn0%3D%7C0%7C%7C%7C&amp;sdata=WFs4%2BokiRyjbxmDJgRU9c1ksYZP%2F7O9hOQ0C1W8Esm0%3D&amp;reserved=0\" target=\"_blank\" rel=\"nofollow noopener\" title=\"Direcci\u00f3n URL original: https:\/\/whatsapp.com\/channel\/0029VaHjyqSFHWq2Q3iHB33R. Haga clic o pulse si conf\u00eda en este v\u00ednculo.\">haz clic aqu\u00ed y suscr\u00edbete<\/a> para recibir toda la informaci\u00f3n y la actualidad del d\u00eda en tu m\u00f3vil.<\/p>\n","protected":false},"excerpt":{"rendered":"Val\u00e8ncia El presidente de la Confederaci\u00f3n Hidrogr\u00e1fica del J\u00facar (CHJ), Miguel Polo, ha afirmado este viernes ante la&hellip;\n","protected":false},"author":2,"featured_media":126422,"comment_status":"","ping_status":"","sticky":false,"template":"","format":"standard","meta":{"footnotes":""},"categories":[8],"tags":[17,18,25,24,13,14,11,19,20,9,10,15,16,23,12,21,22],"class_list":{"0":"post-126421","1":"post","2":"type-post","3":"status-publish","4":"format-standard","5":"has-post-thumbnail","7":"category-espana","8":"tag-breaking-news","9":"tag-breakingnews","10":"tag-es","11":"tag-espana","12":"tag-featured-news","13":"tag-featurednews","14":"tag-headlines","15":"tag-latest-news","16":"tag-latestnews","17":"tag-news","18":"tag-noticias","19":"tag-noticias-destacadas","20":"tag-noticiasdestacadas","21":"tag-spain","22":"tag-titulares","23":"tag-ultimas-noticias","24":"tag-ultimasnoticias"},"share_on_mastodon":{"url":"","error":""},"_links":{"self":[{"href":"https:\/\/www.europesays.com\/es\/wp-json\/wp\/v2\/posts\/126421","targetHints":{"allow":["GET"]}}],"collection":[{"href":"https:\/\/www.europesays.com\/es\/wp-json\/wp\/v2\/posts"}],"about":[{"href":"https:\/\/www.europesays.com\/es\/wp-json\/wp\/v2\/types\/post"}],"author":[{"embeddable":true,"href":"https:\/\/www.europesays.com\/es\/wp-json\/wp\/v2\/users\/2"}],"replies":[{"embeddable":true,"href":"https:\/\/www.europesays.com\/es\/wp-json\/wp\/v2\/comments?post=126421"}],"version-history":[{"count":0,"href":"https:\/\/www.europesays.com\/es\/wp-json\/wp\/v2\/posts\/126421\/revisions"}],"wp:featuredmedia":[{"embeddable":true,"href":"https:\/\/www.europesays.com\/es\/wp-json\/wp\/v2\/media\/126422"}],"wp:attachment":[{"href":"https:\/\/www.europesays.com\/es\/wp-json\/wp\/v2\/media?parent=126421"}],"wp:term":[{"taxonomy":"category","embeddable":true,"href":"https:\/\/www.europesays.com\/es\/wp-json\/wp\/v2\/categories?post=126421"},{"taxonomy":"post_tag","embeddable":true,"href":"https:\/\/www.europesays.com\/es\/wp-json\/wp\/v2\/tags?post=126421"}],"curies":[{"name":"wp","href":"https:\/\/api.w.org\/{rel}","templated":true}]}}