{"id":126425,"date":"2025-09-20T01:27:05","date_gmt":"2025-09-20T01:27:05","guid":{"rendered":"https:\/\/www.europesays.com\/es\/126425\/"},"modified":"2025-09-20T01:27:05","modified_gmt":"2025-09-20T01:27:05","slug":"casper-ruud-reilly-opelka-en-directo-copa-laver-individual-resultados-y-resumenes-de-tenis","status":"publish","type":"post","link":"https:\/\/www.europesays.com\/es\/126425\/","title":{"rendered":"Casper Ruud &#8211; Reilly Opelka en directo &#8211; Copa Laver Individual: Resultados y res\u00famenes de Tenis"},"content":{"rendered":"<p>PARTIDO EN DIRECTO: <a href=\"https:\/\/www.eurosport.es\/tenis\/casper-ruud_prs457583\/person.shtml\" rel=\"nofollow noopener\" target=\"_blank\">Casper Ruud<\/a> &#8211; <a href=\"https:\/\/www.eurosport.es\/tenis\/reilly-opelka_prs433984\/person.shtml\" rel=\"nofollow noopener\" target=\"_blank\">Reilly Opelka<\/a><\/p>\n<p><a href=\"https:\/\/www.eurosport.es\/tenis\/copa-laver-individual\/2025\/\" rel=\"nofollow noopener\" target=\"_blank\">Laver Cup Singles 2025<\/a> &#8211; 19 de septiembre de 2025<\/p>\n<p>Sigue el partido de <a href=\"https:\/\/www.eurosport.es\/tenis\/copa-laver-individual\/2025\/\" rel=\"nofollow noopener\" target=\"_blank\">Laver Cup Singles 2025<\/a> entre <a href=\"https:\/\/www.eurosport.es\/tenis\/casper-ruud_prs457583\/person.shtml\" rel=\"nofollow noopener\" target=\"_blank\">Casper Ruud<\/a> y <a href=\"https:\/\/www.eurosport.es\/tenis\/reilly-opelka_prs433984\/person.shtml\" rel=\"nofollow noopener\" target=\"_blank\">Reilly Opelka<\/a> en directo en Eurosport. El partido empieza a las 22:00 el 19 de septiembre de 2025.<\/p>\n<p>Encuentra los \u00faltimos <a href=\"https:\/\/www.eurosport.es\/tenis\/copa-laver-individual\/2025\/calendar-result.shtml\" rel=\"nofollow noopener\" target=\"_blank\"> de <a href=\"https:\/\/www.eurosport.es\/tenis\/copa-laver-individual\/2025\/\" rel=\"nofollow noopener\" target=\"_blank\">Laver Cup Singles 2025<\/a> y highlights de partidos con nuestra cobertura en directo de partidos de tenis.<\/p>\n<p>Puedes encontrar las \u00faltimas noticias de tenis, entrevistas, an\u00e1lisis de expertos y v\u00eddeos. Sigue todos los torneos de tenis m\u00e1s populares de esta temporada, incluyendo Roland Garros y el US Open. Mantente al d\u00eda con las \u00faltimas noticias de Rafael Nadal, Novak Djokovic, Carlos Alcaraz, Paula Badosa, Garbi\u00f1e Muguruza y todos los mejores tenistas de la actualidad. Podr\u00e1s ver a tus jugadores favoritos enfrentarse cara a cara.<\/p>\n<p>Haz de Eurosport tu medio de referencia para deportes online, desde tenis hasta f\u00fatbol, ciclismo, snooker y mucho m\u00e1s.<\/p>\n","protected":false},"excerpt":{"rendered":"PARTIDO EN DIRECTO: Casper Ruud &#8211; Reilly Opelka Laver Cup Singles 2025 &#8211; 19 de septiembre de 2025&hellip;\n","protected":false},"author":2,"featured_media":41492,"comment_status":"","ping_status":"","sticky":false,"template":"","format":"standard","meta":{"footnotes":""},"categories":[274],"tags":[168,25,24,23,167,327,326],"class_list":{"0":"post-126425","1":"post","2":"type-post","3":"status-publish","4":"format-standard","5":"has-post-thumbnail","7":"category-tenis","8":"tag-deportes","9":"tag-es","10":"tag-espana","11":"tag-spain","12":"tag-sports","13":"tag-tenis","14":"tag-tennis"},"share_on_mastodon":{"url":"","error":""},"_links":{"self":[{"href":"https:\/\/www.europesays.com\/es\/wp-json\/wp\/v2\/posts\/126425","targetHints":{"allow":["GET"]}}],"collection":[{"href":"https:\/\/www.europesays.com\/es\/wp-json\/wp\/v2\/posts"}],"about":[{"href":"https:\/\/www.europesays.com\/es\/wp-json\/wp\/v2\/types\/post"}],"author":[{"embeddable":true,"href":"https:\/\/www.europesays.com\/es\/wp-json\/wp\/v2\/users\/2"}],"replies":[{"embeddable":true,"href":"https:\/\/www.europesays.com\/es\/wp-json\/wp\/v2\/comments?post=126425"}],"version-history":[{"count":0,"href":"https:\/\/www.europesays.com\/es\/wp-json\/wp\/v2\/posts\/126425\/revisions"}],"wp:featuredmedia":[{"embeddable":true,"href":"https:\/\/www.europesays.com\/es\/wp-json\/wp\/v2\/media\/41492"}],"wp:attachment":[{"href":"https:\/\/www.europesays.com\/es\/wp-json\/wp\/v2\/media?parent=126425"}],"wp:term":[{"taxonomy":"category","embeddable":true,"href":"https:\/\/www.europesays.com\/es\/wp-json\/wp\/v2\/categories?post=126425"},{"taxonomy":"post_tag","embeddable":true,"href":"https:\/\/www.europesays.com\/es\/wp-json\/wp\/v2\/tags?post=126425"}],"curies":[{"name":"wp","href":"https:\/\/api.w.org\/{rel}","templated":true}]}}