{"id":126438,"date":"2025-09-20T01:35:08","date_gmt":"2025-09-20T01:35:08","guid":{"rendered":"https:\/\/www.europesays.com\/es\/126438\/"},"modified":"2025-09-20T01:35:08","modified_gmt":"2025-09-20T01:35:08","slug":"has-hecho-un-tema-dificil","status":"publish","type":"post","link":"https:\/\/www.europesays.com\/es\/126438\/","title":{"rendered":"\u201cHas hecho un tema dif\u00edcil\u201d"},"content":{"rendered":"<p>La noche de <b>La Voz<\/b> nos regal\u00f3 la actuaci\u00f3n de <b>Mirko<\/b>, un talent de 23 a\u00f1os con la m\u00fasica muy presente en su vida. Nacido en Buenos Aires y residente en Madrid, decidi\u00f3 presentarse al concurso con una carta de presentaci\u00f3n diferente: interpretar el m\u00edtico \u2018<b>Blackbird<\/b>\u2019 de The Beatles.<\/p>\n<p>Su actuaci\u00f3n fue delicada y personal, aunque tuvo que esperar hasta el \u00faltimo momento para ver c\u00f3mo Mika y <b>Pablo L\u00f3pez<\/b> giraban sus sillas, impresionados por su propuesta art\u00edstica.<\/p>\n<p>Pablo no dud\u00f3 en elogiarlo: \u201cMe encantar\u00eda pas\u00e1rmelo bien contigo haciendo m\u00fasica\u201d, se\u00f1al\u00f3, destacando la originalidad del talent.<\/p>\n<p>Por su parte, <b>Mika <\/b>jug\u00f3 con la sinceridad y el entusiasmo para convencerlo: \u201cHas hecho un tema muy dif\u00edcil, la simplicidad es lo m\u00e1s dif\u00edcil que podemos hacer, pero necesitas liberar tus armas mucho m\u00e1s\u201d.<\/p>\n<p>Finalmente, Mirko tom\u00f3 su decisi\u00f3n y se fue directo al equipo de Mika, convencido por la energ\u00eda del <b>coach internacional<\/b>. Una elecci\u00f3n que promete momentos \u00fanicos y un gran camino por recorrer en el talent show.<\/p>\n<p>   <img decoding=\"async\" title=\"Coaches cantan 'Love today'\" alt=\"Coaches cantan 'Love today'\" width=\"480\" height=\"270\" src=\"https:\/\/www.europesays.com\/es\/wp-content\/uploads\/2025\/09\/1758332108_534_coaches-cantan-love-today_70.jpg\" loading=\"lazy\" class=\"lazy\"\/><\/p>\n","protected":false},"excerpt":{"rendered":"La noche de La Voz nos regal\u00f3 la actuaci\u00f3n de Mirko, un talent de 23 a\u00f1os con la&hellip;\n","protected":false},"author":2,"featured_media":126439,"comment_status":"","ping_status":"","sticky":false,"template":"","format":"standard","meta":{"footnotes":""},"categories":[171],"tags":[146,147,25,24,23,214],"class_list":{"0":"post-126438","1":"post","2":"type-post","3":"status-publish","4":"format-standard","5":"has-post-thumbnail","7":"category-tv","8":"tag-entertainment","9":"tag-entretenimiento","10":"tag-es","11":"tag-espana","12":"tag-spain","13":"tag-tv"},"share_on_mastodon":{"url":"","error":""},"_links":{"self":[{"href":"https:\/\/www.europesays.com\/es\/wp-json\/wp\/v2\/posts\/126438","targetHints":{"allow":["GET"]}}],"collection":[{"href":"https:\/\/www.europesays.com\/es\/wp-json\/wp\/v2\/posts"}],"about":[{"href":"https:\/\/www.europesays.com\/es\/wp-json\/wp\/v2\/types\/post"}],"author":[{"embeddable":true,"href":"https:\/\/www.europesays.com\/es\/wp-json\/wp\/v2\/users\/2"}],"replies":[{"embeddable":true,"href":"https:\/\/www.europesays.com\/es\/wp-json\/wp\/v2\/comments?post=126438"}],"version-history":[{"count":0,"href":"https:\/\/www.europesays.com\/es\/wp-json\/wp\/v2\/posts\/126438\/revisions"}],"wp:featuredmedia":[{"embeddable":true,"href":"https:\/\/www.europesays.com\/es\/wp-json\/wp\/v2\/media\/126439"}],"wp:attachment":[{"href":"https:\/\/www.europesays.com\/es\/wp-json\/wp\/v2\/media?parent=126438"}],"wp:term":[{"taxonomy":"category","embeddable":true,"href":"https:\/\/www.europesays.com\/es\/wp-json\/wp\/v2\/categories?post=126438"},{"taxonomy":"post_tag","embeddable":true,"href":"https:\/\/www.europesays.com\/es\/wp-json\/wp\/v2\/tags?post=126438"}],"curies":[{"name":"wp","href":"https:\/\/api.w.org\/{rel}","templated":true}]}}