{"id":126452,"date":"2025-09-20T01:45:36","date_gmt":"2025-09-20T01:45:36","guid":{"rendered":"https:\/\/www.europesays.com\/es\/126452\/"},"modified":"2025-09-20T01:45:36","modified_gmt":"2025-09-20T01:45:36","slug":"el-nuevo-espacio-de-gazteartean-en-el-cba-clave-para-el-desarrollo-del-talento-de-las-personas-jovenes-de-irun","status":"publish","type":"post","link":"https:\/\/www.europesays.com\/es\/126452\/","title":{"rendered":"El nuevo espacio de GazteARTEan en el CBA, clave para el desarrollo del talento de las personas j\u00f3venes de Irun"},"content":{"rendered":"<p>La inauguraci\u00f3n del nuevo Centro de Cultura y Creatividad del CBA del pasado 11 de septiembre, ha abierto todo un espacio de oportunidades para la ciudadan\u00eda, tambi\u00e9n para el p\u00fablico joven, ya que GazteARTEan ha trasladado gran parte de su actividad a dicho centro.<\/p>\n<p>Este nuevo espacio, busca <strong>activar programas que permitan a la juventud desarrollar proyectos en base a sus inquietudes<\/strong>, creando un entorno en el que las personas j\u00f3venes puedan participar, experimentar y generar nuevas propuestas culturales. Para ello, en GazteARTEan <strong>convivir\u00e1n servicios de atenci\u00f3n directa a la ciudadan\u00eda joven como la Igazte y Konekta, o asesor\u00edas especializadas como AsexoraT.<\/strong><\/p>\n<p>As\u00ed, la mediaci\u00f3n, la informaci\u00f3n, la asesor\u00eda y el acompa\u00f1amiento ser\u00e1n las claves del espacio, generando relaciones e interconexiones reales entre las personas j\u00f3venes, y hacia el Ayuntamiento, creando complicidades y sinergias.<\/p>\n<p>Todo ello, ha sido presentado hoy por la delegada de Educaci\u00f3n y Juventud, <strong>Sandra Caballero<\/strong>, quien acompa\u00f1ada por Unai Rubio, de Igazte, Mikel Menta y Aitziber Arruabarrena, de Konekta, y Maialen Dorronsoro, de AsexoraT, ha destacado que\u00a0\u00abpara el servicio de Juventud, el Centro de Cultura y Creatividad del CBA nos ha ofrecido la oportunidad de tener un espacio propio y joven en el centro de la ciudad, pudiendo acercar as\u00ed nuestros servicios. Tenemos el objetivo de convertir este espacio en un lugar de referencia para las personas j\u00f3venes de la ciudad, para poder acompa\u00f1arlos y asesorarlos en sus proyectos e inquietudes. Un lugar para que puedan experimentar y podamos conectar con ellos, para que sus ideas, proyectos e iniciativas tengan incidencia en la programaci\u00f3n de este centro como en el resto de la ciudad\u00bb.<\/p>\n<p>Una de las apuestas de este a\u00f1o del \u00e1rea de Juventud se materializa en el <strong>Servicio de mediaci\u00f3n Konekta<\/strong>. Se trata de un servicio dirigido a la ciudadan\u00eda de Irun de entre 16-25 a\u00f1os en el que dos j\u00f3venes mediadores se encargan de impulsar iniciativas y el desarrollo de las mismas junto con las y los j\u00f3venes, en el que el apoyo al talento emergente y el fomento de participaci\u00f3n activa son los ejes de trabajo. Todo ello tanto en el marco del nuevo Centro de Cultura y Creatividad y los espacios que lo componen, como en el resto de ambientes j\u00f3venes de la ciudad.<\/p>\n<p>Por \u00faltimo, cabe destacar la necesidad de abordar la educaci\u00f3n sexual y afectiva a trav\u00e9s del <strong>Servicio AsexoraT<\/strong>, con el objetivo de fomentar una educaci\u00f3n sexual y afectiva respetuosa, reflexiva y saludable, como parte fundamental en el desarrollo de las personas j\u00f3venes de Irun.<\/p>\n<p>Si bien AsexoraT estrenar\u00e1 el espacio GazteARTEan, en un futuro se podr\u00e1n sumar asesor\u00edas en base a nuevas necesidades, ya sean vinculadas a la cultura, la emancipaci\u00f3n o en clave social.<\/p>\n<p>Este Espacio GazteARTEan estar\u00e1 abierto al p\u00fablico de martes a s\u00e1bado, en horario de 11:00h a 13:30h por la ma\u00f1ana, y de 17:00h a 19:30h por la tarde. Por su parte, el Servicio AsexoraT estar\u00e1 disponible todos los jueves en horario de tarde y el primer s\u00e1bado de cada mes en horario de ma\u00f1ana.<\/p>\n<p>Toda la informaci\u00f3n est\u00e1 disponible en la <a href=\"https:\/\/www.irun.org\/es\/gazteartean\" rel=\"nofollow noopener\" target=\"_blank\">web de GazteARTEan<\/a>.<\/p>\n<p><strong>Centro de Cultura y Creatividad del CBA<\/strong><\/p>\n<p>Cabe destacar que el nuevo centro del CBA duplica el espacio actual y suma 2.400 m2 m\u00e1s de superficie que se reflejan en un centro polivalente con salas destinadas para diferentes usos, como IrekiART, una zona a modo de plaza concebida para conferencias, audiovisuales y exposiciones capaz de acoger muestras de diferentes formatos; Irun Zuzenean, una sala esc\u00e9nica que permitir\u00e1 diferentes configuraciones y con almacenes, camerinos, aseos y otros servicios; un nuevo espacio para algunos servicios del \u00e1rea de Juventud, Kontenporanea, una nueva zona destinada a la creaci\u00f3n art\u00edstica; as\u00ed como una ampliaci\u00f3n de la sala de estudios actual de la Biblioteca CBA.<\/p>\n","protected":false},"excerpt":{"rendered":"La inauguraci\u00f3n del nuevo Centro de Cultura y Creatividad del CBA del pasado 11 de septiembre, ha abierto&hellip;\n","protected":false},"author":2,"featured_media":126453,"comment_status":"","ping_status":"","sticky":false,"template":"","format":"standard","meta":{"footnotes":""},"categories":[5],"tags":[17,18,25,24,13,14,11,19,20,9,10,15,16,23,12,21,22],"class_list":{"0":"post-126452","1":"post","2":"type-post","3":"status-publish","4":"format-standard","5":"has-post-thumbnail","7":"category-titulares","8":"tag-breaking-news","9":"tag-breakingnews","10":"tag-es","11":"tag-espana","12":"tag-featured-news","13":"tag-featurednews","14":"tag-headlines","15":"tag-latest-news","16":"tag-latestnews","17":"tag-news","18":"tag-noticias","19":"tag-noticias-destacadas","20":"tag-noticiasdestacadas","21":"tag-spain","22":"tag-titulares","23":"tag-ultimas-noticias","24":"tag-ultimasnoticias"},"share_on_mastodon":{"url":"","error":""},"_links":{"self":[{"href":"https:\/\/www.europesays.com\/es\/wp-json\/wp\/v2\/posts\/126452","targetHints":{"allow":["GET"]}}],"collection":[{"href":"https:\/\/www.europesays.com\/es\/wp-json\/wp\/v2\/posts"}],"about":[{"href":"https:\/\/www.europesays.com\/es\/wp-json\/wp\/v2\/types\/post"}],"author":[{"embeddable":true,"href":"https:\/\/www.europesays.com\/es\/wp-json\/wp\/v2\/users\/2"}],"replies":[{"embeddable":true,"href":"https:\/\/www.europesays.com\/es\/wp-json\/wp\/v2\/comments?post=126452"}],"version-history":[{"count":0,"href":"https:\/\/www.europesays.com\/es\/wp-json\/wp\/v2\/posts\/126452\/revisions"}],"wp:featuredmedia":[{"embeddable":true,"href":"https:\/\/www.europesays.com\/es\/wp-json\/wp\/v2\/media\/126453"}],"wp:attachment":[{"href":"https:\/\/www.europesays.com\/es\/wp-json\/wp\/v2\/media?parent=126452"}],"wp:term":[{"taxonomy":"category","embeddable":true,"href":"https:\/\/www.europesays.com\/es\/wp-json\/wp\/v2\/categories?post=126452"},{"taxonomy":"post_tag","embeddable":true,"href":"https:\/\/www.europesays.com\/es\/wp-json\/wp\/v2\/tags?post=126452"}],"curies":[{"name":"wp","href":"https:\/\/api.w.org\/{rel}","templated":true}]}}