{"id":126454,"date":"2025-09-20T01:50:10","date_gmt":"2025-09-20T01:50:10","guid":{"rendered":"https:\/\/www.europesays.com\/es\/126454\/"},"modified":"2025-09-20T01:50:10","modified_gmt":"2025-09-20T01:50:10","slug":"polemica-en-italia-fedez-denunciado-por-sus-versos-sobre-sinner","status":"publish","type":"post","link":"https:\/\/www.europesays.com\/es\/126454\/","title":{"rendered":"Pol\u00e9mica en Italia: Fedez, denunciado por sus versos sobre Sinner"},"content":{"rendered":"<p class=\"\">El concejal<b> Giuseppe Martucci<\/b> de la localidad de <b>Bolzano<\/b> (norte de Italia) present\u00f3 este viernes una <b>denuncia por incitaci\u00f3n al odio<\/b> contra el rapero <b>Fedez<\/b> despu\u00e9s de que este divulgase una estrofa de lo que apunta a ser una nueva canci\u00f3n en la que <b>se refiere al tenista Jannik Sinner como \u201cun italiano purasangre con el acento de Adolf Hitler\u201d.<\/b><\/p>\n<p class=\"\">En la denuncia, el concejal acusa a Fedez de <b>\u201cpropaganda y la incitaci\u00f3n al odio por motivos raciales, \u00e9tnicos, nacionales o religiosos\u201d<\/b>, informaron los medios italianos.<\/p>\n<p class=\"\">\u201cSent\u00ed el deber de actuar en <b>defensa de los valores fundamentales de nuestra Constituci\u00f3n<\/b>. No podemos permitir que un lenguaje que evoca el <b>racismo y el odio<\/b> sea normalizado por figuras p\u00fablicas\u201d, explic\u00f3 a los medios Martucci.<\/p>\n<p class=\"\">El rapero, ex esposo de la influencer italiana <b>Chiara Ferragni<\/b>, con 3,4 millones de oyentes mensuales en Spotify, <b>public\u00f3 en redes sociales<\/b> una serie de l\u00edneas escritas en su bloc de notas personal en las que habla de varios personajes de la actualidad.<\/p>\n<p class=\"\">Al aludir al <b>tenista<\/b> <b>italiano<\/b>, nacido en San C\u00e1ndido en la regi\u00f3n de Trentino Alto-Adigio, el rapero hac\u00eda referencia a su <b>acento<\/b>, ya que <b>su familia<\/b>, sus padres Hanspeter y Siglinde, <b>hablan alem\u00e1n<\/b>, idioma oficial del Alto-Adigio (S\u00fcdtirol, en alem\u00e1n), junto con el italiano y el ladino.<\/p>\n<p>Noticias relacionadas<\/p>\n<p class=\"\">La publicaci\u00f3n de la estrofa sobre el tenista <b>provoc\u00f3 la pol\u00e9mica y el multitudinario debate en redes sociales.<\/b><\/p>\n<p class=\"\"><b>\u00a1Tus opiniones importan!<\/b> Comenta en los art\u00edculos y suscr\u00edbete gratis a nuestra <a href=\"https:\/\/asfan.as.com\/newsletters\/\" target=\"_blank\" rel=\"nofollow noopener\" title=\"https:\/\/asfan.as.com\/newsletters\/\">newsletter<\/a> y a las alertas informativas en la <a href=\"https:\/\/as.com\/aplicacion-de-as-n\/\" target=\"_blank\" rel=\"nofollow noopener\" title=\"https:\/\/as.com\/aplicacion-de-as-n\/\">App<\/a> o el canal de <a href=\"https:\/\/www.whatsapp.com\/channel\/0029VaAasdA7j6g745nz9M10\" target=\"_blank\" rel=\"nofollow noopener\" title=\"https:\/\/www.whatsapp.com\/channel\/0029VaAasdA7j6g745nz9M10\">WhatsApp<\/a>. \u00bfBuscas licenciar contenido? Haz clic <a href=\"https:\/\/profesional.elpais.com\/soluciones-sindicacion?utm_medium=interno&amp;utm_source=crosslinking&amp;utm_campaign=sindicacion_as_pie_articulos\" target=\"_blank\" rel=\"nofollow noopener\" title=\"https:\/\/profesional.elpais.com\/soluciones-sindicacion?utm_medium=interno&amp;utm_source=crosslinking&amp;utm_campaign=sindicacion_as_pie_articulos\">aqu\u00ed<\/a><\/p>\n","protected":false},"excerpt":{"rendered":"El concejal Giuseppe Martucci de la localidad de Bolzano (norte de Italia) present\u00f3 este viernes una denuncia por&hellip;\n","protected":false},"author":2,"featured_media":126455,"comment_status":"","ping_status":"","sticky":false,"template":"","format":"standard","meta":{"footnotes":""},"categories":[274],"tags":[168,25,24,23,167,327,326],"class_list":{"0":"post-126454","1":"post","2":"type-post","3":"status-publish","4":"format-standard","5":"has-post-thumbnail","7":"category-tenis","8":"tag-deportes","9":"tag-es","10":"tag-espana","11":"tag-spain","12":"tag-sports","13":"tag-tenis","14":"tag-tennis"},"share_on_mastodon":{"url":"","error":""},"_links":{"self":[{"href":"https:\/\/www.europesays.com\/es\/wp-json\/wp\/v2\/posts\/126454","targetHints":{"allow":["GET"]}}],"collection":[{"href":"https:\/\/www.europesays.com\/es\/wp-json\/wp\/v2\/posts"}],"about":[{"href":"https:\/\/www.europesays.com\/es\/wp-json\/wp\/v2\/types\/post"}],"author":[{"embeddable":true,"href":"https:\/\/www.europesays.com\/es\/wp-json\/wp\/v2\/users\/2"}],"replies":[{"embeddable":true,"href":"https:\/\/www.europesays.com\/es\/wp-json\/wp\/v2\/comments?post=126454"}],"version-history":[{"count":0,"href":"https:\/\/www.europesays.com\/es\/wp-json\/wp\/v2\/posts\/126454\/revisions"}],"wp:featuredmedia":[{"embeddable":true,"href":"https:\/\/www.europesays.com\/es\/wp-json\/wp\/v2\/media\/126455"}],"wp:attachment":[{"href":"https:\/\/www.europesays.com\/es\/wp-json\/wp\/v2\/media?parent=126454"}],"wp:term":[{"taxonomy":"category","embeddable":true,"href":"https:\/\/www.europesays.com\/es\/wp-json\/wp\/v2\/categories?post=126454"},{"taxonomy":"post_tag","embeddable":true,"href":"https:\/\/www.europesays.com\/es\/wp-json\/wp\/v2\/tags?post=126454"}],"curies":[{"name":"wp","href":"https:\/\/api.w.org\/{rel}","templated":true}]}}