{"id":126456,"date":"2025-09-20T01:51:09","date_gmt":"2025-09-20T01:51:09","guid":{"rendered":"https:\/\/www.europesays.com\/es\/126456\/"},"modified":"2025-09-20T01:51:09","modified_gmt":"2025-09-20T01:51:09","slug":"el-delegado-del-gobierno-confirma-que-se-desplegaron-policias-motorizados-en-la-vuelta","status":"publish","type":"post","link":"https:\/\/www.europesays.com\/es\/126456\/","title":{"rendered":"El delegado del Gobierno confirma que se desplegaron polic\u00edas motorizados en La Vuelta"},"content":{"rendered":"<p class=\"\"><b>El delegado del Gobierno en Madrid, Francisco Mart\u00edn, ha asegurado que el pasado domingo se desplegaron agentes de Polic\u00eda Nacional<\/b> en motocicleta como parte del dispositivo de seguridad para la etapa final de la Vuelta a Espa\u00f1a, que fue cancelada por las protestas contra la participaci\u00f3n del equipo Israel-Premier Tech.<\/p>\n<p class=\"\">En declaraciones a los medios en Cervera de Buitrago, Mart\u00edn ha contestado as\u00ed cuando<b> le han preguntado por una informaci\u00f3n publicada este viernes por \u2018El Mundo\u2019,<\/b> seg\u00fan la cual el Gobierno habr\u00eda \u201creplegado a los antidisturbios motorizados\u201d que iban a acompa\u00f1ar a la caravana de la Vuelta.<\/p>\n<p class=\"\"><b>Mart\u00edn ha explicado que \u201cse sustituyeron las motocicletas\u201d<\/b> de los antidisturbios, que se quedaron \u201cfortaleciendo el dispositivo de estos equipos\u201d, <b>por motocicletas de la Unidad de Prevenci\u00f3n y Reacci\u00f3n (UPR), que \u201crealiz\u00f3 ese trabajo\u201d. <\/b>\u201cPor lo tanto, hubo motocicletas policiales\u201d, ha zanjado.<\/p>\n<p class=\"\"><b>Ha aprovechado adem\u00e1s para lamentar que se le se\u00f1ale por dar \u201cinstrucciones operativas a la Polic\u00eda\u201d<\/b>, lo que considera \u201cuna falta de respeto\u201d al cuerpo.<\/p>\n<p class=\"\"><b>\u201cDesde la Delegaci\u00f3n del Gobierno no se dan instrucciones operativas jam\u00e1s.<\/b> Los polic\u00edas son los que conocen c\u00f3mo tienen que operar\u201d, ha explicado Mart\u00edn.<\/p>\n<p class=\"\"><b>El pasado domingo la Polic\u00eda identific\u00f3 a 97 personas por las protestas durante la etapa final de la Vuelta ciclista a Espa\u00f1a<\/b>, de los que cuatro ten\u00edan antecedentes por des\u00f3rdenes p\u00fablicos en Madrid y 7 por delincuencia com\u00fan.<\/p>\n<p>Noticias relacionadas<\/p>\n<p class=\"\"><b>Fuentes del Ministerio del Interior recalcaron que no hay ning\u00fan documento<\/b> interno que acredite que la Polic\u00eda identificara a nueve personas condenadas por kale borroka en Callao y a varios yihadistas durante los incidentes.<\/p>\n<p class=\"\"><b>\u00a1Tus opiniones importan!<\/b> Comenta en los art\u00edculos y suscr\u00edbete gratis a nuestra <a href=\"https:\/\/asfan.as.com\/newsletters\/\" target=\"_blank\" rel=\"nofollow noopener\" title=\"https:\/\/asfan.as.com\/newsletters\/\">newsletter<\/a> y a las alertas informativas en la <a href=\"https:\/\/as.com\/aplicacion-de-as-n\/\" target=\"_blank\" rel=\"nofollow noopener\" title=\"https:\/\/as.com\/aplicacion-de-as-n\/\">App<\/a> o el canal de <a href=\"https:\/\/www.whatsapp.com\/channel\/0029VaAasdA7j6g745nz9M10\" target=\"_blank\" rel=\"nofollow noopener\" title=\"https:\/\/www.whatsapp.com\/channel\/0029VaAasdA7j6g745nz9M10\">WhatsApp<\/a>. \u00bfBuscas licenciar contenido? Haz clic <a href=\"https:\/\/profesional.elpais.com\/soluciones-sindicacion?utm_medium=interno&amp;utm_source=crosslinking&amp;utm_campaign=sindicacion_as_pie_articulos\" target=\"_blank\" rel=\"nofollow noopener\" title=\"https:\/\/profesional.elpais.com\/soluciones-sindicacion?utm_medium=interno&amp;utm_source=crosslinking&amp;utm_campaign=sindicacion_as_pie_articulos\">aqu\u00ed<\/a><\/p>\n","protected":false},"excerpt":{"rendered":"El delegado del Gobierno en Madrid, Francisco Mart\u00edn, ha asegurado que el pasado domingo se desplegaron agentes de&hellip;\n","protected":false},"author":2,"featured_media":126457,"comment_status":"","ping_status":"","sticky":false,"template":"","format":"standard","meta":{"footnotes":""},"categories":[273],"tags":[313,312,168,25,24,23,167],"class_list":{"0":"post-126456","1":"post","2":"type-post","3":"status-publish","4":"format-standard","5":"has-post-thumbnail","7":"category-ciclismo","8":"tag-ciclismo","9":"tag-cycling","10":"tag-deportes","11":"tag-es","12":"tag-espana","13":"tag-spain","14":"tag-sports"},"share_on_mastodon":{"url":"","error":""},"_links":{"self":[{"href":"https:\/\/www.europesays.com\/es\/wp-json\/wp\/v2\/posts\/126456","targetHints":{"allow":["GET"]}}],"collection":[{"href":"https:\/\/www.europesays.com\/es\/wp-json\/wp\/v2\/posts"}],"about":[{"href":"https:\/\/www.europesays.com\/es\/wp-json\/wp\/v2\/types\/post"}],"author":[{"embeddable":true,"href":"https:\/\/www.europesays.com\/es\/wp-json\/wp\/v2\/users\/2"}],"replies":[{"embeddable":true,"href":"https:\/\/www.europesays.com\/es\/wp-json\/wp\/v2\/comments?post=126456"}],"version-history":[{"count":0,"href":"https:\/\/www.europesays.com\/es\/wp-json\/wp\/v2\/posts\/126456\/revisions"}],"wp:featuredmedia":[{"embeddable":true,"href":"https:\/\/www.europesays.com\/es\/wp-json\/wp\/v2\/media\/126457"}],"wp:attachment":[{"href":"https:\/\/www.europesays.com\/es\/wp-json\/wp\/v2\/media?parent=126456"}],"wp:term":[{"taxonomy":"category","embeddable":true,"href":"https:\/\/www.europesays.com\/es\/wp-json\/wp\/v2\/categories?post=126456"},{"taxonomy":"post_tag","embeddable":true,"href":"https:\/\/www.europesays.com\/es\/wp-json\/wp\/v2\/tags?post=126456"}],"curies":[{"name":"wp","href":"https:\/\/api.w.org\/{rel}","templated":true}]}}