{"id":126464,"date":"2025-09-20T01:55:06","date_gmt":"2025-09-20T01:55:06","guid":{"rendered":"https:\/\/www.europesays.com\/es\/126464\/"},"modified":"2025-09-20T01:55:06","modified_gmt":"2025-09-20T01:55:06","slug":"como-oiga-algo-os-llevo-por-delante","status":"publish","type":"post","link":"https:\/\/www.europesays.com\/es\/126464\/","title":{"rendered":"Como oiga algo, os llevo por delante"},"content":{"rendered":"<p>M\u00e1xima tensi\u00f3n esta tarde en el plat\u00f3 de \u201cNo somos nadie\u201d del Canal Quickie. Bel\u00e9n Esteban ha sacado el car\u00e1cter que la hace c\u00e9lebre para <b>denunciar supuestas \u201camenazas\u201d que le habr\u00edan llegado desde el entorno de Carlo Costanzia<\/b> a ra\u00edz de un comentario que realiz\u00f3 sobre ellos en el mismo programa.<\/p>\n<p>Al parecer, Carlo Costanzia padre no se habr\u00eda sentido del todo c\u00f3modo <a title=\"en el cumplea\u00f1os de Terelu Campos\" href=\"https:\/\/www.larazon.es\/gente\/famosos\/tiron-orejas-alejandra-rubio-homenaje-maria-teresa-campos-asi-sido-celebracion-cumpleanos-terelu-campos_2025091868cb1d3e37083b1b01b680dc.html\" target=\"_blank\" rel=\"nofollow noopener\">en el cumplea\u00f1os de Terelu Campos<\/a> porque no hab\u00eda gente \u201cde su nivel\u201d, a lo que Bel\u00e9n Esteban replic\u00f3: \u201c<b>Pues el resto de invitados no tienen a unos hijos y hermanos en la c\u00e1rcel por cortar la pierna a un se\u00f1or<\/b>!\u201d.<\/p>\n<p>Unas palabras por las que la familia aludida, <b>los Costanzia, habr\u00edan advertido a Bel\u00e9n Esteban con airear trapos sucios de su pasado<\/b> que podr\u00edan afectar incluso a su hija, Andrea Janeiro, que se mantiene completamente alejada de la opini\u00f3n p\u00fablica.<\/p>\n<p>No hay que ser fan de Bel\u00e9n Esteban para saber que por su hija mata, y as\u00ed lo ha demostrado esta tarde en \u201cNo somos nadie\u201d, cuando ha cargado sin miramientos contra los Costanzia. \u201c<b>\u00a1De la m\u00eda, ni esto! Yo he hablado mucho, hasta que me dejaron, pero la m\u00eda no ha ido a un plat\u00f3 de televisi\u00f3n<\/b>, ni a hablar de su padre, ni de la Campanario ni de nadie de su familia\u201d, ha comenzado advirtiendo la de Paracuellos.<\/p>\n<p>\u201cTened cuidado\u201d, ha a\u00f1adido, recalcando que su hija no tiene nada que ver con el mundo del couch\u00e9 y que ser\u00e1 implacable si a alguien se le ocurre atacarla p\u00fablicamente: \u201c<b>Como yo oiga algo, os llevo por delante<\/b>. Llevo muchos a\u00f1os aguantando a la gente decir que yo la iba a llevar con 18 a\u00f1os a \u2018S\u00e1lvame Deluxe\u2019. La han llamado de \u2018Gran Hermano\u2019 y \u2018Supervivientes\u2019 d\u00e1ndole un pastizal, pero tiene sus redes an\u00f3nimas porque no quiere nada de esto. Como yo oiga un comentario, no me corto ni un puto pelo, \u00bfvale?\u201d.<\/p>\n<p>A Bel\u00e9n Esteban le han llegado o\u00eddas de que, de seguir atacando p\u00fablicamente a los Costanzia, estos har\u00edan lo propio \u201chablando de mi vida con su padre (el de Andrea, o sea, Jesul\u00edn)\u201d, una amenaza que no amedrenta a la tertuliana. \u201c<b>Si ten\u00e9is cojones, decid una mentira, porque a mi hija no la conoce nadie<\/b>. Cuidado, que mi hija no se gana la vida hablando de su primo ni de sus t\u00edos. Yo s\u00ed\u201d, ha espetado en lo que parece una alusi\u00f3n a Alejandra Rubio, pareja de Carlo Costanzia.<\/p>\n<p>La colaboradora no se acobarda y est\u00e1 dispuesta a hacer del plat\u00f3 su campo de batalla: \u201cA m\u00ed no me hace falta denunciar, mi denuncia la hago aqu\u00ed. <b>Que tengan cojones, que los tengan<\/b>\u201d. La guerra ha comenzado.<\/p>\n","protected":false},"excerpt":{"rendered":"M\u00e1xima tensi\u00f3n esta tarde en el plat\u00f3 de \u201cNo somos nadie\u201d del Canal Quickie. Bel\u00e9n Esteban ha sacado&hellip;\n","protected":false},"author":2,"featured_media":126465,"comment_status":"","ping_status":"","sticky":false,"template":"","format":"standard","meta":{"footnotes":""},"categories":[174],"tags":[255,146,147,25,24,256,23],"class_list":{"0":"post-126464","1":"post","2":"type-post","3":"status-publish","4":"format-standard","5":"has-post-thumbnail","7":"category-famosos","8":"tag-celebrities","9":"tag-entertainment","10":"tag-entretenimiento","11":"tag-es","12":"tag-espana","13":"tag-famosos","14":"tag-spain"},"share_on_mastodon":{"url":"","error":""},"_links":{"self":[{"href":"https:\/\/www.europesays.com\/es\/wp-json\/wp\/v2\/posts\/126464","targetHints":{"allow":["GET"]}}],"collection":[{"href":"https:\/\/www.europesays.com\/es\/wp-json\/wp\/v2\/posts"}],"about":[{"href":"https:\/\/www.europesays.com\/es\/wp-json\/wp\/v2\/types\/post"}],"author":[{"embeddable":true,"href":"https:\/\/www.europesays.com\/es\/wp-json\/wp\/v2\/users\/2"}],"replies":[{"embeddable":true,"href":"https:\/\/www.europesays.com\/es\/wp-json\/wp\/v2\/comments?post=126464"}],"version-history":[{"count":0,"href":"https:\/\/www.europesays.com\/es\/wp-json\/wp\/v2\/posts\/126464\/revisions"}],"wp:featuredmedia":[{"embeddable":true,"href":"https:\/\/www.europesays.com\/es\/wp-json\/wp\/v2\/media\/126465"}],"wp:attachment":[{"href":"https:\/\/www.europesays.com\/es\/wp-json\/wp\/v2\/media?parent=126464"}],"wp:term":[{"taxonomy":"category","embeddable":true,"href":"https:\/\/www.europesays.com\/es\/wp-json\/wp\/v2\/categories?post=126464"},{"taxonomy":"post_tag","embeddable":true,"href":"https:\/\/www.europesays.com\/es\/wp-json\/wp\/v2\/tags?post=126464"}],"curies":[{"name":"wp","href":"https:\/\/api.w.org\/{rel}","templated":true}]}}