{"id":126466,"date":"2025-09-20T01:58:09","date_gmt":"2025-09-20T01:58:09","guid":{"rendered":"https:\/\/www.europesays.com\/es\/126466\/"},"modified":"2025-09-20T01:58:09","modified_gmt":"2025-09-20T01:58:09","slug":"dani-emociona-a-los-coaches-de-la-voz-con-angel-caido","status":"publish","type":"post","link":"https:\/\/www.europesays.com\/es\/126466\/","title":{"rendered":"Dani emociona a los coaches de La Voz con \u2018\u00c1ngel ca\u00eddo\u2019"},"content":{"rendered":"<p><b>Dani<\/b> nunca ha dejado de luchar por hacerse un hueco en la m\u00fasica. \u201cSoy aquel ni\u00f1o que alg\u00fan d\u00eda so\u00f1\u00f3 con estar aqu\u00ed\u201d, confes\u00f3 antes de subirse al escenario de <b>La Voz<\/b>. Con un grupo musical propio y una pasi\u00f3n imparable, lleg\u00f3 dispuesto a cumplir su gran sue\u00f1o.<\/p>\n<p>Para su <b>Audici\u00f3n a ciegas<\/b>, eligi\u00f3 \u2018<b>\u00c1ngel ca\u00eddo<\/b>\u2019, un tema cargado de significado para Pablo L\u00f3pez y Mal\u00fa. Desde las primeras notas consigui\u00f3 poner la piel de gallina tanto al p\u00fablico como a los coaches. Mal\u00fa y Pablo fueron los primeros en pulsar el bot\u00f3n, con una mirada c\u00f3mplice, porque est\u00e1 canci\u00f3n significa mucho para ellos.<\/p>\n<p><b>Mika<\/b> y <b>Sebasti\u00e1n Yatra<\/b> esperaron hasta el \u00faltimo segundo para pulsar el bot\u00f3n. Dani hab\u00eda conseguido un pleno.<\/p>\n<p>La batalla se encendi\u00f3 de inmediato. Mal\u00fa no dud\u00f3 en superbloquear a <b>Pablo L\u00f3pez<\/b>, impidi\u00e9ndole luchar por el talent: \u201cSiempre he dicho que esta es mi canci\u00f3n\u201d, declar\u00f3 entre bromas. Y fue a\u00fan m\u00e1s directa con Dani: \u201cTe quiero en mi vida, en mi equipo y en todos lados\u201d.<\/p>\n<p>Aunque Mika y Yatra trataron de convencerlo, el camino de Dani estaba claro. Finalmente, eligi\u00f3 a Mal\u00fa, convirti\u00e9ndose en uno de los grandes fichajes de la coach en el arranque de la temporada.<\/p>\n<p><b>\u00a1As\u00ed fue su incre\u00edble actuaci\u00f3n! <\/b><\/p>\n<p>   <img decoding=\"async\" title=\"Nela, Pablo L\u00f3pez y Mika\" alt=\"Nela, Pablo L\u00f3pez y Mika\" width=\"480\" height=\"270\" src=\"https:\/\/www.europesays.com\/es\/wp-content\/uploads\/2025\/09\/nela-pablo-lopez-mika_70.jpg\" loading=\"lazy\" class=\"lazy\"\/><\/p>\n","protected":false},"excerpt":{"rendered":"Dani nunca ha dejado de luchar por hacerse un hueco en la m\u00fasica. \u201cSoy aquel ni\u00f1o que alg\u00fan&hellip;\n","protected":false},"author":2,"featured_media":126467,"comment_status":"","ping_status":"","sticky":false,"template":"","format":"standard","meta":{"footnotes":""},"categories":[171],"tags":[146,147,25,24,23,214],"class_list":{"0":"post-126466","1":"post","2":"type-post","3":"status-publish","4":"format-standard","5":"has-post-thumbnail","7":"category-tv","8":"tag-entertainment","9":"tag-entretenimiento","10":"tag-es","11":"tag-espana","12":"tag-spain","13":"tag-tv"},"share_on_mastodon":{"url":"","error":""},"_links":{"self":[{"href":"https:\/\/www.europesays.com\/es\/wp-json\/wp\/v2\/posts\/126466","targetHints":{"allow":["GET"]}}],"collection":[{"href":"https:\/\/www.europesays.com\/es\/wp-json\/wp\/v2\/posts"}],"about":[{"href":"https:\/\/www.europesays.com\/es\/wp-json\/wp\/v2\/types\/post"}],"author":[{"embeddable":true,"href":"https:\/\/www.europesays.com\/es\/wp-json\/wp\/v2\/users\/2"}],"replies":[{"embeddable":true,"href":"https:\/\/www.europesays.com\/es\/wp-json\/wp\/v2\/comments?post=126466"}],"version-history":[{"count":0,"href":"https:\/\/www.europesays.com\/es\/wp-json\/wp\/v2\/posts\/126466\/revisions"}],"wp:featuredmedia":[{"embeddable":true,"href":"https:\/\/www.europesays.com\/es\/wp-json\/wp\/v2\/media\/126467"}],"wp:attachment":[{"href":"https:\/\/www.europesays.com\/es\/wp-json\/wp\/v2\/media?parent=126466"}],"wp:term":[{"taxonomy":"category","embeddable":true,"href":"https:\/\/www.europesays.com\/es\/wp-json\/wp\/v2\/categories?post=126466"},{"taxonomy":"post_tag","embeddable":true,"href":"https:\/\/www.europesays.com\/es\/wp-json\/wp\/v2\/tags?post=126466"}],"curies":[{"name":"wp","href":"https:\/\/api.w.org\/{rel}","templated":true}]}}