{"id":126480,"date":"2025-09-20T02:14:08","date_gmt":"2025-09-20T02:14:08","guid":{"rendered":"https:\/\/www.europesays.com\/es\/126480\/"},"modified":"2025-09-20T02:14:08","modified_gmt":"2025-09-20T02:14:08","slug":"madrid-celebra-la-semana-de-la-movilidad-este-sabado-con-una-ruta-ciclista-por-el-centro-y-premios-en-bicimad","status":"publish","type":"post","link":"https:\/\/www.europesays.com\/es\/126480\/","title":{"rendered":"Madrid celebra la Semana de la Movilidad este s\u00e1bado con una ruta ciclista por el centro y premios en BiciMAD"},"content":{"rendered":"<p class=\"mce\">En el marco de la <a data-content-id=\"\" href=\"https:\/\/www.telemadrid.es\/tag\/Semana-de-la-Movilidad\/\" text=\"Semana Europea de la Movilidad\" title=\"\" target=\"_blank\" rel=\"noopener nofollow\" class=\"mceNonEditable mce\">Semana Europea de la Movilidad<\/a>, el servicio de bicicletas el\u00e9ctricas<strong class=\"mce\"> BiciMAD i<\/strong>nvita a los madrile\u00f1os a participar este <strong class=\"mce\">s\u00e1bado<\/strong> en una ruta ciclista que conectar\u00e1 el Templo de Debod con la Puerta de Alcal\u00e1.<\/p>\n<p class=\"mce\">El delegado de Urbanismo, Medio Ambiente y Movilidad, <strong class=\"mce\">Borja Carabante<\/strong>, anunci\u00f3 desde la estaci\u00f3n de BiciMAD en Cibeles que los primeros 50 participantes que completen el recorrido y sellen su \u00ab<strong class=\"mce\">Pasaporte BiciMAD<\/strong>\u00bb en estaciones clave recibir\u00e1n un mes gratuito de la tarifa plana de BiciMAD y una gorra corporativa. Adem\u00e1s, se entregar\u00e1n camisetas y otros materiales promocionales a todos los asistentes.<\/p>\n<p>        <img loading=\"lazy\" decoding=\"async\" class=\"photo\" src=\"https:\/\/www.telemadrid.es\/2025\/09\/19\/noticias\/madrid\/_2817628237_50553970_720x405.jpg\" bad-src=\"data:image\/gif;base64,R0lGODlhAQABAAAAACH5BAEKAAEALAAAAAABAAEAAAICTAEAOw==\" width=\"720\" height=\"405\" alt=\"Borja Carabante presenta el pasaporte Bicimad \/ Ayuntamiento de Madrid\"\/><\/p>\n<p>                    Borja Carabante presenta el pasaporte Bicimad                     |Ayuntamiento de Madrid<\/p>\n<p class=\"mce\">Los participantes podr\u00e1n sellar su \u00abPasaporte BiciMAD\u00bb en varias estaciones de la red ciclista p\u00fablica durante el recorrido. Los primeros 50 en completarlo recibir\u00e1n un <strong class=\"mce\">mes gratis de la tarifa plana de BiciMAD<\/strong> y una <strong class=\"mce\">gorra corporativa<\/strong>. Adem\u00e1s, se entregar\u00e1n <strong class=\"mce\">camisetas<\/strong> y otros materiales promocionales a todos los asistentes.<\/p>\n<p>                <a href=\"https:\/\/www.telemadrid.es\/noticias\/madrid\/Bicimad-bate-su-record-historico-con-mas-de-66000-viajes-por-la-vuelta-al-cole-y-el-regreso-de-vacaciones-0-2814618517--20250909113854.html\" class=\"lnk\" target=\"_blank\" rel=\"nofollow noopener\">Bicimad bate su r\u00e9cord hist\u00f3rico con m\u00e1s de 66.000 viajes por la vuelta al cole y el regreso de vacaciones<\/a><\/p>\n<p class=\"mce\">La ruta, abierta a todos los ciudadanos, pasar\u00e1 por emblem\u00e1ticos puntos de la capital como <strong class=\"mce\">Plaza de Espa\u00f1a, Gran V\u00eda, Callao, el C\u00edrculo de Bellas Artes, Cibeles<\/strong> y el Ayuntamiento de Madrid, antes de llegar a la Puerta de Alcal\u00e1.<\/p>\n<p>                <a href=\"https:\/\/www.telemadrid.es\/programas\/telenoticias-1\/Estas-son-las-actividades-de-la-Semana-Europea-de-la-Movilidad-en-Madrid-2-2707249262--20240916024031.html\" class=\"lnk\" target=\"_blank\" rel=\"nofollow noopener\">Estas son las actividades de la Semana Europea de la Movilidad en Madrid<\/a><\/p>\n<p class=\"mce\">Esta actividad se suma a las iniciativas de la Semana Europea de la Movilidad, que culminar\u00e1 el <a data-content-id=\"\" href=\"https:\/\/www.telemadrid.es\/programas\/telenoticias-1\/Estas-son-las-actividades-de-la-Semana-Europea-de-la-Movilidad-en-Madrid-2-2707249262--20240916024031.html\" text=\"domingo con eventos en el centro de Madrid, desde Atocha hasta Col\u00f3n\" title=\"\" target=\"_blank\" rel=\"noopener nofollow\" class=\"mceNonEditable mce\">domingo con eventos en el centro de Madrid, desde Atocha hasta Col\u00f3n<\/a>, para promover un transporte m\u00e1s sostenible.<\/p>\n<p class=\"mce\">En paralelo, desde el pasado mi\u00e9rcoles y hasta hoy viernes, <strong class=\"mce\">50 estaciones de BiciMAD<\/strong> en los 21 distritos de Madrid est\u00e1n repartiendo mochilas promocionales a los usuarios que recojan una bicicleta en dichas estaciones.<\/p>\n<p class=\"mce\">Para cerrar la semana, el<strong class=\"mce\"> lunes 22<\/strong> de septiembre, <strong class=\"mce\">D\u00eda Mundial sin Coches<\/strong>, los trayectos de hasta 30 minutos en BiciMAD ser\u00e1n gratuitos, incentivando a\u00fan m\u00e1s el uso de este sistema de transporte.<\/p>\n","protected":false},"excerpt":{"rendered":"En el marco de la Semana Europea de la Movilidad, el servicio de bicicletas el\u00e9ctricas BiciMAD invita a&hellip;\n","protected":false},"author":2,"featured_media":126481,"comment_status":"","ping_status":"","sticky":false,"template":"","format":"standard","meta":{"footnotes":""},"categories":[273],"tags":[313,312,168,25,24,2659,7594,7596,7597,7595,7598,23,167],"class_list":{"0":"post-126480","1":"post","2":"type-post","3":"status-publish","4":"format-standard","5":"has-post-thumbnail","7":"category-ciclismo","8":"tag-ciclismo","9":"tag-cycling","10":"tag-deportes","11":"tag-es","12":"tag-espana","13":"tag-noticias-de-madrid","14":"tag-noticias-de-madrid-de-hoy","15":"tag-noticias-de-madrid-en-directo","16":"tag-noticias-de-madrid-en-vivo","17":"tag-noticias-de-madrid-ultima-hora","18":"tag-noticias-madrid-en-vivo","19":"tag-spain","20":"tag-sports"},"share_on_mastodon":{"url":"","error":""},"_links":{"self":[{"href":"https:\/\/www.europesays.com\/es\/wp-json\/wp\/v2\/posts\/126480","targetHints":{"allow":["GET"]}}],"collection":[{"href":"https:\/\/www.europesays.com\/es\/wp-json\/wp\/v2\/posts"}],"about":[{"href":"https:\/\/www.europesays.com\/es\/wp-json\/wp\/v2\/types\/post"}],"author":[{"embeddable":true,"href":"https:\/\/www.europesays.com\/es\/wp-json\/wp\/v2\/users\/2"}],"replies":[{"embeddable":true,"href":"https:\/\/www.europesays.com\/es\/wp-json\/wp\/v2\/comments?post=126480"}],"version-history":[{"count":0,"href":"https:\/\/www.europesays.com\/es\/wp-json\/wp\/v2\/posts\/126480\/revisions"}],"wp:featuredmedia":[{"embeddable":true,"href":"https:\/\/www.europesays.com\/es\/wp-json\/wp\/v2\/media\/126481"}],"wp:attachment":[{"href":"https:\/\/www.europesays.com\/es\/wp-json\/wp\/v2\/media?parent=126480"}],"wp:term":[{"taxonomy":"category","embeddable":true,"href":"https:\/\/www.europesays.com\/es\/wp-json\/wp\/v2\/categories?post=126480"},{"taxonomy":"post_tag","embeddable":true,"href":"https:\/\/www.europesays.com\/es\/wp-json\/wp\/v2\/tags?post=126480"}],"curies":[{"name":"wp","href":"https:\/\/api.w.org\/{rel}","templated":true}]}}