{"id":126486,"date":"2025-09-20T02:17:12","date_gmt":"2025-09-20T02:17:12","guid":{"rendered":"https:\/\/www.europesays.com\/es\/126486\/"},"modified":"2025-09-20T02:17:12","modified_gmt":"2025-09-20T02:17:12","slug":"juanin-el-eterno-8-del-cordoba-cf-ya-tiene-su-espacio-junto-a-el-arcangel","status":"publish","type":"post","link":"https:\/\/www.europesays.com\/es\/126486\/","title":{"rendered":"Juan\u00edn, el eterno &#8216;8&#8217; del C\u00f3rdoba CF, ya tiene su espacio junto a El Arc\u00e1ngel"},"content":{"rendered":"<p class=\"article-text\">\n        C\u00f3rdoba ha saldado este viernes una de sus deudas hist\u00f3ricas. En un acto cargado de emoci\u00f3n e historias de leyenda, la ciudad ha inaugurado oficialmente la Glorieta Juan Garc\u00eda D\u00edaz &#8216;Juan\u00edn&#8217;. Medio centenar de personas se han congregado en la confluencia de la Avenida de las Lonjas con la del Campo de la Verdad , a la sombra del viejo y del nuevo El Arc\u00e1ngel, para inmortalizar el nombre de una de las mayores leyendas del C\u00f3rdoba CF. Tras un peque\u00f1o sobresalto previo por un error en la rotulaci\u00f3n, subsanado en cuesti\u00f3n de minutos, el alcalde, Jos\u00e9 Mar\u00eda Bellido, y los hijos del futbolista, Juan y Pilar, descubrieron el r\u00f3tulo que ya forma parte de la memoria colectiva de la ciudad.\n    <\/p>\n<p class=\"article-text\">\n        El momento m\u00e1s emotivo ha llegado con la intervenci\u00f3n de su hijo, Juan Garc\u00eda Luna, quiena ha dado las gracias por un reconocimiento \u201ctras muchos a\u00f1os de espera\u201d. \u201cPor fin lleg\u00f3 el d\u00eda, entre todos lo hemos conseguido\u201d , ha afirmado, destacando que \u201cJuan\u00edn sigue muy vivo entre nosotros, aunque su cuerpo nos dej\u00f3 hace algo m\u00e1s de 12 a\u00f1os\u201d. Ha recordado su car\u00e1cter, \u201cfuerte, pero todo coraz\u00f3n\u201d , su decisi\u00f3n de rechazar ofertas de grandes como el Zaragoza o el Atl\u00e9tico de Madrid por quedarse en \u201csu C\u00f3rdoba\u201d y ha finalizado con la frase que, seg\u00fan \u00e9l, mejor define a su padre: \u201cTodos los que vieron jugar a mi padre afirman que ha sido el mejor jugador de la historia del C\u00f3rdoba, pero todos los que lo hab\u00e9is conocido en persona hablan de que era mejor persona que jugador\u201d.\n    <\/p>\n<p class=\"article-text\">\n        Desde el club que fue su vida, el CEO del C\u00f3rdoba CF, Antonio Fern\u00e1ndez Monterrubio, ha calificado el acto como uno \u201cde justicia, de gratitud y de amor hacia quien fue, sin duda, la mayor leyenda de nuestro club\u201d. Monterrubio ha destacado que Juan\u00edn \u201cno fue solo un futbolista extraordinario, fue un s\u00edmbolo de una \u00e9poca dorada\u201d , el pilar de un equipo que permaneci\u00f3 siete inolvidables a\u00f1os en la \u00e9lite. Adem\u00e1s, ha recordado su labor formadora al impulsar, junto a Diego Moreno, la escuela que \u201ca\u00fan hoy forma a ni\u00f1os y ni\u00f1as con los valores que \u00e9l encarnaba: esfuerzo, humildad y pasi\u00f3n por el f\u00fatbol\u201d: Juan\u00edn y Diego.\n    <\/p>\n<p class=\"article-text\">\n        El eco de la leyenda tambi\u00e9n ha resonado desde su tierra natal. El alcalde de Nerva (Huelva) -uno de los lugares que precisamente vieron nacer el f\u00fatbol como disciplina en Espa\u00f1a-, Jos\u00e9 Luis Lozano, se ha desplazado a C\u00f3rdoba para \u201crepresentar a un pueblo con grandeza, pero humilde\u201d, que se enorgullece de haber dado \u201cgente como Juan\u00edn\u201d. Para los ni\u00f1os de su generaci\u00f3n, las haza\u00f1as de su vecino \u201csupon\u00edan una bocanada de aire fresco\u201d , recordando que fue el capit\u00e1n de aquel C\u00f3rdoba CF que qued\u00f3 quinto en Liga por encima del FC Barcelona y que, como dato revelador de su juego, \u201cjam\u00e1s fue amonestado\u201d.\n    <\/p>\n<p class=\"article-text\">\n        Por su parte, el presidente de la Asociaci\u00f3n de Jugadores Veteranos, Jos\u00e9 Ortega, ha subrayado que Juan\u00edn fue \u201cun ejemplo y representaci\u00f3n de los valores de compa\u00f1erismo, solidaridad y disciplina\u201d. Ortega tambi\u00e9n ha aprovechado para lanzar el guante al club y al consistorio para impulsar uno de los proyectos de la asociaci\u00f3n: \u201cla creaci\u00f3n del Museo de la Memoria Hist\u00f3rica del C\u00f3rdoba CF\u201d, que sin duda tendr\u00e1 un lugar especial reservado para la mayor leyenda de la historia blanquiverde.\n    <\/p>\n<p class=\"article-text\">\n        Finalmente, el alcalde de C\u00f3rdoba, Jos\u00e9 Mar\u00eda Bellido, ha cerrado el acto reconociendo que era un \u201cd\u00eda entra\u00f1able y bonito que pasa a formar parte de la historia de la ciudad, del C\u00f3rdoba y de vuestra familia\u201d. Bellido ha compartido un recuerdo personal, explicando c\u00f3mo su propio padre le \u201ccontaba cuando era un ni\u00f1o las historias del gran C\u00f3rdoba de aquella \u00e9poca\u201d y de sus leyendas, entre las que siempre estaba Juan\u00edn. El alcalde ha destacado el \u201clegado humano\u201d del futbolista, especialmente a trav\u00e9s de la escuela Juan\u00edn y Diego, que ha influido \u201cen el futuro y el desarrollo de cientos de miles de ni\u00f1os de esta ciudad\u201d.\n    <\/p>\n<p class=\"article-text\">\n        As\u00ed, el homenaje ha concluido con un aplauso cerrado y la entrega a la familia de una placa conmemorativa por parte de la Asociaci\u00f3n de Veteranos y una camiseta del C\u00f3rdoba CF con el &#8216;8&#8217; a la espalda por parte del club, el n\u00famero del eterno capit\u00e1n, cuyo nombre ya ilumina para siempre el cielo de El Arc\u00e1ngel.\n    <\/p>\n","protected":false},"excerpt":{"rendered":"C\u00f3rdoba ha saldado este viernes una de sus deudas hist\u00f3ricas. En un acto cargado de emoci\u00f3n e historias&hellip;\n","protected":false},"author":2,"featured_media":126487,"comment_status":"","ping_status":"","sticky":false,"template":"","format":"standard","meta":{"footnotes":""},"categories":[268],"tags":[6835,22116,13103,2760,168,25,10558,24,26826,280,282,41063,281,23,167],"class_list":{"0":"post-126486","1":"post","2":"type-post","3":"status-publish","4":"format-standard","5":"has-post-thumbnail","7":"category-futbol","8":"tag-6835","9":"tag-arcangel","10":"tag-cf","11":"tag-cordoba","12":"tag-deportes","13":"tag-es","14":"tag-espacio","15":"tag-espana","16":"tag-eterno","17":"tag-football","18":"tag-futbol","19":"tag-juanin","20":"tag-soccer","21":"tag-spain","22":"tag-sports"},"share_on_mastodon":{"url":"","error":""},"_links":{"self":[{"href":"https:\/\/www.europesays.com\/es\/wp-json\/wp\/v2\/posts\/126486","targetHints":{"allow":["GET"]}}],"collection":[{"href":"https:\/\/www.europesays.com\/es\/wp-json\/wp\/v2\/posts"}],"about":[{"href":"https:\/\/www.europesays.com\/es\/wp-json\/wp\/v2\/types\/post"}],"author":[{"embeddable":true,"href":"https:\/\/www.europesays.com\/es\/wp-json\/wp\/v2\/users\/2"}],"replies":[{"embeddable":true,"href":"https:\/\/www.europesays.com\/es\/wp-json\/wp\/v2\/comments?post=126486"}],"version-history":[{"count":0,"href":"https:\/\/www.europesays.com\/es\/wp-json\/wp\/v2\/posts\/126486\/revisions"}],"wp:featuredmedia":[{"embeddable":true,"href":"https:\/\/www.europesays.com\/es\/wp-json\/wp\/v2\/media\/126487"}],"wp:attachment":[{"href":"https:\/\/www.europesays.com\/es\/wp-json\/wp\/v2\/media?parent=126486"}],"wp:term":[{"taxonomy":"category","embeddable":true,"href":"https:\/\/www.europesays.com\/es\/wp-json\/wp\/v2\/categories?post=126486"},{"taxonomy":"post_tag","embeddable":true,"href":"https:\/\/www.europesays.com\/es\/wp-json\/wp\/v2\/tags?post=126486"}],"curies":[{"name":"wp","href":"https:\/\/api.w.org\/{rel}","templated":true}]}}