{"id":126488,"date":"2025-09-20T02:18:15","date_gmt":"2025-09-20T02:18:15","guid":{"rendered":"https:\/\/www.europesays.com\/es\/126488\/"},"modified":"2025-09-20T02:18:15","modified_gmt":"2025-09-20T02:18:15","slug":"muere-miguel-morales-tio-de-shaila-durcal-y-carmen-morales-a-los-75-anos","status":"publish","type":"post","link":"https:\/\/www.europesays.com\/es\/126488\/","title":{"rendered":"Muere Miguel Morales, t\u00edo de Shaila D\u00farcal y Carmen Morales, a los 75 a\u00f1os"},"content":{"rendered":"<p>Es un d\u00eda triste para la familia Morales. <strong>Miguel, hermano de Junior y t\u00edo de Shaila Durcal y Carmen Morales<\/strong>, ha fallecido a los 75 a\u00f1os en Madrid por problemas de salud que el m\u00fasico jam\u00e1s quiso compartir. Aunque su v\u00ednculo con una de las sagas m\u00e1s famosas de nuestro pa\u00eds lo puso en el foco medi\u00e1tico, Miguel se gan\u00f3 el coraz\u00f3n y el reconocimiento del p\u00fablico por su talento art\u00edstico.<\/p>\n<p><strong>Su amor por la m\u00fasica ven\u00eda de lejos<\/strong>, ya que cuando era m\u00e1s joven form\u00f3 parte de Los Pekenikes, un grupo compuesto por alumnos del Instituto Ramiro de Maeztu de Madrid. De ah\u00ed salt\u00f3 a la banda Barrab\u00e1s, que lleg\u00f3 a tener cierta exposici\u00f3n internacional. Sin embargo, ser\u00eda su participaci\u00f3n en el grupo &#8216;Los Brincos&#8217; lo que supondr\u00eda un antes y un despu\u00e9s en su carrera art\u00edstica.<\/p>\n<p>Tambi\u00e9n estuvo vinculado a a otros proyectos dentro de la industria musical, como composiciones de bandas sonoras para pel\u00edculas. De esta manera, <strong>la cultura espa\u00f1ola pierde a uno de sus referentes de forma inesperada <\/strong>que quiso llevar su vida privada con la mayor discreci\u00f3n.<\/p>\n<p><img loading=\"lazy\" decoding=\"async\"   src=\"https:\/\/www.europesays.com\/es\/wp-content\/uploads\/2025\/09\/miguel-morales-con-los-brincos_c37e16b3_250919200011_1200x800.webp.webp\" alt=\"Miguel Morales con Los Brincos\" class=\"lazyload\" width=\"1200\" height=\"800\" data-aspectratio=\"1200\/800\"\/><\/p>\n<p>Miguel Morales con Los Brincos<\/p>\n<p>&#13;GTRES<\/p>\n<p>\u00a0<\/p>\n<p><img decoding=\"async\" src=\"https:\/\/www.europesays.com\/es\/wp-content\/uploads\/2025\/09\/ana-maria-aldon-no-usar_420bfb70_250919123247_800x800.webp.webp\" alt=\"Ana Maria Aldon NO USAR\" class=\"image lazyload\"\/><img loading=\"lazy\" decoding=\"async\" src=\"https:\/\/www.europesays.com\/es\/wp-content\/uploads\/2025\/09\/ana-maria-aldon-no-usar_420bfb70_250919123257_1280x720.webp.webp\" alt=\"As\u00ed se sincer\u00f3 Ana Mar\u00eda Ald\u00f3n en la revista Lecturas: \u201cMe quise quitar de en medio por culpa de mi familia pol\u00edtico&quot;\" class=\"image lazyload\" width=\"1280\" height=\"720\" data-aspectratio=\"1280\/720\"\/>El \u00faltimo adi\u00f3s a Miguel Morales<\/p>\n<p>Tal como informa &#8216;Vanitatis&#8217;, su velatorio tendr\u00e1 lugar en el Tanatorio Norte de Madrid a partir de esta tarde hasta donde se desplazara su pareja Fedra Lorente y su hija Alejandra, <strong>as\u00ed como amigos y familiares para dar el \u00faltimo adi\u00f3s.<\/strong> Ser\u00e1 ma\u00f1ana s\u00e1bado cuando tenga lugar una ceremonia al mediod\u00eda para dar el \u00faltimo adi\u00f3s a Miguel.<\/p>\n<p><img loading=\"lazy\" decoding=\"async\"   src=\"https:\/\/www.europesays.com\/es\/wp-content\/uploads\/2025\/09\/shaila-durcal_c5a4068a_250919200037_1200x2079.webp.webp\" alt=\"Shaila D\u00farcal\" class=\"lazyload\" width=\"1200\" height=\"2079\" data-aspectratio=\"1200\/2079\"\/>&#13;Instagram @shailadurcal<\/p>\n<p>Antes de todo ello, Shaila D\u00farcal ha querido despedirse de su t\u00edo con un tierno v\u00eddeo en sus stories. En \u00e9l se ve a Miguel bailando al ritmo de la m\u00fasica, sonriente y vivaz. \u00abDEP, t\u00edo Mike\u00bb, ha escrito la joven, <strong>mostrando as\u00ed su dolor y tristeza por esta perdida.<\/strong><\/p>\n<p>Su historia de amor con Fedra Lorente<\/p>\n<p>Aunque su perdida <strong>ha sacudido a todos sus familiares y comunidad musical,<\/strong> hay dos personas que estar\u00e1n especialmente afectadas hoy: su mujer, Fedra Lorente, y su hija Alejandra. Miguel y Fedra se casaron en 1976, despu\u00e9s de que ella se hiciera conocida por su papel de La Bombi en &#8216;Un, dos, tres&#8230;&#8217;.\u00a0<\/p>\n<p><img loading=\"lazy\" decoding=\"async\"   src=\"https:\/\/www.europesays.com\/es\/wp-content\/uploads\/2025\/09\/miguel-morales-y-fedra-lorente_20c41033_250919201423_1200x800.webp.webp\" alt=\"Miguel Morales y Fedra Lorente\" class=\"lazyload\" width=\"1200\" height=\"800\" data-aspectratio=\"1200\/800\"\/>&#13;GTRES<\/p>\n<p>Se dieron el &#8216;s\u00ed quiero&#8217; en la parroquia de San Fernando, en Madrid, tras haber mantenido un noviazgo de 7 a\u00f1os. Junior, hermano de Miguel y marido de Roc\u00edo Durcal, fue el padrino de este enlace. Tal era la alegr\u00eda, que la pareja<strong> abri\u00f3 las puertas de su hogar para que Miguel y Fedra <\/strong>llevaran a cabo all\u00ed la fiesta de despu\u00e9s.<\/p>\n<p>Miguel siempre apoy\u00f3 que Fedra se dedicara en cuerpo y alma a su carrera. Prueba de ello es que no dud\u00f3 en apartar su carrera para acompa\u00f1arla por las giras que hac\u00eda por todo el pa\u00eds. Despu\u00e9s de varios a\u00f1os de aventuras y planes,<strong> adoptaron a su hija, Alejandra, cuando esta ten\u00eda 4 a\u00f1os.<\/strong><\/p>\n","protected":false},"excerpt":{"rendered":"Es un d\u00eda triste para la familia Morales. Miguel, hermano de Junior y t\u00edo de Shaila Durcal y&hellip;\n","protected":false},"author":2,"featured_media":126489,"comment_status":"","ping_status":"","sticky":false,"template":"","format":"standard","meta":{"footnotes":""},"categories":[174],"tags":[255,146,147,25,24,256,23],"class_list":{"0":"post-126488","1":"post","2":"type-post","3":"status-publish","4":"format-standard","5":"has-post-thumbnail","7":"category-famosos","8":"tag-celebrities","9":"tag-entertainment","10":"tag-entretenimiento","11":"tag-es","12":"tag-espana","13":"tag-famosos","14":"tag-spain"},"share_on_mastodon":{"url":"","error":""},"_links":{"self":[{"href":"https:\/\/www.europesays.com\/es\/wp-json\/wp\/v2\/posts\/126488","targetHints":{"allow":["GET"]}}],"collection":[{"href":"https:\/\/www.europesays.com\/es\/wp-json\/wp\/v2\/posts"}],"about":[{"href":"https:\/\/www.europesays.com\/es\/wp-json\/wp\/v2\/types\/post"}],"author":[{"embeddable":true,"href":"https:\/\/www.europesays.com\/es\/wp-json\/wp\/v2\/users\/2"}],"replies":[{"embeddable":true,"href":"https:\/\/www.europesays.com\/es\/wp-json\/wp\/v2\/comments?post=126488"}],"version-history":[{"count":0,"href":"https:\/\/www.europesays.com\/es\/wp-json\/wp\/v2\/posts\/126488\/revisions"}],"wp:featuredmedia":[{"embeddable":true,"href":"https:\/\/www.europesays.com\/es\/wp-json\/wp\/v2\/media\/126489"}],"wp:attachment":[{"href":"https:\/\/www.europesays.com\/es\/wp-json\/wp\/v2\/media?parent=126488"}],"wp:term":[{"taxonomy":"category","embeddable":true,"href":"https:\/\/www.europesays.com\/es\/wp-json\/wp\/v2\/categories?post=126488"},{"taxonomy":"post_tag","embeddable":true,"href":"https:\/\/www.europesays.com\/es\/wp-json\/wp\/v2\/tags?post=126488"}],"curies":[{"name":"wp","href":"https:\/\/api.w.org\/{rel}","templated":true}]}}