{"id":126518,"date":"2025-09-20T02:42:08","date_gmt":"2025-09-20T02:42:08","guid":{"rendered":"https:\/\/www.europesays.com\/es\/126518\/"},"modified":"2025-09-20T02:42:08","modified_gmt":"2025-09-20T02:42:08","slug":"la-ciencia-y-una-imagen-sin-precedentes-vermeer-realizo-un-retrato-masculino-y-lo-cubrio","status":"publish","type":"post","link":"https:\/\/www.europesays.com\/es\/126518\/","title":{"rendered":"La ciencia y una imagen sin precedentes: \u00bfVermeer realiz\u00f3 un retrato masculino y lo cubri\u00f3?"},"content":{"rendered":"<p><img alt=\"El hallazgo reaviva el debate\" class=\"global-image\" decoding=\"async\" fetchpriority=\"high\" height=\"1080\" loading=\"eager\" src=\"https:\/\/www.europesays.com\/es\/wp-content\/uploads\/2025\/09\/7ALIXD5U4JET5IN3RDUASMZVNY.jpg\" width=\"1920\"\/>El hallazgo reaviva el debate sobre la autor\u00eda y las pr\u00e1cticas art\u00edsticas de Vermeer en el siglo XVII<\/p>\n<p class=\"paragraph\">Un retrato masculino oculto bajo la c\u00e9lebre <b>La joven del sombrero rojo<\/b> de <a href=\"https:\/\/www.infobae.com\/tag\/johannes-vermeer\/\" target=\"_blank\" rel=\"noreferrer nofollow noopener\" title=\"https:\/\/www.infobae.com\/tag\/johannes-vermeer\/\"><b>Johannes Vermeer<\/b><\/a> sali\u00f3 a la luz tras investigaciones t\u00e9cnicas recientes, lo que abri\u00f3 la posibilidad de que sea el \u00fanico retrato masculino oculto conocido del artista neerland\u00e9s. <\/p>\n<p class=\"paragraph\">El descubrimiento, realizado en la <a href=\"https:\/\/www.infobae.com\/tag\/national-gallery-of-art-washington\/\" target=\"_blank\" rel=\"noreferrer nofollow noopener\" title=\"https:\/\/www.infobae.com\/tag\/national-gallery-of-art-washington\/\"><b>National Gallery of Art<\/b> de Washington <\/a>y anunciado en septiembre de 2025, podr\u00eda transformar la comprensi\u00f3n de la producci\u00f3n y proceso creativo de Vermeer, seg\u00fan un <a href=\"https:\/\/jhna.org\/articles\/experimentation-and-innovation-in-vermeers-girl-with-the-red-hat\/\" target=\"_blank\" rel=\"noreferrer nofollow noopener\" title=\"https:\/\/jhna.org\/articles\/experimentation-and-innovation-in-vermeers-girl-with-the-red-hat\/\">estudio<\/a> publicado en Journal of Historians of Netherlandish Art (JHNA).<\/p>\n<p class=\"paragraph\">El hallazgo se produjo tras el an\u00e1lisis del panel de <b>La joven del sombrero rojo<\/b>, obra fechada entre 1664 y 1669. Hace tres a\u00f1os, los especialistas de la National Gallery of Art detectaron que se hab\u00eda pintado sobre una composici\u00f3n previa<b>: un retrato masculino convencional. <\/b>Inicialmente, la pincelada suelta y la falta de refinamiento sugirieron que el retrato oculto pertenec\u00eda a un autor desconocido. <\/p>\n<p class=\"paragraph\">Estudios m\u00e1s recientes, con t\u00e9cnicas avanzadas como la reflectograf\u00eda infrarroja y la espectroscop\u00eda de fluorescencia de rayos X, demostraron que Vermeer tambi\u00e9n us\u00f3 una pincelada m\u00e1s libre en las primeras fases de sus cuadros. Seg\u00fan The Art Newspaper, expertos de la <b>National Gallery of Art<\/b> afirmaron: <b>\u201cEl retrato masculino podr\u00eda ser obra del propio Vermeer; esto \u2018a\u00fan no ha sido probado ni refutado\u2019\u201d.<\/b><\/p>\n<p><img alt=\"Descubren un retrato masculino oculto\" class=\"global-image\" decoding=\"async\" fetchpriority=\"low\" height=\"2427\" loading=\"lazy\" src=\"https:\/\/www.europesays.com\/es\/wp-content\/uploads\/2025\/09\/XV4DMC7MXVH4FC7NNIDWKFCN3Q.jpg\" width=\"1920\"\/>Descubren un retrato masculino oculto bajo &#8216;La joven del sombrero rojo&#8217; de Vermeer tras an\u00e1lisis t\u00e9cnicos avanzados<\/p>\n<p class=\"paragraph\">El an\u00e1lisis t\u00e9cnico presentado en JHNA incluy\u00f3 la comparaci\u00f3n de capas de pintura y materiales empleados en las cuatro obras de Vermeer conservadas en la National Gallery of Art. El equipo investigador aplic\u00f3 microscop\u00eda, an\u00e1lisis de pigmentos y mapeo qu\u00edmico para reconstruir la secuencia de trabajo del artista. <\/p>\n<p class=\"paragraph\">Las im\u00e1genes revelaron un retrato de hombre, con sombrero de ala ancha y cuello con lazo, posiblemente realizado entre 1650 y 1655. El panel fue reutilizado, girado ciento ochenta grados, para pintar sobre la composici\u00f3n anterior, una pr\u00e1ctica habitual en la \u00e9poca para estudios o \u201ctronies\u201d.<\/p>\n<p class=\"paragraph\">El debate sobre la autor\u00eda del retrato oculto permaneci\u00f3 abierto. The Art Newspaper present\u00f3 la hip\u00f3tesis de que podr\u00eda tratarse de una obra temprana de <b>Vermeer<\/b>, aunque algunos especialistas sugirieron la posible autor\u00eda de <b>Carel Fabritius<\/b>, artista de Delft y contempor\u00e1neo del pintor, de quien se sabe que Vermeer posey\u00f3 al menos dos retratos masculinos. <\/p>\n<p class=\"paragraph\">Otros expertos, citados en JHNA, descartaron esa atribuci\u00f3n y consideraron que la pincelada suelta podr\u00eda corresponder a las fases iniciales de Vermeer, aunque advirtieron que \u201cla libertad en la ejecuci\u00f3n no constituye por s\u00ed sola una prueba de autor\u00eda\u201d. <\/p>\n<p class=\"paragraph\">El an\u00e1lisis comparativo de las t\u00e9cnicas empleadas en el retrato oculto y otras obras tempranas de Vermeer, como <b>La alcahueta<\/b> (1656), revel\u00f3 coincidencias en el uso de pigmentos y en la aplicaci\u00f3n pict\u00f3rica, pero las diferencias en el tratamiento de la luz y el modelado facial impidieron una atribuci\u00f3n concluyente.<\/p>\n<p><img alt=\"Especialistas emplearon reflectograf\u00eda infrarroja y\" class=\"global-image\" decoding=\"async\" fetchpriority=\"low\" height=\"1080\" loading=\"lazy\" src=\"https:\/\/www.europesays.com\/es\/wp-content\/uploads\/2025\/09\/5OUKT3JRYVHITHP4JTCVRAWIM4.png\" width=\"1920\"\/>Especialistas emplearon reflectograf\u00eda infrarroja y espectroscop\u00eda de rayos X para revelar la pintura bajo la obra<\/p>\n<p class=\"paragraph\">Si se confirma la autor\u00eda, el retrato masculino oculto ser\u00eda el \u00fanico conocido de Vermeer, cuya producci\u00f3n destac\u00f3 por escenas de g\u00e9nero y estudios de cabezas femeninas.<\/p>\n<p class=\"paragraph\">JHNA aclar\u00f3: \u201cNuestro estudio en profundidad\u2026 arroj\u00f3 nueva luz sobre c\u00f3mo Vermeer logr\u00f3 las cualidades visuales que distinguen a \u2018La joven del sombrero rojo\u2019 de sus obras de g\u00e9nero m\u00e1s formales\u201d. Este hallazgo respald\u00f3 la idea de que Vermeer utiliz\u00f3 los \u201ctronies\u201d \u2014 estudios de cabezas o rostros, generalmente an\u00f3nimos y pintados con soltura \u2014 como campo para experimentaci\u00f3n t\u00e9cnica y estil\u00edstica. <\/p>\n<p class=\"paragraph\">La reutilizaci\u00f3n de paneles y la pr\u00e1ctica de estudios r\u00e1pidos fueron frecuentes en el mercado art\u00edstico neerland\u00e9s del siglo XVII, donde los \u201ctronies\u201d se destinaron tanto al aprendizaje como a la venta a precios accesibles.<\/p>\n<p class=\"paragraph\">El contexto hist\u00f3rico aport\u00f3 informaci\u00f3n esencial. <b>Vermeer<\/b>, activo en Delft durante la segunda mitad del siglo XVII, integr\u00f3 una red de artistas que produjeron im\u00e1genes idealizadas de la vida cotidiana para un p\u00fablico sofisticado. <\/p>\n<p><img alt=\"La reutilizaci\u00f3n de paneles y\" class=\"global-image\" decoding=\"async\" fetchpriority=\"low\" height=\"451\" loading=\"lazy\" src=\"https:\/\/www.europesays.com\/es\/wp-content\/uploads\/2025\/09\/VHQ7HYKRVNGZNFKQ7RB6QWKRCQ.jpg\" width=\"602\"\/>La reutilizaci\u00f3n de paneles y la experimentaci\u00f3n con &#8216;tronies&#8217; eran pr\u00e1cticas comunes en el mercado art\u00edstico neerland\u00e9s del siglo XVII<\/p>\n<p class=\"paragraph\">De sus aproximadamente treinta y cinco obras aceptadas, solo tres pertenecen a la categor\u00eda de \u201ctronies\u201d de busto: <b>La joven del sombrero rojo<\/b>, <b>La joven de la perla<\/b> y <b>Estudio de una joven<\/b>. <\/p>\n<p class=\"paragraph\">La reutilizaci\u00f3n de soportes y la experimentaci\u00f3n con color y pincelada en estas obras reflejaron una etapa de transici\u00f3n en la carrera del pintor, quien, seg\u00fan JHNA, \u201cpuede haber buscado ampliar su p\u00fablico y adaptarse a las condiciones cambiantes del mercado\u201d.<\/p>\n<p class=\"paragraph\">El hallazgo gener\u00f3 posiciones opuestas entre los especialistas. Algunos consideraron que la identificaci\u00f3n de un retrato masculino de Vermeer abrir\u00eda nuevas v\u00edas para estudiar su evoluci\u00f3n art\u00edstica y su relaci\u00f3n con otros g\u00e9neros pict\u00f3ricos. <\/p>\n<p class=\"paragraph\">Otros insistieron en la necesidad de realizar m\u00e1s pruebas t\u00e9cnicas y analizar comparativamente antes de modificar el cat\u00e1logo del artista. JHNA sostuvo: \u201cLa posibilidad no puede descartarse f\u00e1cilmente \u2014 ahora sabemos que Vermeer pint\u00f3 con libertad en la etapa de la pintura preparatoria \u2014, pero la ejecuci\u00f3n libre no constituye por s\u00ed sola una atribuci\u00f3n\u201d. <\/p>\n<p class=\"paragraph\">El debate sobre la autor\u00eda y la funci\u00f3n de los \u201ctronies\u201d en la obra de Vermeer seguir\u00e1 abierto mientras se esperan futuras investigaciones.<\/p>\n","protected":false},"excerpt":{"rendered":"El hallazgo reaviva el debate sobre la autor\u00eda y las pr\u00e1cticas art\u00edsticas de Vermeer en el siglo XVII&hellip;\n","protected":false},"author":2,"featured_media":126519,"comment_status":"","ping_status":"","sticky":false,"template":"","format":"standard","meta":{"footnotes":""},"categories":[173],"tags":[229,233,231,230,232,234,146,147,25,24,23],"class_list":{"0":"post-126518","1":"post","2":"type-post","3":"status-publish","4":"format-standard","5":"has-post-thumbnail","7":"category-arte-y-diseno","8":"tag-arte","9":"tag-arte-y-diseno","10":"tag-arts","11":"tag-arts-and-design","12":"tag-design","13":"tag-diseno","14":"tag-entertainment","15":"tag-entretenimiento","16":"tag-es","17":"tag-espana","18":"tag-spain"},"share_on_mastodon":{"url":"","error":""},"_links":{"self":[{"href":"https:\/\/www.europesays.com\/es\/wp-json\/wp\/v2\/posts\/126518","targetHints":{"allow":["GET"]}}],"collection":[{"href":"https:\/\/www.europesays.com\/es\/wp-json\/wp\/v2\/posts"}],"about":[{"href":"https:\/\/www.europesays.com\/es\/wp-json\/wp\/v2\/types\/post"}],"author":[{"embeddable":true,"href":"https:\/\/www.europesays.com\/es\/wp-json\/wp\/v2\/users\/2"}],"replies":[{"embeddable":true,"href":"https:\/\/www.europesays.com\/es\/wp-json\/wp\/v2\/comments?post=126518"}],"version-history":[{"count":0,"href":"https:\/\/www.europesays.com\/es\/wp-json\/wp\/v2\/posts\/126518\/revisions"}],"wp:featuredmedia":[{"embeddable":true,"href":"https:\/\/www.europesays.com\/es\/wp-json\/wp\/v2\/media\/126519"}],"wp:attachment":[{"href":"https:\/\/www.europesays.com\/es\/wp-json\/wp\/v2\/media?parent=126518"}],"wp:term":[{"taxonomy":"category","embeddable":true,"href":"https:\/\/www.europesays.com\/es\/wp-json\/wp\/v2\/categories?post=126518"},{"taxonomy":"post_tag","embeddable":true,"href":"https:\/\/www.europesays.com\/es\/wp-json\/wp\/v2\/tags?post=126518"}],"curies":[{"name":"wp","href":"https:\/\/api.w.org\/{rel}","templated":true}]}}