{"id":126522,"date":"2025-09-20T02:46:03","date_gmt":"2025-09-20T02:46:03","guid":{"rendered":"https:\/\/www.europesays.com\/es\/126522\/"},"modified":"2025-09-20T02:46:03","modified_gmt":"2025-09-20T02:46:03","slug":"al-fin-ha-aparecido-el-joker-de-absolute-batman-y-mete-tanto-panico-que-mejor-se-va-poner-a-salvar-gotham-tu-tia-la-coja","status":"publish","type":"post","link":"https:\/\/www.europesays.com\/es\/126522\/","title":{"rendered":"Al fin ha aparecido el Joker de Absolute Batman y mete tanto p\u00e1nico que mejor se va poner a salvar Gotham tu t\u00eda la coja"},"content":{"rendered":"<p>Desde el primer momento en el que apareci\u00f3 <strong>Absolute Batman<\/strong> frente a nosotros, nos dimos cuenta de que el universo que ha creado DC Comics es&#8230; poco amable. Las nuevas versiones de los personajes vinculados al Caballero Oscuro son extremadamente grotescas o infunden un terror descomunal, por lo que faltaba ver c\u00f3mo ser\u00eda el mism\u00edsimo <strong>Joker<\/strong>.<\/p>\n<p>El gran enemigo del murci\u00e9lago ya hab\u00eda aparecido en varios n\u00fameros de la serie de Scott Snyder y Nick Dragotta, pero su apariencia era la de una persona completamente normal. Sin embargo, <strong>Absolute Batman #15<\/strong> nos ha mostrado la portada en la que aparece un Joker con un aspecto horrendo y que parece sacado de una pel\u00edcula gore.<\/p>\n<p>    <a href=\"https:\/\/www.vidaextra.com\/comics\/este-show-superheroes-parece-delirio-ia-rota-reflejo-locos-que-fueron-70s\" class=\"pivot-outboundlink\" data-vars-post-title=\"Legends of the Super-Heroes: cuando la Liga de la Justicia toc\u00f3 fondo en televisi\u00f3n\" rel=\"nofollow noopener\" target=\"_blank\"><br \/>\n     <img loading=\"lazy\" decoding=\"async\" alt=\"Legends of the Super-Heroes: cuando la Liga de la Justicia toc\u00f3 fondo en televisi\u00f3n\" width=\"375\" height=\"142\" src=\"https:\/\/i.blogs.es\/2c33c1\/legion-super-heroes\/375_142.webp\" onerror=\"this.src=\" https:=\"\"\/><br \/>\n    <\/a><\/p>\n<p>                   <img class=\"centro_sinmarco\" height=\"1476\" width=\"972\" loading=\"lazy\" decoding=\"async\"  fetchpriority=\"high\"  src=\"https:\/\/i.blogs.es\/9a1af5\/g1ous6dwkaeww9b\/450_1000.webp\" alt=\"Joker Absolute Batman\" onerror=\"this.src=\" https:=\"\" false=\"\"\/><\/p>\n<p>\u00abAlfred le revela a Bruce la historia del hombre al que ha estado persiguiendo durante a\u00f1os. \u00a1Entra en escena: Joker!\u00bb, <a rel=\"noopener, noreferrer nofollow\" href=\"https:\/\/screenrant.com\/new-joker-design-absolute-dc-comics\/\" target=\"_blank\">relata una sinopsis<\/a> que nos anticipa que algo bastante salvaje va a suceder. <strong>La apariencia es de pesadilla<\/strong>, pues cuenta con un cuerpo enorme, una cola demon\u00edaca, unas garras afiladas, una boca gigante repleta de colmillos y hasta cuernos para coronar una figura musculada.<\/p>\n<p>No se sabe qu\u00e9 es lo que le puede suceder al Joker que hemos conocido hasta ahora para que termine transformado en este ser, pero desde luego que Batman va a tener que ir con pies de plomo para enfrentarse a \u00e9l. La respuesta la descubriremos el pr\u00f3ximo <strong>10 de diciembre de 2025<\/strong>, por lo que hay mucho tiempo para seguir teorizando.<\/p>\n<p>En VidaExtra |\u00a0<a class=\"text-outboundlink\" href=\"https:\/\/www.vidaextra.com\/comics\/que-batman-teme-a-plastic-man-uno-heroes-divertidos-dc-comics\" data-vars-post-title=\"Por qu\u00e9 Batman teme tanto a Plastic Man, uno de los h\u00e9roes m\u00e1s bobos (y divertidos) de DC Comics\" data-vars-post-url=\"https:\/\/www.vidaextra.com\/comics\/que-batman-teme-a-plastic-man-uno-heroes-divertidos-dc-comics\" rel=\"nofollow noopener\" target=\"_blank\">Por qu\u00e9 Batman teme tanto a Plastic Man, uno de los h\u00e9roes m\u00e1s bobos (y divertidos) de DC Comics<\/a><\/p>\n<p>En VidaExtra |\u00a0<a class=\"text-outboundlink\" href=\"https:\/\/www.vidaextra.com\/comics\/batman-no-unico-heroe-coche-spider-movil-existio-fue-fiasco-que-a-spider-man-le-daba-verguenza-conducir\" data-vars-post-title=\"Batman no es el \u00fanico h\u00e9roe con coche: el Spider-M\u00f3vil existi\u00f3 y fue un fiasco que a Spider-Man le daba verg\u00fcenza conducir \" data-vars-post-url=\"https:\/\/www.vidaextra.com\/comics\/batman-no-unico-heroe-coche-spider-movil-existio-fue-fiasco-que-a-spider-man-le-daba-verguenza-conducir\" rel=\"nofollow noopener\" target=\"_blank\">Batman no es el \u00fanico h\u00e9roe con coche: el Spider-M\u00f3vil existi\u00f3 y fue un fiasco que a Spider-Man le daba verg\u00fcenza conducir<\/a><\/p>\n<p>En VidaExtra |\u00a0<a class=\"text-outboundlink\" href=\"https:\/\/www.vidaextra.com\/listas\/13-secretos-curiosidades-batman-cruzado-enmascarado-que-quizas-hayas-pasado-alto\" data-vars-post-title=\"13 secretos y curiosidades de Batman: El Cruzado Enmascarado que quiz\u00e1s hayas pasado por alto\" data-vars-post-url=\"https:\/\/www.vidaextra.com\/listas\/13-secretos-curiosidades-batman-cruzado-enmascarado-que-quizas-hayas-pasado-alto\" rel=\"nofollow noopener\" target=\"_blank\">13 secretos y curiosidades de Batman: El Cruzado Enmascarado que quiz\u00e1s hayas pasado por alto<\/a><\/p>\n<p><\/p>\n","protected":false},"excerpt":{"rendered":"Desde el primer momento en el que apareci\u00f3 Absolute Batman frente a nosotros, nos dimos cuenta de que&hellip;\n","protected":false},"author":2,"featured_media":126523,"comment_status":"","ping_status":"","sticky":false,"template":"","format":"standard","meta":{"footnotes":""},"categories":[169],"tags":[177,146,147,25,24,176,175,23],"class_list":{"0":"post-126522","1":"post","2":"type-post","3":"status-publish","4":"format-standard","5":"has-post-thumbnail","7":"category-cine","8":"tag-cine","9":"tag-entertainment","10":"tag-entretenimiento","11":"tag-es","12":"tag-espana","13":"tag-film","14":"tag-movies","15":"tag-spain"},"share_on_mastodon":{"url":"","error":""},"_links":{"self":[{"href":"https:\/\/www.europesays.com\/es\/wp-json\/wp\/v2\/posts\/126522","targetHints":{"allow":["GET"]}}],"collection":[{"href":"https:\/\/www.europesays.com\/es\/wp-json\/wp\/v2\/posts"}],"about":[{"href":"https:\/\/www.europesays.com\/es\/wp-json\/wp\/v2\/types\/post"}],"author":[{"embeddable":true,"href":"https:\/\/www.europesays.com\/es\/wp-json\/wp\/v2\/users\/2"}],"replies":[{"embeddable":true,"href":"https:\/\/www.europesays.com\/es\/wp-json\/wp\/v2\/comments?post=126522"}],"version-history":[{"count":0,"href":"https:\/\/www.europesays.com\/es\/wp-json\/wp\/v2\/posts\/126522\/revisions"}],"wp:featuredmedia":[{"embeddable":true,"href":"https:\/\/www.europesays.com\/es\/wp-json\/wp\/v2\/media\/126523"}],"wp:attachment":[{"href":"https:\/\/www.europesays.com\/es\/wp-json\/wp\/v2\/media?parent=126522"}],"wp:term":[{"taxonomy":"category","embeddable":true,"href":"https:\/\/www.europesays.com\/es\/wp-json\/wp\/v2\/categories?post=126522"},{"taxonomy":"post_tag","embeddable":true,"href":"https:\/\/www.europesays.com\/es\/wp-json\/wp\/v2\/tags?post=126522"}],"curies":[{"name":"wp","href":"https:\/\/api.w.org\/{rel}","templated":true}]}}