{"id":126538,"date":"2025-09-20T03:00:11","date_gmt":"2025-09-20T03:00:11","guid":{"rendered":"https:\/\/www.europesays.com\/es\/126538\/"},"modified":"2025-09-20T03:00:11","modified_gmt":"2025-09-20T03:00:11","slug":"el-campeonato-de-espana-master-de-ciclismo-de-san-leonardo-afectara-al-trafico-de-la-zona-este-fin-de-semana","status":"publish","type":"post","link":"https:\/\/www.europesays.com\/es\/126538\/","title":{"rendered":"El Campeonato de Espa\u00f1a M\u00e1ster de ciclismo de San Leonardo afectar\u00e1 al tr\u00e1fico de la zona este fin de semana"},"content":{"rendered":"<p>La localidad de San Leonardo de Yag\u00fce (Soria) acoge desde esta tarde y hasta el domingo el Campeonato de Espa\u00f1a M\u00e1ster de ciclismo en carretera, un G.P. I Trofeo San Leonardo que resulta una cita ineludible en el calendario nacional y que reunir\u00e1 a los mejores ciclistas del pa\u00eds de las distintas categor\u00edas m\u00e1ster. La cita afectar\u00e1 durante los momentos de la disputa a alguna de las carreteras del entorno de San Leonardo y de los pueblos cercanos. <a target=\"_blank\" href=\"https:\/\/yosoyciclista.s3.amazonaws.com\/documentos\/smartweb\/noticia\/59843\/documentos\/doc_68ca862ab3c9d8_36790294_imagen_programa-campeonato-.pdf\" rel=\"nofollow noopener\"><strong>CONSULTAR RUT\u00d3METRO DE LOS TRES D\u00cdAS<\/strong><\/a><\/p>\n<p><a target=\"_blank\" href=\"https:\/\/www.desdesoria.es\/ads\/20250917071933876250\" rel=\"nofollow noopener\"> <img loading=\"lazy\" decoding=\"async\" src=\"https:\/\/www.europesays.com\/es\/wp-content\/uploads\/2025\/09\/1758225625_788_2025091707180676234.gif\" alt=\"Publicidad 876250\" width=\"728\" height=\"90\" class=\"lazyload\" \/> <\/a><\/p>\n<p>La competici\u00f3n, organizada por el\u00a0CD Sport Navaleno, comprender\u00e1 tanto pruebas contrarreloj el viernes 19 de septiembre como pruebas en l\u00ednea el s\u00e1bado 20 (todas las categor\u00edas excepto m\u00e1ster 40 hombres) y el domingo 21 de septiembre (carrera m\u00e1ster 40 masculina).\u00a0Los nuevos campeones de Espa\u00f1a M\u00e1ster Contrarreloj se dilucidar\u00e1n sobre un recorrido llano de 14 kil\u00f3metros en el que los mejores rodadores podr\u00e1n hacer gala de su golpe de pedal.<\/p>\n<p>El s\u00e1bado la acci\u00f3n comenzar\u00e1 con la prueba Master 30 masculina a las 8:30 horas de la ma\u00f1ana. Los ciclistas afrontar\u00e1n 93 km por un recorrido espectacular por impresionantes pinares en la parte principal hasta llegar a San Leonardo de Yag\u00fce, donde arrancar\u00e1 la segunda parte del circuito con m\u00e1s dureza acumulada. El alto de La Galiana, a 15 km de meta, bien podr\u00eda dictar sentencia en la carrera. El punto de salida y meta ser\u00e1 el mismo para todas las categor\u00edas.<\/p>\n<p>La segunda prueba de la ma\u00f1ana, la carrera de m\u00e1ster 50, arrancar\u00e1 a las 12:30 h.\u00a0\u00a0y tendr\u00e1 lugar sobre un trazado de 76 km. La prueba tendr\u00e1 un recorrido similar a la de m\u00e1ster 30, con los 15 primeros kil\u00f3metros id\u00e9nticos a la anterior carrera, acortando en este punto el recorrido anterior para enlazar con la exigente parte final y la decisiva subida a la Galiana como punto clave, donde se espera que se produzca un corte que puede llegar a meta.<\/p>\n<p>El s\u00e1bado la acci\u00f3n comenzar\u00e1 con la prueba Master 30 masculina a las 8:30 horas de la ma\u00f1ana. Los ciclistas afrontar\u00e1n 93 km por un recorrido espectacular por impresionantes pinares en la parte principal hasta llegar a San Leonardo de Yag\u00fce, donde arrancar\u00e1 la segunda parte del circuito con m\u00e1s dureza acumulada. El alto de La Galiana, a 15 km de meta, bien podr\u00eda dictar sentencia en la carrera. El punto de salida y meta ser\u00e1 el mismo para todas las categor\u00edas.<\/p>\n<p>La segunda prueba de la ma\u00f1ana, la carrera de m\u00e1ster 50, arrancar\u00e1 a las 12:30 h.\u00a0\u00a0y tendr\u00e1 lugar sobre un trazado de 76 km. La prueba tendr\u00e1 un recorrido similar a la de m\u00e1ster 30, con los 15 primeros kil\u00f3metros id\u00e9nticos a la anterior carrera, acortando en este punto el recorrido anterior para enlazar con la exigente parte final y la decisiva subida a la Galiana como punto clave, donde se espera que se produzca un corte que puede llegar a meta.<\/p>\n","protected":false},"excerpt":{"rendered":"La localidad de San Leonardo de Yag\u00fce (Soria) acoge desde esta tarde y hasta el domingo el Campeonato&hellip;\n","protected":false},"author":2,"featured_media":126539,"comment_status":"","ping_status":"","sticky":false,"template":"","format":"standard","meta":{"footnotes":""},"categories":[273],"tags":[313,312,168,25,24,6436,41066,492,23,167],"class_list":{"0":"post-126538","1":"post","2":"type-post","3":"status-publish","4":"format-standard","5":"has-post-thumbnail","7":"category-ciclismo","8":"tag-ciclismo","9":"tag-cycling","10":"tag-deportes","11":"tag-es","12":"tag-espana","13":"tag-provincia","14":"tag-san-leonardo-de-yague","15":"tag-sociedad","16":"tag-spain","17":"tag-sports"},"share_on_mastodon":{"url":"","error":""},"_links":{"self":[{"href":"https:\/\/www.europesays.com\/es\/wp-json\/wp\/v2\/posts\/126538","targetHints":{"allow":["GET"]}}],"collection":[{"href":"https:\/\/www.europesays.com\/es\/wp-json\/wp\/v2\/posts"}],"about":[{"href":"https:\/\/www.europesays.com\/es\/wp-json\/wp\/v2\/types\/post"}],"author":[{"embeddable":true,"href":"https:\/\/www.europesays.com\/es\/wp-json\/wp\/v2\/users\/2"}],"replies":[{"embeddable":true,"href":"https:\/\/www.europesays.com\/es\/wp-json\/wp\/v2\/comments?post=126538"}],"version-history":[{"count":0,"href":"https:\/\/www.europesays.com\/es\/wp-json\/wp\/v2\/posts\/126538\/revisions"}],"wp:featuredmedia":[{"embeddable":true,"href":"https:\/\/www.europesays.com\/es\/wp-json\/wp\/v2\/media\/126539"}],"wp:attachment":[{"href":"https:\/\/www.europesays.com\/es\/wp-json\/wp\/v2\/media?parent=126538"}],"wp:term":[{"taxonomy":"category","embeddable":true,"href":"https:\/\/www.europesays.com\/es\/wp-json\/wp\/v2\/categories?post=126538"},{"taxonomy":"post_tag","embeddable":true,"href":"https:\/\/www.europesays.com\/es\/wp-json\/wp\/v2\/tags?post=126538"}],"curies":[{"name":"wp","href":"https:\/\/api.w.org\/{rel}","templated":true}]}}