{"id":12654,"date":"2025-07-29T22:40:13","date_gmt":"2025-07-29T22:40:13","guid":{"rendered":"https:\/\/www.europesays.com\/es\/12654\/"},"modified":"2025-07-29T22:40:13","modified_gmt":"2025-07-29T22:40:13","slug":"como-luce-jacob-elordi-como-el-frankenstein-de-guillermo-del-toro","status":"publish","type":"post","link":"https:\/\/www.europesays.com\/es\/12654\/","title":{"rendered":"\u00bfC\u00f3mo luce Jacob Elordi como el Frankenstein de Guillermo Del Toro?"},"content":{"rendered":"<p><img decoding=\"async\" src=\"https:\/\/www.europesays.com\/es\/wp-content\/uploads\/2025\/07\/Jacob-Elordi.jpg\" alt=\"Jacob Elordi Frankenstein\"\/>Jacob Elordi  se inspir\u00f3 en la interpretaci\u00f3n de Boris Karloff de 1931<\/p>\n<p>A meses de su estreno, Frankenstein, la <a href=\"https:\/\/www.elnacional.com\/2025\/06\/el-frankenstein-de-guillermo-del-toro-enloquece-a-oscar-isaac\/\" rel=\"nofollow noopener\" target=\"_blank\">nueva pel\u00edcula de\u00a0Guillermo del Toro<\/a>\u00a0para\u00a0<strong>Netflix<\/strong>, ya empieza a mostrar sus\u00a0<strong>primeras im\u00e1genes<\/strong>.<\/p>\n<p>Hace semanas, <strong>la plataforma dio un peque\u00f1o adelanto de la producci\u00f3n <\/strong>en el que mostr\u00f3 al actor\u00a0<strong>Oscar Isaac<\/strong>\u00a0como el\u00a0<strong>atormentado doctor Victor Frankentein<\/strong>. Ahora sorprendieron a los fans al revelar el<strong>\u00a0primer vistazo del monstruo<\/strong>\u00a0interpretado por\u00a0<strong>Jacob Elordi<\/strong>.<\/p>\n<blockquote class=\"instagram-media\" data-instgrm-permalink=\"https:\/\/www.instagram.com\/p\/DMqZSpWP1DT\/?img_index=1\" data-instgrm-version=\"14\" style=\"max-width: 500px\"\/>\n<p>Las im\u00e1genes fueron compartidas en las cuentas oficiales de Netflix y <strong>aunque no se deja ver el aspecto completo de la criatura, se pueden disntinguir algunos detalles.<\/strong><\/p>\n<p><strong>El monstruo de Elordi muestra con piel verdosa<\/strong>, <strong>marcas y\u00a0cicatrices<\/strong>\u00a0<strong>en el rostro y<\/strong>\u00a0<strong>ojeras profundas<\/strong> que adelantan el dolor y la confusi\u00f3n del personaje. Adem\u00e1s, aparece con una t\u00fanica sobre la cabeza y una especie de abrigo de piel que cubre su cuerpo.<\/p>\n<p><strong>Aunque falta para su estreno (noviembre) el p\u00fablico ya la considera una obra de arte<\/strong>, y es que la elecci\u00f3n del elenco y la participaci\u00f3n de Del Toro en la direcci\u00f3n ha elevado las expectativas.<\/p>\n<p>\u00abSe viene tremenda joya\u00bb, \u00abExpectativas alt\u00edsimas\u00bb, \u00abDestinada a ser un \u00e9xito\u00bb, \u00abSi Guillermo la escribi\u00f3 seguro es una obra maestra\u00bb, \u00abSe ve brutal\u00bb, \u00ab\u00a1Madre m\u00eda, lo que se viene!\u00bb, \u00abDel Toro haciendo monstruos, la receta del \u00e9xito\u00bb, \u00abEsto va a estar bueno\u00bb, son algunos de los comentarios.<\/p>\n<p>El protagonista de Euphoria detall\u00f3 que para este proyecto recurri\u00f3 a los referentes del cine, como la interpretaci\u00f3n de Boris Karloff de 1931, mientras que<strong> el cineasta mexicano opt\u00f3 por alejarse del guion original y profundizar en los sentimientos de la criatura<\/strong>.<\/p>\n<p>\u201cEs la idea de una persona que pasa de beb\u00e9 a ser humano en poco tiempo y se expone a todo: fr\u00edo, calor, violencia, amor, p\u00e9rdida. Y luego acude a su creador y le pregunta: \u2018\u00bfPor qu\u00e9 me pusiste aqu\u00ed? \u00bfQu\u00e9 tengo que aprender de mi sufrimiento?\u2019\u201d, dijo en entrevista para Vanity Fair.<\/p>\n<p>En el elenco tambi\u00e9n destacan <a href=\"https:\/\/www.imdb.com\/es\/name\/nm5301405\/\" rel=\"nofollow noopener\" target=\"_blank\">Mia Goth<\/a>, Christoph Waltz, Felix Kammerer y David Bradley.<\/p>\n<p>Relacionadas<br \/>\n<a href=\"https:\/\/www.elnacional.com\/2025\/07\/activista-que-colaboro-en-documental-ganador-del-oscar-fue-asesinado-por-un-colono-israeli\/\" title=\"Activista que colabor\u00f3 en documental ganador del Oscar fue asesinado por un colono israel\u00ed\" rel=\"nofollow noopener\" target=\"_blank\"><br \/>\n<img decoding=\"async\" src=\"https:\/\/www.europesays.com\/es\/wp-content\/uploads\/2025\/07\/No-Other-Land-palestina--640x450.jpg\" alt=\"Activista que colabor\u00f3 en documental ganador del Oscar fue asesinado por un colono israel\u00ed\" title=\"Activista que colabor\u00f3 en documental ganador del Oscar fue asesinado por un colono israel\u00ed\"\/><br \/>\n<\/a><\/p>\n<p>\njulio 29, 2025<\/p>\n<p><a href=\"https:\/\/www.elnacional.com\/2025\/07\/avatar-fuego-y-cenizas-que-revela-el-trailer-del-filme\/\" title=\"\u00bfQu\u00e9 muestra el tr\u00e1iler de Avatar: fuego y cenizas?\" rel=\"nofollow noopener\" target=\"_blank\"><br \/>\n<img src=\"data:image\/png;base64,iVBORw0KGgoAAAANSUhEUgAAAoAAAAFnAQAAAAAeH8UpAAAAAnRSTlMAAHaTzTgAAAAzSURBVHja7cEBDQAAAMKg909tDjegAAAAAAAAAAAAAAAAAAAAAAAAAAAAAAAAAAAAAC4NcZcAAfx8cAQAAAAASUVORK5CYII=\" alt=\"\u00bfQu\u00e9 muestra el tr\u00e1iler de Avatar: fuego y cenizas?\" title=\"\u00bfQu\u00e9 muestra el tr\u00e1iler de Avatar: fuego y cenizas?\" data-src=\"https:\/\/www.europesays.com\/es\/wp-content\/uploads\/2025\/07\/Avatar-640x359.jpg\" decoding=\"async\" class=\"lazyload\" data-eio-rwidth=\"640\" data-eio-rheight=\"359\"\/><br \/>\n<\/a><\/p>\n<p>\njulio 29, 2025<\/p>\n<p><a href=\"https:\/\/www.elnacional.com\/2025\/07\/bad-bunny-sobre-los-primeros-shows-de-su-residencia-no-tengo-palabras\/\" title=\"Bad Bunny sobre los primeros shows de su residencia: \u201cNo tengo palabras para describir el sentimiento\u201d\" rel=\"nofollow noopener\" target=\"_blank\"><br \/>\n<img src=\"data:image\/png;base64,iVBORw0KGgoAAAANSUhEUgAAAoAAAAGrAQAAAAB4NRvmAAAAAnRSTlMAAHaTzTgAAAA4SURBVHja7cExAQAAAMKg9U\/tbQegAAAAAAAAAAAAAAAAAAAAAAAAAAAAAAAAAAAAAAAAAAAA4AyHGwABJ2xdRQAAAABJRU5ErkJggg==\" alt=\"Bad Bunny sobre los primeros shows de su residencia: \u201cNo tengo palabras para describir el sentimiento\u201d\" title=\"Bad Bunny sobre los primeros shows de su residencia: \u201cNo tengo palabras para describir el sentimiento\u201d\" data-src=\"https:\/\/www.europesays.com\/es\/wp-content\/uploads\/2025\/07\/AFP__20250712__66KQ7JZ__v1__HighRes__UsPuertoRicoEntertainmentMusicBadBunny-640x427.jpg\" decoding=\"async\" class=\"lazyload\" data-eio-rwidth=\"640\" data-eio-rheight=\"427\"\/><br \/>\n<\/a><\/p>\n<p>\njulio 29, 2025<\/p>\n<p><a href=\"https:\/\/www.elnacional.com\/2025\/07\/termino-la-rivalidad-tom-cruise-asistio-a-uno-de-los-conciertos-de-oasis\/\" title=\"\u00bfTermin\u00f3 la rivalidad? Tom Cruise asisti\u00f3 a uno de los conciertos de Oasis\" rel=\"nofollow noopener\" target=\"_blank\"><br \/>\n<img src=\"data:image\/png;base64,iVBORw0KGgoAAAANSUhEUgAAAoAAAAGrAQAAAAB4NRvmAAAAAnRSTlMAAHaTzTgAAAA4SURBVHja7cExAQAAAMKg9U\/tbQegAAAAAAAAAAAAAAAAAAAAAAAAAAAAAAAAAAAAAAAAAAAA4AyHGwABJ2xdRQAAAABJRU5ErkJggg==\" alt=\"\u00bfTermin\u00f3 la rivalidad? Tom Cruise asisti\u00f3 a uno de los conciertos de Oasis\" title=\"\u00bfTermin\u00f3 la rivalidad? Tom Cruise asisti\u00f3 a uno de los conciertos de Oasis\" data-src=\"https:\/\/www.europesays.com\/es\/wp-content\/uploads\/2025\/07\/Tom-Cruise-640x427.jpg\" decoding=\"async\" class=\"lazyload\" data-eio-rwidth=\"640\" data-eio-rheight=\"427\"\/><br \/>\n<\/a><\/p>\n<p>\njulio 29, 2025<\/p>\n<p><a href=\"https:\/\/www.elnacional.com\/2025\/07\/hermano-mayor-de-los-gallagher-fue-acusado-de-agresion-sexual\/\" title=\"Hermano mayor de Liam y Noel Gallagher fue acusado de agresi\u00f3n sexual\" rel=\"nofollow noopener\" target=\"_blank\"><br \/>\n<img src=\"data:image\/png;base64,iVBORw0KGgoAAAANSUhEUgAAAoAAAAFoAQAAAADvSXf8AAAAAnRSTlMAAHaTzTgAAAAySURBVHja7cEBDQAAAMKg90\/t7AEUAAAAAAAAAAAAAAAAAAAAAAAAAAAAAAAAAAAAADdx6AABMM5UuwAAAABJRU5ErkJggg==\" alt=\"Hermano mayor de Liam y Noel Gallagher fue acusado de agresi\u00f3n sexual\" title=\"Hermano mayor de Liam y Noel Gallagher fue acusado de agresi\u00f3n sexual\" data-src=\"https:\/\/www.europesays.com\/es\/wp-content\/uploads\/2025\/07\/Paul-Gallagher-640x360.jpg\" decoding=\"async\" class=\"lazyload\" data-eio-rwidth=\"640\" data-eio-rheight=\"360\"\/><br \/>\n<\/a><\/p>\n<p>\njulio 29, 2025<\/p>\n<p><a href=\"https:\/\/www.elnacional.com\/2025\/07\/george-lucas-ovacionado-en-su-primera-visita-a-la-comic-con\/\" title=\"George Lucas ovacionado en su primera visita a la Comic-Con\" rel=\"nofollow noopener\" target=\"_blank\"><br \/>\n<img src=\"data:image\/png;base64,iVBORw0KGgoAAAANSUhEUgAAARIAAAC4AQAAAAAHvF6yAAAAAnRSTlMAAHaTzTgAAAAdSURBVFjD7cEBDQAAAMKg909tDjegAAAAAAAAeDIZ4AAB390uhwAAAABJRU5ErkJggg==\" alt=\"George Lucas ovacionado en su primera visita a la Comic-Con\" title=\"George Lucas ovacionado en su primera visita a la Comic-Con\" data-src=\"https:\/\/www.europesays.com\/es\/wp-content\/uploads\/2025\/07\/George-Lucas.jpg\" decoding=\"async\" class=\"lazyload\" data-eio-rwidth=\"274\" data-eio-rheight=\"184\"\/><br \/>\n<\/a><\/p>\n<p>\njulio 28, 2025<\/p>\n<p><a href=\"https:\/\/www.elnacional.com\/2025\/07\/messi-y-antonela-se-robaron-el-show-en-la-kiss-cam-de-coldplay\/\" title=\"Messi y Antonela se robaron el show en la kiss cam del concierto de Coldplay\" rel=\"nofollow noopener\" target=\"_blank\"><br \/>\n<img src=\"data:image\/png;base64,iVBORw0KGgoAAAANSUhEUgAAAoAAAAFCAQAAAABJflGsAAAAAnRSTlMAAHaTzTgAAAAwSURBVHja7cGBAAAAAMOg+VNf4AhVAQAAAAAAAAAAAAAAAAAAAAAAAAAAAAAAAPANZeIAAVW74SUAAAAASUVORK5CYII=\" alt=\"Messi y Antonela se robaron el show en la kiss cam del concierto de Coldplay\" title=\"Messi y Antonela se robaron el show en la kiss cam del concierto de Coldplay\" data-src=\"https:\/\/www.europesays.com\/es\/wp-content\/uploads\/2025\/07\/Messi-640x322.jpg\" decoding=\"async\" class=\"lazyload\" data-eio-rwidth=\"640\" data-eio-rheight=\"322\"\/><br \/>\n<\/a><\/p>\n<p>\njulio 28, 2025<\/p>\n<p><a href=\"https:\/\/www.elnacional.com\/2025\/07\/dudamel-dirigira-el-musical-west-side-story-en-barcelona\/\" title=\"Dudamel dirigir\u00e1 el musical West Side Story en Barcelona\" rel=\"nofollow noopener\" target=\"_blank\"><br \/>\n<img src=\"data:image\/png;base64,iVBORw0KGgoAAAANSUhEUgAAAoAAAAFoAQAAAADvSXf8AAAAAnRSTlMAAHaTzTgAAAAySURBVHja7cEBDQAAAMKg90\/t7AEUAAAAAAAAAAAAAAAAAAAAAAAAAAAAAAAAAAAAADdx6AABMM5UuwAAAABJRU5ErkJggg==\" alt=\"Dudamel dirigir\u00e1 el musical West Side Story en Barcelona\" title=\"Dudamel dirigir\u00e1 el musical West Side Story en Barcelona\" data-src=\"https:\/\/www.europesays.com\/es\/wp-content\/uploads\/2025\/07\/Gustavo-Dudamel-640x360.jpeg\" decoding=\"async\" class=\"lazyload\" data-eio-rwidth=\"640\" data-eio-rheight=\"360\"\/><br \/>\n<\/a><\/p>\n<p>\njulio 28, 2025<\/p>\n<p><a href=\"https:\/\/www.elnacional.com\/2025\/07\/como-vanessa-kirby-ayuda-a-pedro-pascal-con-la-ansiedad\/\" title=\"\u00bfC\u00f3mo Vanessa Kirby ayuda a Pedro Pascal a superar la ansiedad por hablar en p\u00fablico?\" rel=\"nofollow noopener\" target=\"_blank\"><br \/>\n<img src=\"data:image\/png;base64,iVBORw0KGgoAAAANSUhEUgAAAoAAAAGrAQAAAAB4NRvmAAAAAnRSTlMAAHaTzTgAAAA4SURBVHja7cExAQAAAMKg9U\/tbQegAAAAAAAAAAAAAAAAAAAAAAAAAAAAAAAAAAAAAAAAAAAA4AyHGwABJ2xdRQAAAABJRU5ErkJggg==\" alt=\"\u00bfC\u00f3mo Vanessa Kirby ayuda a Pedro Pascal a superar la ansiedad por hablar en p\u00fablico?\" title=\"\u00bfC\u00f3mo Vanessa Kirby ayuda a Pedro Pascal a superar la ansiedad por hablar en p\u00fablico?\" data-src=\"https:\/\/www.europesays.com\/es\/wp-content\/uploads\/2025\/07\/Vanessa-Kirby-y-Pedro-Pascal-640x427.jpg\" decoding=\"async\" class=\"lazyload\" data-eio-rwidth=\"640\" data-eio-rheight=\"427\"\/><br \/>\n<\/a><\/p>\n<p>\njulio 28, 2025<\/p>\n<p><a href=\"https:\/\/www.elnacional.com\/2025\/07\/la-comic-con-celebra-el-70o-aniversario-de-godzilla\/\" title=\"La Comic-Con celebra el 70\u00ba aniversario de Godzilla\" rel=\"nofollow noopener\" target=\"_blank\"><br \/>\n<img src=\"data:image\/png;base64,iVBORw0KGgoAAAANSUhEUgAAAoAAAAGVAQAAAABGRX07AAAAAnRSTlMAAHaTzTgAAAA3SURBVHja7cGBAAAAAMOg+VNf4QBVAQAAAAAAAAAAAAAAAAAAAAAAAAAAAAAAAAAAAAAAAACXAYAlAAEXhWSRAAAAAElFTkSuQmCC\" alt=\"La Comic-Con celebra el 70\u00ba aniversario de Godzilla\" title=\"La Comic-Con celebra el 70\u00ba aniversario de Godzilla\" data-src=\"https:\/\/www.europesays.com\/es\/wp-content\/uploads\/2025\/07\/Godzilla-640x405.jpg\" decoding=\"async\" class=\"lazyload\" data-eio-rwidth=\"640\" data-eio-rheight=\"405\"\/><br \/>\n<\/a><\/p>\n<p>\njulio 28, 2025<\/p>\n<p><a href=\"https:\/\/www.elnacional.com\/2025\/07\/el-chavo-del-8-llegara-a-netflix\/\" title=\"El Chavo del 8 llegar\u00e1 a Netflix\" rel=\"nofollow noopener\" target=\"_blank\"><br \/>\n<img src=\"data:image\/png;base64,iVBORw0KGgoAAAANSUhEUgAAAoAAAAGqAQAAAACzachDAAAAAnRSTlMAAHaTzTgAAAA4SURBVHja7cEBDQAAAMKg909tDjegAAAAAAAAAAAAAAAAAAAAAAAAAAAAAAAAAAAAAAAAAAAA+DaGygABYQdEywAAAABJRU5ErkJggg==\" alt=\"El Chavo del 8 llegar\u00e1 a Netflix\" title=\"El Chavo del 8 llegar\u00e1 a Netflix\" data-src=\"https:\/\/www.europesays.com\/es\/wp-content\/uploads\/2025\/07\/El-Chavo-del-8-640x426.jpg\" decoding=\"async\" class=\"lazyload\" data-eio-rwidth=\"640\" data-eio-rheight=\"426\"\/><br \/>\n<\/a><\/p>\n<p>\njulio 28, 2025<\/p>\n<p><a href=\"https:\/\/www.elnacional.com\/2025\/07\/cuales-son-los-estrenos-mas-destacados-de-las-plataformas\/\" title=\"\u00bfCu\u00e1les son los estrenos m\u00e1s destacados de las principales plataformas de streaming en agosto?\" rel=\"nofollow noopener\" target=\"_blank\"><br \/>\n<img src=\"data:image\/png;base64,iVBORw0KGgoAAAANSUhEUgAAAoAAAAGqAQAAAACzachDAAAAAnRSTlMAAHaTzTgAAAA4SURBVHja7cEBDQAAAMKg909tDjegAAAAAAAAAAAAAAAAAAAAAAAAAAAAAAAAAAAAAAAAAAAA+DaGygABYQdEywAAAABJRU5ErkJggg==\" alt=\"\u00bfCu\u00e1les son los estrenos m\u00e1s destacados de las principales plataformas de streaming en agosto?\" title=\"\u00bfCu\u00e1les son los estrenos m\u00e1s destacados de las principales plataformas de streaming en agosto?\" data-src=\"https:\/\/www.europesays.com\/es\/wp-content\/uploads\/2025\/07\/MErlina-640x426.jpg\" decoding=\"async\" class=\"lazyload\" data-eio-rwidth=\"640\" data-eio-rheight=\"426\"\/><br \/>\n<\/a><\/p>\n<p>\njulio 28, 2025<\/p>\n<p><a href=\"https:\/\/www.elnacional.com\/2025\/07\/los-4-fantasticos-destronaron-a-superman-de-la-taquilla-mundial\/\" title=\"Los 4 fant\u00e1sticos destronaron a Superman de la taquilla mundial\" rel=\"nofollow noopener\" target=\"_blank\"><br \/>\n<img src=\"data:image\/png;base64,iVBORw0KGgoAAAANSUhEUgAAAoAAAAEMAQAAAAB8LDqwAAAAAnRSTlMAAHaTzTgAAAAsSURBVHja7cGBAAAAAMOg+VMf4QJVAQAAAAAAAAAAAAAAAAAAAAAAAAAAfANUzAABccpYKgAAAABJRU5ErkJggg==\" alt=\"Los 4 fant\u00e1sticos destronaron a Superman de la taquilla mundial\" title=\"Los 4 fant\u00e1sticos destronaron a Superman de la taquilla mundial\" data-src=\"https:\/\/www.europesays.com\/es\/wp-content\/uploads\/2025\/07\/MFB1420_TRL_comp_DDO_v0137.1038_R8-1-640x268.jpg\" decoding=\"async\" class=\"lazyload\" data-eio-rwidth=\"640\" data-eio-rheight=\"268\"\/><br \/>\n<\/a><\/p>\n<p>\njulio 28, 2025<\/p>\n<p><a href=\"https:\/\/www.elnacional.com\/2025\/07\/asi-luce-hoy-ruby-guest-la-hija-transgenero-de-jamie-lee-curtis\/\" title=\"As\u00ed luce hoy Ruby Guest, la hija transg\u00e9nero de Jamie Lee Curtis, a sus 29 a\u00f1os\" rel=\"nofollow noopener\" target=\"_blank\"><br \/>\n<img src=\"data:image\/png;base64,iVBORw0KGgoAAAANSUhEUgAAAoAAAAFoAQAAAADvSXf8AAAAAnRSTlMAAHaTzTgAAAAySURBVHja7cEBDQAAAMKg90\/t7AEUAAAAAAAAAAAAAAAAAAAAAAAAAAAAAAAAAAAAADdx6AABMM5UuwAAAABJRU5ErkJggg==\" alt=\"As\u00ed luce hoy Ruby Guest, la hija transg\u00e9nero de Jamie Lee Curtis, a sus 29 a\u00f1os\" title=\"As\u00ed luce hoy Ruby Guest, la hija transg\u00e9nero de Jamie Lee Curtis, a sus 29 a\u00f1os\" data-src=\"https:\/\/www.europesays.com\/es\/wp-content\/uploads\/2025\/07\/Jamie-Lee-Curtis-1-640x360.jpg\" decoding=\"async\" class=\"lazyload\" data-eio-rwidth=\"640\" data-eio-rheight=\"360\"\/><br \/>\n<\/a><\/p>\n<p>\njulio 28, 2025<\/p>\n<p><a href=\"https:\/\/www.elnacional.com\/2025\/07\/lele-pons-anuncia-el-nacimiento-de-su-hija-eloisa\/\" title=\"Lele Pons anuncia el nacimiento de su hija Elo\u00edsa\" rel=\"nofollow noopener\" target=\"_blank\"><br \/>\n<img src=\"data:image\/png;base64,iVBORw0KGgoAAAANSUhEUgAAAoAAAAGaAQAAAAC3E8\/uAAAAAnRSTlMAAHaTzTgAAAA3SURBVHja7cEBDQAAAMKg909tDjegAAAAAAAAAAAAAAAAAAAAAAAAAAAAAAAAAAAAAAAAAABeDYG6AAE+R7vWAAAAAElFTkSuQmCC\" alt=\"Lele Pons anuncia el nacimiento de su hija Elo\u00edsa\" title=\"Lele Pons anuncia el nacimiento de su hija Elo\u00edsa\" data-src=\"https:\/\/www.europesays.com\/es\/wp-content\/uploads\/2025\/07\/Lele-Pons--640x410.jpg\" decoding=\"async\" class=\"lazyload\" data-eio-rwidth=\"640\" data-eio-rheight=\"410\"\/><br \/>\n<\/a><\/p>\n<p>\njulio 27, 2025<\/p>\n<p><a href=\"https:\/\/www.elnacional.com\/2025\/07\/proyecto-fin-del-mundo-la-pelicula-espacial-de-ryan-gosling-que-deslumbro-en-la-comic-con\/\" title=\"Proyecto Fin del mundo: la pel\u00edcula espacial de Ryan Gosling que deslumbr\u00f3 en la Comic-Con\" rel=\"nofollow noopener\" target=\"_blank\"><br \/>\n<img src=\"data:image\/png;base64,iVBORw0KGgoAAAANSUhEUgAAAoAAAAHaAQAAAAC4S8WCAAAAAnRSTlMAAHaTzTgAAAA8SURBVHja7cEBDQAAAMKg909tDwcUAAAAAAAAAAAAAAAAAAAAAAAAAAAAAAAAAAAAAAAAAAAAAAAAwJsBlfoAAQbdt14AAAAASUVORK5CYII=\" alt=\"Proyecto Fin del mundo: la pel\u00edcula espacial de Ryan Gosling que deslumbr\u00f3 en la Comic-Con\" title=\"Proyecto Fin del mundo: la pel\u00edcula espacial de Ryan Gosling que deslumbr\u00f3 en la Comic-Con\" data-src=\"https:\/\/www.europesays.com\/es\/wp-content\/uploads\/2025\/07\/Proyecto-fin-del-mundo-Ryan-Gosling-640x474.jpg\" decoding=\"async\" class=\"lazyload\" data-eio-rwidth=\"640\" data-eio-rheight=\"474\"\/><br \/>\n<\/a><\/p>\n<p>\njulio 27, 2025<\/p>\n<p><a href=\"https:\/\/www.elnacional.com\/2025\/07\/iconico-album-de-willie-colon-y-ruben-blades-sera-reeditado-en-vinilo\/\" title=\"Ic\u00f3nico \u00e1lbum de Willie Col\u00f3n y Rub\u00e9n Blades ser\u00e1 reeditado en vinilo en una edici\u00f3n limitada\" rel=\"nofollow noopener\" target=\"_blank\"><br \/>\n<img src=\"data:image\/png;base64,iVBORw0KGgoAAAANSUhEUgAAAoAAAAHaAQAAAAC4S8WCAAAAAnRSTlMAAHaTzTgAAAA8SURBVHja7cEBDQAAAMKg909tDwcUAAAAAAAAAAAAAAAAAAAAAAAAAAAAAAAAAAAAAAAAAAAAAAAAwJsBlfoAAQbdt14AAAAASUVORK5CYII=\" alt=\"Ic\u00f3nico \u00e1lbum de Willie Col\u00f3n y Rub\u00e9n Blades ser\u00e1 reeditado en vinilo en una edici\u00f3n limitada\" title=\"Ic\u00f3nico \u00e1lbum de Willie Col\u00f3n y Rub\u00e9n Blades ser\u00e1 reeditado en vinilo en una edici\u00f3n limitada\" data-src=\"https:\/\/www.europesays.com\/es\/wp-content\/uploads\/2025\/07\/Willie-colon-y-Ruben-Blades-640x474.jpg\" decoding=\"async\" class=\"lazyload\" data-eio-rwidth=\"640\" data-eio-rheight=\"474\"\/><br \/>\n<\/a><\/p>\n<p>\njulio 27, 2025<\/p>\n<p><a href=\"https:\/\/www.elnacional.com\/2025\/07\/gwyneth-paltrow-parodia-escandalo-en-concierto-de-coldplay-como-vocera-de-astronomer\/\" title=\"Gwyneth Paltrow parodia esc\u00e1ndalo en concierto de Coldplay como \u201cvocera\u201d de Astronomer\" rel=\"nofollow noopener\" target=\"_blank\"><br \/>\n<img src=\"data:image\/png;base64,iVBORw0KGgoAAAANSUhEUgAAAoAAAAHaAQAAAAC4S8WCAAAAAnRSTlMAAHaTzTgAAAA8SURBVHja7cEBDQAAAMKg909tDwcUAAAAAAAAAAAAAAAAAAAAAAAAAAAAAAAAAAAAAAAAAAAAAAAAwJsBlfoAAQbdt14AAAAASUVORK5CYII=\" alt=\"Gwyneth Paltrow parodia esc\u00e1ndalo en concierto de Coldplay como \u201cvocera\u201d de Astronomer\" title=\"Gwyneth Paltrow parodia esc\u00e1ndalo en concierto de Coldplay como \u201cvocera\u201d de Astronomer\" data-src=\"https:\/\/www.europesays.com\/es\/wp-content\/uploads\/2025\/07\/Gwyneth-Paltrow-y-Astronomer-640x474.jpg\" decoding=\"async\" class=\"lazyload\" data-eio-rwidth=\"640\" data-eio-rheight=\"474\"\/><br \/>\n<\/a><\/p>\n<p>\njulio 26, 2025<\/p>\n<p><a href=\"https:\/\/www.elnacional.com\/2025\/07\/la-tierra-del-olvido-carlos-vives-relanza-su-iconico-album-30-anos-despues\/\" title=\"La tierra del olvido: Carlos Vives relanza su ic\u00f3nico \u00e1lbum 30 a\u00f1os despu\u00e9s\" rel=\"nofollow noopener\" target=\"_blank\"><br \/>\n<img src=\"data:image\/png;base64,iVBORw0KGgoAAAANSUhEUgAAAoAAAAHaAQAAAAC4S8WCAAAAAnRSTlMAAHaTzTgAAAA8SURBVHja7cEBDQAAAMKg909tDwcUAAAAAAAAAAAAAAAAAAAAAAAAAAAAAAAAAAAAAAAAAAAAAAAAwJsBlfoAAQbdt14AAAAASUVORK5CYII=\" alt=\"La tierra del olvido: Carlos Vives relanza su ic\u00f3nico \u00e1lbum 30 a\u00f1os despu\u00e9s\" title=\"La tierra del olvido: Carlos Vives relanza su ic\u00f3nico \u00e1lbum 30 a\u00f1os despu\u00e9s\" data-src=\"https:\/\/www.europesays.com\/es\/wp-content\/uploads\/2025\/07\/La-Tierra-del-Olvido-Carlos-Vives-640x474.jpg\" decoding=\"async\" class=\"lazyload\" data-eio-rwidth=\"640\" data-eio-rheight=\"474\"\/><br \/>\n<\/a><\/p>\n<p>\njulio 26, 2025<\/p>\n<p><a href=\"https:\/\/www.elnacional.com\/2025\/07\/ozzy-osbourne-la-historia-de-como-black-sabbath-encontro-su-sonido-e-invento-el-heavy-metal\/\" title=\"Ozzy Osbourne: la historia de c\u00f3mo Black Sabbath encontr\u00f3 su sonido e invent\u00f3 el heavy metal\" rel=\"nofollow noopener\" target=\"_blank\"><br \/>\n<img src=\"data:image\/png;base64,iVBORw0KGgoAAAANSUhEUgAAAoAAAAFoAQAAAADvSXf8AAAAAnRSTlMAAHaTzTgAAAAySURBVHja7cEBDQAAAMKg90\/t7AEUAAAAAAAAAAAAAAAAAAAAAAAAAAAAAAAAAAAAADdx6AABMM5UuwAAAABJRU5ErkJggg==\" alt=\"Ozzy Osbourne: la historia de c\u00f3mo Black Sabbath encontr\u00f3 su sonido e invent\u00f3 el heavy metal\" title=\"Ozzy Osbourne: la historia de c\u00f3mo Black Sabbath encontr\u00f3 su sonido e invent\u00f3 el heavy metal\" data-src=\"https:\/\/www.europesays.com\/es\/wp-content\/uploads\/2025\/07\/455d1890-67a1-11f0-8979-21e9e3d3b0da.jpg-640x360.webp.webp\" decoding=\"async\" class=\"lazyload\" data-eio-rwidth=\"640\" data-eio-rheight=\"360\"\/><br \/>\n<\/a><\/p>\n<p>\njulio 26, 2025<\/p>\n<p><a href=\"https:\/\/www.elnacional.com\/2025\/07\/arnold-schwarzenegger-regresara-en-la-nueva-entrega-de-depredador\/\" title=\"Arnold Schwarzenegger regresar\u00e1 en la nueva entrega de Depredador\" rel=\"nofollow noopener\" target=\"_blank\"><br \/>\n<img src=\"data:image\/png;base64,iVBORw0KGgoAAAANSUhEUgAAAoAAAAHaAQAAAAC4S8WCAAAAAnRSTlMAAHaTzTgAAAA8SURBVHja7cEBDQAAAMKg909tDwcUAAAAAAAAAAAAAAAAAAAAAAAAAAAAAAAAAAAAAAAAAAAAAAAAwJsBlfoAAQbdt14AAAAASUVORK5CYII=\" alt=\"Arnold Schwarzenegger regresar\u00e1 en la nueva entrega de Depredador\" title=\"Arnold Schwarzenegger regresar\u00e1 en la nueva entrega de Depredador\" data-src=\"https:\/\/www.europesays.com\/es\/wp-content\/uploads\/2025\/07\/Arnold-Schwarzenegger-Depredador-640x474.jpg\" decoding=\"async\" class=\"lazyload\" data-eio-rwidth=\"640\" data-eio-rheight=\"474\"\/><br \/>\n<\/a><\/p>\n<p>\njulio 26, 2025<\/p>\n<p><a href=\"https:\/\/www.elnacional.com\/2025\/07\/aparecieron-nuevas-imagenes-de-la-pareja-viral-de-coldplay-antes-de-salir-en-la-kiss-cam\/\" title=\"Aparecieron nuevas im\u00e1genes de la pareja viral de Coldplay antes de salir en la kiss-cam\" rel=\"nofollow noopener\" target=\"_blank\"><br \/>\n<img src=\"data:image\/png;base64,iVBORw0KGgoAAAANSUhEUgAAAoAAAAIHAQAAAAAnA9DuAAAAAnRSTlMAAHaTzTgAAAA+SURBVBgZ7cEBAQAAAIKg\/q92SMAAAAAAAAAAAAAAAAAAAAAAAAAAAAAAAAAAAAAAAAAAAAAAAAAAAAAA4E+kNwAB5zUM1wAAAABJRU5ErkJggg==\" alt=\"Aparecieron nuevas im\u00e1genes de la pareja viral de Coldplay antes de salir en la kiss-cam\" title=\"Aparecieron nuevas im\u00e1genes de la pareja viral de Coldplay antes de salir en la kiss-cam\" data-src=\"https:\/\/www.europesays.com\/es\/wp-content\/uploads\/2025\/07\/Andy-Byron-y-Kristin-Cabot-1-640x519.jpg\" decoding=\"async\" class=\"lazyload\" data-eio-rwidth=\"640\" data-eio-rheight=\"519\"\/><br \/>\n<\/a><\/p>\n<p>\njulio 25, 2025<\/p>\n<p><a href=\"https:\/\/www.elnacional.com\/2025\/07\/mau-y-ricky-adelantan-balada-de-su-ep-y-eslabon-armado-lanza-nuevo-lamento-amoroso\/\" title=\"Mau y Ricky adelantan balada de su EP y Eslab\u00f3n Armado lanza nuevo lamento amoroso\" rel=\"nofollow noopener\" target=\"_blank\"><br \/>\n<img src=\"data:image\/png;base64,iVBORw0KGgoAAAANSUhEUgAAAoAAAAGhAQAAAADZrjiAAAAAAnRSTlMAAHaTzTgAAAA2SURBVBgZ7cEBAQAAAIKg\/q92SMAAAAAAAAAAAAAAAAAAAAAAAAAAAAAAAAAAAAAAAAAAAOBJg\/EAARkYxSIAAAAASUVORK5CYII=\" alt=\"Mau y Ricky adelantan balada de su EP y Eslab\u00f3n Armado lanza nuevo lamento amoroso\" title=\"Mau y Ricky adelantan balada de su EP y Eslab\u00f3n Armado lanza nuevo lamento amoroso\" data-src=\"https:\/\/www.europesays.com\/es\/wp-content\/uploads\/2025\/07\/Mau-y-Ricky-640x417.jpg\" decoding=\"async\" class=\"lazyload\" data-eio-rwidth=\"640\" data-eio-rheight=\"417\"\/><br \/>\n<\/a><\/p>\n<p>\njulio 25, 2025<\/p>\n<p><a href=\"https:\/\/www.elnacional.com\/2025\/07\/la-sarcastica-disculpa-de-los-creadores-de-south-park-a-trump-por-ridiculizar-al-presidente-en-la-serie-animada\/\" title=\"La sarc\u00e1stica disculpa de los creadores de South Park a Trump por ridiculizar al presidente en la serie animada\" rel=\"nofollow noopener\" target=\"_blank\"><br \/>\n<img src=\"data:image\/png;base64,iVBORw0KGgoAAAANSUhEUgAAAoAAAAFoAQAAAADvSXf8AAAAAnRSTlMAAHaTzTgAAAAySURBVHja7cEBDQAAAMKg90\/t7AEUAAAAAAAAAAAAAAAAAAAAAAAAAAAAAAAAAAAAADdx6AABMM5UuwAAAABJRU5ErkJggg==\" alt=\"La sarc\u00e1stica disculpa de los creadores de South Park a Trump por ridiculizar al presidente en la serie animada\" title=\"La sarc\u00e1stica disculpa de los creadores de South Park a Trump por ridiculizar al presidente en la serie animada\" data-src=\"https:\/\/www.europesays.com\/es\/wp-content\/uploads\/2025\/07\/South-Park-1-640x360.jpg\" decoding=\"async\" class=\"lazyload\" data-eio-rwidth=\"640\" data-eio-rheight=\"360\"\/><br \/>\n<\/a><\/p>\n<p>\njulio 25, 2025<\/p>\n<p>Contenido Patrocinado  <script async src=\"\/\/www.instagram.com\/embed.js\"><\/script><\/p>\n","protected":false},"excerpt":{"rendered":"Jacob Elordi se inspir\u00f3 en la interpretaci\u00f3n de Boris Karloff de 1931 A meses de su estreno, Frankenstein,&hellip;\n","protected":false},"author":2,"featured_media":12655,"comment_status":"","ping_status":"","sticky":false,"template":"","format":"standard","meta":{"footnotes":""},"categories":[169],"tags":[177,146,147,25,24,176,8750,4003,8751,175,152,23],"class_list":{"0":"post-12654","1":"post","2":"type-post","3":"status-publish","4":"format-standard","5":"has-post-thumbnail","7":"category-cine","8":"tag-cine","9":"tag-entertainment","10":"tag-entretenimiento","11":"tag-es","12":"tag-espana","13":"tag-film","14":"tag-frankenstein","15":"tag-guillermo-del-toro","16":"tag-jacob-elordi","17":"tag-movies","18":"tag-netflix","19":"tag-spain"},"share_on_mastodon":{"url":"","error":""},"_links":{"self":[{"href":"https:\/\/www.europesays.com\/es\/wp-json\/wp\/v2\/posts\/12654","targetHints":{"allow":["GET"]}}],"collection":[{"href":"https:\/\/www.europesays.com\/es\/wp-json\/wp\/v2\/posts"}],"about":[{"href":"https:\/\/www.europesays.com\/es\/wp-json\/wp\/v2\/types\/post"}],"author":[{"embeddable":true,"href":"https:\/\/www.europesays.com\/es\/wp-json\/wp\/v2\/users\/2"}],"replies":[{"embeddable":true,"href":"https:\/\/www.europesays.com\/es\/wp-json\/wp\/v2\/comments?post=12654"}],"version-history":[{"count":0,"href":"https:\/\/www.europesays.com\/es\/wp-json\/wp\/v2\/posts\/12654\/revisions"}],"wp:featuredmedia":[{"embeddable":true,"href":"https:\/\/www.europesays.com\/es\/wp-json\/wp\/v2\/media\/12655"}],"wp:attachment":[{"href":"https:\/\/www.europesays.com\/es\/wp-json\/wp\/v2\/media?parent=12654"}],"wp:term":[{"taxonomy":"category","embeddable":true,"href":"https:\/\/www.europesays.com\/es\/wp-json\/wp\/v2\/categories?post=12654"},{"taxonomy":"post_tag","embeddable":true,"href":"https:\/\/www.europesays.com\/es\/wp-json\/wp\/v2\/tags?post=12654"}],"curies":[{"name":"wp","href":"https:\/\/api.w.org\/{rel}","templated":true}]}}