{"id":126553,"date":"2025-09-20T03:13:04","date_gmt":"2025-09-20T03:13:04","guid":{"rendered":"https:\/\/www.europesays.com\/es\/126553\/"},"modified":"2025-09-20T03:13:04","modified_gmt":"2025-09-20T03:13:04","slug":"meta-presenta-gafas-con-ia-pantalla-y-pulsera-neural-durante-su-evento-connect","status":"publish","type":"post","link":"https:\/\/www.europesays.com\/es\/126553\/","title":{"rendered":"Meta presenta gafas con IA, pantalla y pulsera neural durante su evento Connect"},"content":{"rendered":"\n<p>MENLO PARK, California, EE.UU.\u00a0\u2014\u00a0Las m\u00e1s recientes gafas de Meta son impulsadas por inteligencia artificial, incluyen una peque\u00f1a pantalla y pueden ser controladas mediante una pulsera neural que permite su manejo con \u201cmovimientos apenas perceptibles\u201d, anunci\u00f3 el mi\u00e9rcoles el CEO Mark Zuckerberg.<\/p>\n<p>Zuckerberg contin\u00faa promoviendo las gafas como el siguiente paso en las interacciones entre seres humanos y computadoras, m\u00e1s all\u00e1 de los teclados, pantallas t\u00e1ctiles o un mouse.<\/p>\n<p>\u201cLas gafas son el \u00fanico factor de forma en el que puedes permitir que la IA vea lo que ves, escuche lo que escuchas\u201d y eventualmente genere lo que deseas generar, como im\u00e1genes o videos, dijo Zuckerberg desde la sede del gigante tecnol\u00f3gico en Menlo Park, California.<\/p>\n<p>Las gafas, llamadas Meta Ray-Ban Display, estar\u00e1n disponibles a partir del 30 de septiembre a un precio de 799 d\u00f3lares.<\/p>\n<p>Meta tambi\u00e9n actualiz\u00f3 sus gafas Ray-Ban originales, las cuales no cuentan con pantalla, para tener un mejor rendimiento de bater\u00eda. Ahora, seg\u00fan Meta, tendr\u00e1 una duraci\u00f3n de ocho horas con un uso t\u00edpico, casi el doble que el modelo anterior. Una pr\u00f3xima funci\u00f3n, llamada \u201cenfoque de conversaci\u00f3n\u201d, amplificar\u00e1 la voz del interlocutor y ayudar\u00e1 a ahogar el ruido de fondo \u2014esto tambi\u00e9n estar\u00e1 disponible en la versi\u00f3n anterior de las gafas como una actualizaci\u00f3n de software, dijo Zuckerberg. <\/p>\n<p>Meta tambi\u00e9n a\u00f1adi\u00f3 alem\u00e1n y portugu\u00e9s a las capacidades de traducci\u00f3n en vivo del dispositivo. El nuevo modelo cuesta 379 d\u00f3lares, y el modelo anterior ahora tiene un costo de 299 d\u00f3lares.<\/p>\n<p>La compa\u00f1\u00eda tambi\u00e9n present\u00f3 un nuevo conjunto de gafas impulsadas por IA para deportistas, llamadas Oakley Meta Vanguard, las cuales est\u00e1n dise\u00f1adas espec\u00edficamente para \u201cdeportes de alta intensidad\u201d y pueden integrarse con dispositivos Garmin para proporcionar retroalimentaci\u00f3n a los usuarios sobre sus entrenamientos, como la frecuencia card\u00edaca y estad\u00edsticas, indic\u00f3 la compa\u00f1\u00eda. Por ejemplo, un corredor podr\u00eda preguntar \u201cHey Meta, \u00bfcu\u00e1l es mi frecuencia card\u00edaca?\u201d y recibir una respuesta de voz a trav\u00e9s de las gafas. Tambi\u00e9n captura videos en autom\u00e1tico una vez que el usuario alcanza ciertos hitos o aumenta su frecuencia card\u00edaca, velocidad o elevaci\u00f3n. Las gafas tendr\u00e1n un costo de 499 d\u00f3lares y saldr\u00e1n a la venta el 21 de octubre.<\/p>\n<p>Aunque la compa\u00f1\u00eda no ha revelado las cifras de la venta de las gafas, asegur\u00f3 que han sido m\u00e1s populares de lo esperado.<\/p>\n<p>\u201cDurante m\u00e1s de una d\u00e9cada, la visi\u00f3n a largo plazo de Zuckerberg con Oculus y el Metaverso ha sido que gafas y auriculares difuminen las l\u00edneas entre el mundo f\u00edsico y el mundo digital\u201d, dijo Thomas Husson, analista de Forrester. \u201cDespu\u00e9s de muchos comienzos en falso, el impulso para ir m\u00e1s all\u00e1 de un nicho es ahora\u201d.<\/p>\n<p>Meta dej\u00f3 entrever el a\u00f1o pasado que podr\u00eda lanzar un prototipo para Orion, al que Zuckerberg se refiri\u00f3 como \u201clas gafas m\u00e1s avanzadas que el mundo haya visto\u201d, pero estas gafas de realidad hologr\u00e1fica aumentada no estar\u00e1n en el mercado hasta dentro de algunos a\u00f1os.<\/p>\n<p>Al igual que otras compa\u00f1\u00edas tecnol\u00f3gicas, Meta ha estado realizando enormes inversiones en el desarrollo de IA y contratando talento de primer nivel con niveles de compensaci\u00f3n sorprendentes.<\/p>\n<p>Zuckerberg public\u00f3 en julio una nota detallando sus puntos de vista sobre la \u201csuperinteligencia personal\u201d que \u00e9l cree que \u201cayudar\u00e1 a la humanidad a acelerar nuestro ritmo de progreso\u201d. Aunque se\u00f1al\u00f3 que desarrollar la superinteligencia ahora \u201cest\u00e1 a la vista\u201d, no detall\u00f3 c\u00f3mo se lograr\u00e1 o exactamente lo qu\u00e9 significa la \u201csuperinteligencia\u201d. La idea abstracta de \u201csuperinteligencia\u201d es lo que las compa\u00f1\u00edas rivales llaman inteligencia artificial general, o AGI.<\/p>\n<p>Zuckerberg ha dicho que cree que las gafas de IA van a ser \u201cla principal forma en que integramos la superinteligencia\u201d.<\/p>\n","protected":false},"excerpt":{"rendered":"MENLO PARK, California, EE.UU.\u00a0\u2014\u00a0Las m\u00e1s recientes gafas de Meta son impulsadas por inteligencia artificial, incluyen una peque\u00f1a pantalla&hellip;\n","protected":false},"author":2,"featured_media":126554,"comment_status":"","ping_status":"","sticky":false,"template":"","format":"standard","meta":{"footnotes":""},"categories":[81],"tags":[119,123,124,25,24,117,121,122,23,118,120],"class_list":{"0":"post-126553","1":"post","2":"type-post","3":"status-publish","4":"format-standard","5":"has-post-thumbnail","7":"category-ciencia-y-tecnologia","8":"tag-ciencia","9":"tag-ciencia-y-tecnologia","10":"tag-cienciaytecnologia","11":"tag-es","12":"tag-espana","13":"tag-science","14":"tag-science-and-technology","15":"tag-scienceandtechnology","16":"tag-spain","17":"tag-technology","18":"tag-tecnologia"},"share_on_mastodon":{"url":"","error":""},"_links":{"self":[{"href":"https:\/\/www.europesays.com\/es\/wp-json\/wp\/v2\/posts\/126553","targetHints":{"allow":["GET"]}}],"collection":[{"href":"https:\/\/www.europesays.com\/es\/wp-json\/wp\/v2\/posts"}],"about":[{"href":"https:\/\/www.europesays.com\/es\/wp-json\/wp\/v2\/types\/post"}],"author":[{"embeddable":true,"href":"https:\/\/www.europesays.com\/es\/wp-json\/wp\/v2\/users\/2"}],"replies":[{"embeddable":true,"href":"https:\/\/www.europesays.com\/es\/wp-json\/wp\/v2\/comments?post=126553"}],"version-history":[{"count":0,"href":"https:\/\/www.europesays.com\/es\/wp-json\/wp\/v2\/posts\/126553\/revisions"}],"wp:featuredmedia":[{"embeddable":true,"href":"https:\/\/www.europesays.com\/es\/wp-json\/wp\/v2\/media\/126554"}],"wp:attachment":[{"href":"https:\/\/www.europesays.com\/es\/wp-json\/wp\/v2\/media?parent=126553"}],"wp:term":[{"taxonomy":"category","embeddable":true,"href":"https:\/\/www.europesays.com\/es\/wp-json\/wp\/v2\/categories?post=126553"},{"taxonomy":"post_tag","embeddable":true,"href":"https:\/\/www.europesays.com\/es\/wp-json\/wp\/v2\/tags?post=126553"}],"curies":[{"name":"wp","href":"https:\/\/api.w.org\/{rel}","templated":true}]}}