{"id":126557,"date":"2025-09-20T03:15:08","date_gmt":"2025-09-20T03:15:08","guid":{"rendered":"https:\/\/www.europesays.com\/es\/126557\/"},"modified":"2025-09-20T03:15:08","modified_gmt":"2025-09-20T03:15:08","slug":"aviones-rusos-de-combate-violan-el-espacio-aereo-de-estonia-dw-19-09-2025","status":"publish","type":"post","link":"https:\/\/www.europesays.com\/es\/126557\/","title":{"rendered":"Aviones rusos de combate violan el espacio a\u00e9reo de Estonia \u2013 DW \u2013 19\/09\/2025"},"content":{"rendered":"<p>El Ministerio de Relaciones Exteriores de Estonia denunci\u00f3 que tres cazas rusos violaron este viernes (19.09.2025) el espacio a\u00e9reo de este pa\u00eds b\u00e1ltico, miembro de la <a class=\"internal-link\" href=\"https:\/\/www.dw.com\/es\/uni\u00f3n-europea\/t-17410587\" rel=\"nofollow noopener\" target=\"_blank\">Uni\u00f3n Europea (UE)<\/a> y la <a class=\"internal-link\" href=\"https:\/\/www.dw.com\/es\/otan\/t-17409693\" rel=\"nofollow noopener\" target=\"_blank\">OTAN<\/a>.<\/p>\n<p>\u00abHoy mismo, aviones rusos violaron el espacio a\u00e9reo estonio\u00bb, escribi\u00f3 la portavoz de la alianza militar, Allison Hart, en la red social X. \u00abLa OTAN respondi\u00f3 de inmediato y los intercept\u00f3\u00bb, agreg\u00f3. \u00abEste es otro ejemplo m\u00e1s del comportamiento imprudente de Rusia y de la capacidad de respuesta de la OTAN\u00bb.<\/p>\n<p>La canciller\u00eda estonia precis\u00f3 que \u00abla incursi\u00f3n tuvo lugar sobre el golfo de Finlandia, donde tres aviones de combate MIG-31 de la Federaci\u00f3n de <a class=\"internal-link\" href=\"https:\/\/www.dw.com\/es\/rusia\/t-17410119\" rel=\"nofollow noopener\" target=\"_blank\">Rusia<\/a> entraron en el espacio a\u00e9reo estonio (&#8230;) y permanecieron all\u00ed un total de 12 minutos\u00bb.<\/p>\n<p><strong>Violaci\u00f3n\u00a0\u00abes de una desfachatez\u00a0sin precedentes\u00bb<\/strong><\/p>\n<p>Asimismo, record\u00f3 que \u00abRusia ya ha violado el espacio a\u00e9reo estonio en cuatro ocasiones este a\u00f1o\u00bb, pero la incursi\u00f3n de este viernes \u00abes de una desfachatez\u00a0sin precedentes\u00bb.<\/p>\n<p>El ministerio indic\u00f3 haber convocado al encargado de negocios de la embajada de Rusia para protestar por esta violaci\u00f3n. Las violaciones anteriores tuvieron lugar el 13 de mayo, el 22 de junio y el 7 de septiembre.<\/p>\n<p>Los pa\u00edses b\u00e1lticos, todos firmes partidarios de Ucrania, pero que no disponen de aviones de combate propios, confian la vigilancia de su espacio a\u00e9reo a otros aliados de la OTAN, que asumen esta tarea por turnos. Desde agosto, la misi\u00f3n est\u00e1 a cargo de la aviaci\u00f3n italiana.<\/p>\n<p>rr afp\/ap<\/p>\n","protected":false},"excerpt":{"rendered":"El Ministerio de Relaciones Exteriores de Estonia denunci\u00f3 que tres cazas rusos violaron este viernes (19.09.2025) el espacio&hellip;\n","protected":false},"author":2,"featured_media":126558,"comment_status":"","ping_status":"","sticky":false,"template":"","format":"standard","meta":{"footnotes":""},"categories":[42],"tags":[17,18,13,14,11,61,62,63,64,19,20,9,10,15,16,12,21,22,65,66,67],"class_list":{"0":"post-126557","1":"post","2":"type-post","3":"status-publish","4":"format-standard","5":"has-post-thumbnail","7":"category-internacional","8":"tag-breaking-news","9":"tag-breakingnews","10":"tag-featured-news","11":"tag-featurednews","12":"tag-headlines","13":"tag-internacional","14":"tag-international","15":"tag-international-news","16":"tag-internationalnews","17":"tag-latest-news","18":"tag-latestnews","19":"tag-news","20":"tag-noticias","21":"tag-noticias-destacadas","22":"tag-noticiasdestacadas","23":"tag-titulares","24":"tag-ultimas-noticias","25":"tag-ultimasnoticias","26":"tag-world","27":"tag-world-news","28":"tag-worldnews"},"share_on_mastodon":{"url":"","error":""},"_links":{"self":[{"href":"https:\/\/www.europesays.com\/es\/wp-json\/wp\/v2\/posts\/126557","targetHints":{"allow":["GET"]}}],"collection":[{"href":"https:\/\/www.europesays.com\/es\/wp-json\/wp\/v2\/posts"}],"about":[{"href":"https:\/\/www.europesays.com\/es\/wp-json\/wp\/v2\/types\/post"}],"author":[{"embeddable":true,"href":"https:\/\/www.europesays.com\/es\/wp-json\/wp\/v2\/users\/2"}],"replies":[{"embeddable":true,"href":"https:\/\/www.europesays.com\/es\/wp-json\/wp\/v2\/comments?post=126557"}],"version-history":[{"count":0,"href":"https:\/\/www.europesays.com\/es\/wp-json\/wp\/v2\/posts\/126557\/revisions"}],"wp:featuredmedia":[{"embeddable":true,"href":"https:\/\/www.europesays.com\/es\/wp-json\/wp\/v2\/media\/126558"}],"wp:attachment":[{"href":"https:\/\/www.europesays.com\/es\/wp-json\/wp\/v2\/media?parent=126557"}],"wp:term":[{"taxonomy":"category","embeddable":true,"href":"https:\/\/www.europesays.com\/es\/wp-json\/wp\/v2\/categories?post=126557"},{"taxonomy":"post_tag","embeddable":true,"href":"https:\/\/www.europesays.com\/es\/wp-json\/wp\/v2\/tags?post=126557"}],"curies":[{"name":"wp","href":"https:\/\/api.w.org\/{rel}","templated":true}]}}