{"id":126559,"date":"2025-09-20T03:16:14","date_gmt":"2025-09-20T03:16:14","guid":{"rendered":"https:\/\/www.europesays.com\/es\/126559\/"},"modified":"2025-09-20T03:16:14","modified_gmt":"2025-09-20T03:16:14","slug":"un-juez-de-sevilla-revela-como-un-maltratador-se-escapo-a-la-playa-tras-quitarse-la-pulsera-defectuosa-del-ministerio","status":"publish","type":"post","link":"https:\/\/www.europesays.com\/es\/126559\/","title":{"rendered":"Un juez de Sevilla revela c\u00f3mo un maltratador se escap\u00f3 a la playa tras quitarse la pulsera defectuosa del Ministerio"},"content":{"rendered":"<p>Francisco Guti\u00e9rrez, juez que lleva desde 2008 ejerciendo en el \u00e1mbito de la Violencia sobre la Mujer, advierte de que ante los continuos fallos del sistema \u00abno nos lo podemos jugar\u00bb en la protecci\u00f3n de las v\u00edctimas\n<\/p>\n<p><img fetchpriority=\"high\" class=\"voc-img\" src=\"https:\/\/www.europesays.com\/es\/wp-content\/uploads\/2025\/09\/pulsera-dispositivo-maltrato-RZJx2qulVxrZr0r0iT7aWRM-1200x840@diario_abc.jpg\" loading=\"eager\" decoding=\"async\" alt=\"Un juez de Sevilla revela c\u00f3mo un maltratador se escap\u00f3 a la playa tras quitarse la pulsera defectuosa del Ministerio\" width=\"1200\" height=\"840\"\/><\/p>\n<p><img decoding=\"async\" class=\"voc-author__img\" src=\"https:\/\/www.europesays.com\/es\/wp-content\/uploads\/2025\/07\/autor-5171-foto-1.jpeg\" alt=\"Jes\u00fas D\u00edaz\"\/><\/p>\n<p>19\/09\/2025<br \/>\n<br \/><strong><br \/>\nActualizado a las 18:32h.<br \/>\n<\/strong><\/p>\n<p class=\"voc-p\" style=\"\">Durante ocho meses el sistema de control telem\u00e1tico de los investigados y <strong>condenados por violencia de g\u00e9nero<\/strong> no recogi\u00f3 los movimientos de estos individuos, lo que impidi\u00f3 su geolocalizaci\u00f3n poniendo en riesgo la protecci\u00f3n de las v\u00edctimas. No es el \u00fanico que error que se detect\u00f3 en su momento y que desde distintos <strong>\u00f3rganos judiciales de Sevilla, M\u00e1laga o Granada<\/strong> pusieron en conocimiento del Observatorio de Violencia sobre la Mujer. Ahora ha salido a la luz por la memoria de la Fiscal\u00eda General del Estado, aunque desde el Ministerio de Igualdad se intente minimizar las consecuencias de este agujero inform\u00e1tico en el sistema que debe garantizar la seguridad de las mujeres ante sus agresores. En Sevilla, seg\u00fan ha revelado este viernes Francisco Guti\u00e9rrez, juez de Violencia sobre la Mujer, un maltratador <strong>se quit\u00f3 la pulsera para marcharse a la playa<\/strong>, estando en paradero desconocido hasta hace escasos d\u00edas, cuando fue detenido tras dictarse una orden de b\u00fasqueda y arresto. La v\u00edctima ha estado tres meses sin conocer d\u00f3nde estaba su agresor. <\/p>\n<p class=\"voc-p\" style=\"\">En el a\u00f1o 2008 este magistrado empez\u00f3 a ejercer como juez en el \u00e1mbito de la violencia de g\u00e9nero y \u00abdesafortunadamente\u00ab desde entonces ha ca\u00eddo la calidad de los dispositivos. \u00abTen\u00edamos herramientas \u00fatiles para la protecci\u00f3n, con dispositivos telem\u00e1ticos que funcionaba adecuadamente, con Telef\u00f3nica como proveedor, y con pulseras de calidad. Daban menos fallos que las actuales y el propio agresor no pod\u00eda quit\u00e1rsela por s\u00ed mismo, no pod\u00eda manipularlo, salvo que usara un cortafr\u00edo. A partir de 2023 se <strong>cambia el proveedor de Telef\u00f3nica a Vodafone<\/strong> y se adquieren los nuevos dispositivos, cuya procedencia no se ha informado (el sindicato Jupol ha denunciado que los dispositivos que se usan se venden en Aliexpress). La calidad ha bajado much\u00edsimo, hasta el punto que habitualmente hay fallos\u00bb, ha relatado este juez en una entrevista en Cope. <\/p>\n<p class=\"voc-p\" style=\"\">Estos fallos son tan \u00abevidentes\u00bb que en algunos casos la Polic\u00eda ha detenido al agresor en la puerta de la v\u00edctima sin que salte la alerta del dispositivo a pesar de llevar la pulsera. En este caso, el centro Cometa, el equipo del <strong>Ministerio de Igualdad<\/strong> que tiene como misi\u00f3n identificar en todo momento la ubicaci\u00f3n de los maltratadores, registraba el dispositivo a dos kil\u00f3metros de la v\u00edctima. <\/p>\n<p class=\"voc-p\" style=\"\">Pero tambi\u00e9n se dan situaciones al rev\u00e9s. A las v\u00edctimas le saltan las alarmas del dispositivo indicando que el agresor est\u00e1 cerca cuando est\u00e9 tiene su domicilio fuera de la provincia, incluso. \u00ab<strong>No sabemos qu\u00e9 est\u00e1 fallando: la geolocalizaci\u00f3n, la cobertura, el proveedor, las pulseras&#8230;<\/strong>\u00bb, admite el magistrado, que alerta de que hasta el propio agresor, en muchos casos, de forma voluntariamente se quita el dispositivo. <\/p>\n<p class=\"voc-p\" style=\"\">El juez pone el foco en que la migraci\u00f3n de datos entre proveedores con el cambio de contrato del Ministerio ha provocado la p\u00e9rdida de datos y, como consecuencia, \u00e9stos no se hayan podido usar en los juicios para acreditar quebrantamientos de condenas o de \u00f3rdenes de alejamientos, dando lugar a <strong>absoluciones<\/strong>. <\/p>\n<p class=\"voc-p\" style=\"\">Esta situaci\u00f3n, seg\u00fan Francisco Guti\u00e9rrez, est\u00e1 llevando a muchos jueces a adoptar medidas m\u00e1s restrictiva contra los investigados, como la prisi\u00f3n provisional, para garantizar la seguridad de las v\u00edctimas. \u00ab<strong>No nos la podemos jugar con unas pulseras que dan errores continuos<\/strong>\u00bb. <\/p>\n<p class=\"voc-p\" style=\"\">\u00a0<\/p>\n<p>Reportar un error<\/p>\n","protected":false},"excerpt":{"rendered":"Francisco Guti\u00e9rrez, juez que lleva desde 2008 ejerciendo en el \u00e1mbito de la Violencia sobre la Mujer, advierte&hellip;\n","protected":false},"author":2,"featured_media":126560,"comment_status":"","ping_status":"","sticky":false,"template":"","format":"standard","meta":{"footnotes":""},"categories":[8],"tags":[17,18,25,24,13,14,8169,11,1664,19,20,9,10,15,16,23,12,21,22,432],"class_list":{"0":"post-126559","1":"post","2":"type-post","3":"status-publish","4":"format-standard","5":"has-post-thumbnail","7":"category-espana","8":"tag-breaking-news","9":"tag-breakingnews","10":"tag-es","11":"tag-espana","12":"tag-featured-news","13":"tag-featurednews","14":"tag-genero","15":"tag-headlines","16":"tag-juez","17":"tag-latest-news","18":"tag-latestnews","19":"tag-news","20":"tag-noticias","21":"tag-noticias-destacadas","22":"tag-noticiasdestacadas","23":"tag-spain","24":"tag-titulares","25":"tag-ultimas-noticias","26":"tag-ultimasnoticias","27":"tag-violencia"},"share_on_mastodon":{"url":"","error":""},"_links":{"self":[{"href":"https:\/\/www.europesays.com\/es\/wp-json\/wp\/v2\/posts\/126559","targetHints":{"allow":["GET"]}}],"collection":[{"href":"https:\/\/www.europesays.com\/es\/wp-json\/wp\/v2\/posts"}],"about":[{"href":"https:\/\/www.europesays.com\/es\/wp-json\/wp\/v2\/types\/post"}],"author":[{"embeddable":true,"href":"https:\/\/www.europesays.com\/es\/wp-json\/wp\/v2\/users\/2"}],"replies":[{"embeddable":true,"href":"https:\/\/www.europesays.com\/es\/wp-json\/wp\/v2\/comments?post=126559"}],"version-history":[{"count":0,"href":"https:\/\/www.europesays.com\/es\/wp-json\/wp\/v2\/posts\/126559\/revisions"}],"wp:featuredmedia":[{"embeddable":true,"href":"https:\/\/www.europesays.com\/es\/wp-json\/wp\/v2\/media\/126560"}],"wp:attachment":[{"href":"https:\/\/www.europesays.com\/es\/wp-json\/wp\/v2\/media?parent=126559"}],"wp:term":[{"taxonomy":"category","embeddable":true,"href":"https:\/\/www.europesays.com\/es\/wp-json\/wp\/v2\/categories?post=126559"},{"taxonomy":"post_tag","embeddable":true,"href":"https:\/\/www.europesays.com\/es\/wp-json\/wp\/v2\/tags?post=126559"}],"curies":[{"name":"wp","href":"https:\/\/api.w.org\/{rel}","templated":true}]}}