{"id":126561,"date":"2025-09-20T03:17:27","date_gmt":"2025-09-20T03:17:27","guid":{"rendered":"https:\/\/www.europesays.com\/es\/126561\/"},"modified":"2025-09-20T03:17:27","modified_gmt":"2025-09-20T03:17:27","slug":"la-diputacion-de-cordoba-pondra-en-marcha-una-linea-especifica-de-ayudas-para-cooperativas-del-sector-agroalimentario","status":"publish","type":"post","link":"https:\/\/www.europesays.com\/es\/126561\/","title":{"rendered":"La Diputaci\u00f3n de C\u00f3rdoba pondr\u00e1 en marcha una l\u00ednea espec\u00edfica de ayudas para cooperativas del sector agroalimentario"},"content":{"rendered":"<p>El presidente de la Diputaci\u00f3n de C\u00f3rdoba, Salvador Fuentes, ha asistido hoy a la inauguraci\u00f3n de la 44 edici\u00f3n de la Feria de Maquinaria, Agr\u00edcola, Fertilizantes, Fitosanitarios y Agroalimentaria, Agropriego 2025, y durante su intervenci\u00f3n ha puesto el acento en que \u201cuno de los mayores desaf\u00edos del sector es el de saber vender al mundo entero la excelencia de nuestros aceites de oliva\u201d. No en vano, ha recalcado, \u201cestos aceites gozan de los reconocimientos internacionales m\u00e1s prestigiosos, y eso es gracias al esfuerzo diario de agricultores y empresarios\u201d.<\/p>\n<p>En esta l\u00ednea, Fuentes ha insistido en la \u201capuesta que est\u00e1 haciendo la instituci\u00f3n provincial por acompa\u00f1ar a las empresas de nuestra provincia en esa proyecci\u00f3n y promoci\u00f3n exterior, abriendo nuevos mercados y aprovechando otros, como el de Estados Unidos, al que se exportan anualmente 128 mil toneladas de aceite\u201d. El m\u00e1ximo responsable de la Diputaci\u00f3n ha hecho un \u201creconocimiento p\u00fablico al esfuerzo que hacen agricultores y denominaciones de origen para que eso sea posible, teniendo en cuenta las dificultades que atraviesa el sector\u201d.<\/p>\n<p>\u201cEl sector primario es una palanca de desarrollo fundamental para el presente y futuro de nuestra provincia, y de toda Europa\u201d, ha subrayado el presidente, quien ha insistido en que \u201cpor este motivo desde la Diputaci\u00f3n, a trav\u00e9s del Instituto Provincial de Desarrollo Econ\u00f3mico (Iprodeco), vamos a poner en marcha una l\u00ednea espec\u00edfica de subvenciones a cooperativas y almazaras para el tratamiento de la renovaci\u00f3n de energ\u00edas, con el objetivo de abaratar los costes de producci\u00f3n\u201d.<\/p>\n<p>Asimismo, ha a\u00f1adido Fuentes, \u201ccreemos fundamental la formaci\u00f3n del empresariado, su actualizaci\u00f3n en temas de Inteligencia Artificial, porque est\u00e1 claro que el concepto de agricultura es completamente distinto y hemos de adaptarnos a estos cambios para ser m\u00e1s competitivos\u201d.<\/p>\n<p>Por otra parte, el m\u00e1ximo representante de la instituci\u00f3n provincial ha insistido en que \u201cEuropa tiene que redefinir sus intereses en este sentido, tiene que ser m\u00e1s competitiva, m\u00e1s productiva y eso pasa por desregularizar todo el entramado burocr\u00e1tico que tiene en lo relativo al sector del aceite de oliva\u201d.<\/p>\n<p>El presidente de la Diputaci\u00f3n ha insistido en la idea de que \u201ctenemos que defender la rentabilidad del campo, para que este trabajo se perpet\u00fae a futuras generaciones\u201d. \u201cLa cultura del aceite hay que venderla tambi\u00e9n como turismo, con experiencias y actividades para el visitante ligadas al turismo de interior y en esto ya tenemos camino avanzado\u201d, ha apostillado.<\/p>\n<p>Para finalizar, Fuentes ha resaltado que \u201cAgropriego no es una feria cualquiera, es un escaparate de los mejores aceites del mundo, por eso ha conseguido consolidarse en su ya 44 edici\u00f3n\u201d.<\/p>\n<p>La Feria de Maquinaria, Agr\u00edcola, Fertilizantes, Fitosanitarios y Agroalimentaria estar\u00e1 en el recinto ferial Niceto Alcal\u00e1 Zamora y Torres de Priego de C\u00f3rdoba hasta el domingo 21, en una extensi\u00f3n de 14.000 metros cuadrados y con la participaci\u00f3n de m\u00e1s de 100 expositores.<\/p>\n<p>Est\u00e1 prevista una jornada destinada a la profesionalizaci\u00f3n organizada de forma conjunta con la D.O. Aceite de Priego de C\u00f3rdoba, adem\u00e1s de una exposici\u00f3n, cedida por el ayuntamiento del municipio malague\u00f1o de Riogordo, en la que se mostrar\u00e1 el arte publicitario vinculado al aceite de oliva.<\/p>\n","protected":false},"excerpt":{"rendered":"El presidente de la Diputaci\u00f3n de C\u00f3rdoba, Salvador Fuentes, ha asistido hoy a la inauguraci\u00f3n de la 44&hellip;\n","protected":false},"author":2,"featured_media":126562,"comment_status":"","ping_status":"","sticky":false,"template":"","format":"standard","meta":{"footnotes":""},"categories":[5],"tags":[17,18,25,24,13,14,11,19,20,9,10,15,16,23,12,21,22],"class_list":{"0":"post-126561","1":"post","2":"type-post","3":"status-publish","4":"format-standard","5":"has-post-thumbnail","7":"category-titulares","8":"tag-breaking-news","9":"tag-breakingnews","10":"tag-es","11":"tag-espana","12":"tag-featured-news","13":"tag-featurednews","14":"tag-headlines","15":"tag-latest-news","16":"tag-latestnews","17":"tag-news","18":"tag-noticias","19":"tag-noticias-destacadas","20":"tag-noticiasdestacadas","21":"tag-spain","22":"tag-titulares","23":"tag-ultimas-noticias","24":"tag-ultimasnoticias"},"share_on_mastodon":{"url":"","error":""},"_links":{"self":[{"href":"https:\/\/www.europesays.com\/es\/wp-json\/wp\/v2\/posts\/126561","targetHints":{"allow":["GET"]}}],"collection":[{"href":"https:\/\/www.europesays.com\/es\/wp-json\/wp\/v2\/posts"}],"about":[{"href":"https:\/\/www.europesays.com\/es\/wp-json\/wp\/v2\/types\/post"}],"author":[{"embeddable":true,"href":"https:\/\/www.europesays.com\/es\/wp-json\/wp\/v2\/users\/2"}],"replies":[{"embeddable":true,"href":"https:\/\/www.europesays.com\/es\/wp-json\/wp\/v2\/comments?post=126561"}],"version-history":[{"count":0,"href":"https:\/\/www.europesays.com\/es\/wp-json\/wp\/v2\/posts\/126561\/revisions"}],"wp:featuredmedia":[{"embeddable":true,"href":"https:\/\/www.europesays.com\/es\/wp-json\/wp\/v2\/media\/126562"}],"wp:attachment":[{"href":"https:\/\/www.europesays.com\/es\/wp-json\/wp\/v2\/media?parent=126561"}],"wp:term":[{"taxonomy":"category","embeddable":true,"href":"https:\/\/www.europesays.com\/es\/wp-json\/wp\/v2\/categories?post=126561"},{"taxonomy":"post_tag","embeddable":true,"href":"https:\/\/www.europesays.com\/es\/wp-json\/wp\/v2\/tags?post=126561"}],"curies":[{"name":"wp","href":"https:\/\/api.w.org\/{rel}","templated":true}]}}