{"id":126575,"date":"2025-09-20T03:27:08","date_gmt":"2025-09-20T03:27:08","guid":{"rendered":"https:\/\/www.europesays.com\/es\/126575\/"},"modified":"2025-09-20T03:27:08","modified_gmt":"2025-09-20T03:27:08","slug":"almodovar-despierta-el-aplauso-del-publico-con-su-mensaje-sobre-palestina-durante-el-festival-de-cine-de-san-sebastian-ocio-y-cultura","status":"publish","type":"post","link":"https:\/\/www.europesays.com\/es\/126575\/","title":{"rendered":"Almod\u00f3var despierta el aplauso del p\u00fablico con su mensaje sobre Palestina durante el Festival de Cine de San Sebasti\u00e1n | Ocio y cultura"},"content":{"rendered":"<p class=\"loc\">Madrid<\/p>\n<p>El Festival Internacional de Cine de San Sebasti\u00e1n ha comenzado este viernes con el foco especialmente puesto en la situaci\u00f3n actual en la Franja de Gaza, un conflicto cuya paz ha reivindicado y exigido el mundo de la cultura durante los dos a\u00f1os de escalada.<\/p>\n<p>A<a href=\"https:\/\/cadenaser.com\/video\/nacional\/2025\/09\/19\/una-protesta-pro-palestina-con-cientos-de-personas-marca-el-inicio-del-festival-de-san-sebastian-cadena-ser\/\" target=\"_blank\" rel=\"nofollow noopener\" title=\"https:\/\/cadenaser.com\/video\/nacional\/2025\/09\/19\/una-protesta-pro-palestina-con-cientos-de-personas-marca-el-inicio-del-festival-de-san-sebastian-cadena-ser\/\"> la manifestaci\u00f3n <\/a>convocada a las puertas de la Kursaal, a la que han acudido cientos de personas con banderas palestinas, se ha sumado en la noche de este viernes los mensajes de los distintos int\u00e9rpretes que han cruzado la alfombra roja del Festival. <\/p>\n<p>Unos mensajes que no se han quedado ah\u00ed y que han llegado tambi\u00e9n al propio escenario del evento, donde el director Pedro Almod\u00f3var ha querido mostrar su solidaridad con el pueblo palestino. <\/p>\n<p>Durante la entrega del Premio Donostia a <a href=\"https:\/\/cadenaser.com\/nacional\/2025\/09\/19\/esther-garcia-creo-en-el-poder-del-arte-y-el-cine-para-mover-y-conmover-cadena-ser\/\" target=\"_blank\" rel=\"nofollow noopener\" title=\"https:\/\/cadenaser.com\/nacional\/2025\/09\/19\/esther-garcia-creo-en-el-poder-del-arte-y-el-cine-para-mover-y-conmover-cadena-ser\/\">Esther Garc\u00eda<\/a>, junto con su hermano Agust\u00edn, Almod\u00f3var ha despertado el aplauso del p\u00fablico presente en la Kursaal por su referencia al pueblo palestino. \u00abViva el Festival de San Sebasti\u00e1n, viva Esther Garc\u00eda y viva Palestina libre\u00bb, ha gritado el director. <\/p>\n<p>Almod\u00f3var no se ha quedado solo en esta reivindicaci\u00f3n durante la primera jornada del Festival. A \u00e9l se ha sumado el alegato de la actriz francesa Juliette Binoche, quien tambi\u00e9n ha participado en la gala y quien ha trasladado su apoyo a todos aquellos que sue\u00f1an con poner fin a la \u00abmasacre\u00bb del pueblo palestino. <\/p>\n<p>\u00abAspiremos a un lugar mejor\u00bb, ha empezado reivindicando Binoche. \u00abEsta noche quiero unirme a quienes sue\u00f1an con poner fin a la masacre en Palestina. A los que sue\u00f1an con terminar el dolor y la crueldad. Necesitamos un cambio ahora. Somos creadores, por lo que tenemos que despertar\u00bb, ha afirmado.<\/p>\n","protected":false},"excerpt":{"rendered":"Madrid El Festival Internacional de Cine de San Sebasti\u00e1n ha comenzado este viernes con el foco especialmente puesto&hellip;\n","protected":false},"author":2,"featured_media":126576,"comment_status":"","ping_status":"","sticky":false,"template":"","format":"standard","meta":{"footnotes":""},"categories":[174],"tags":[255,146,147,25,24,256,23],"class_list":{"0":"post-126575","1":"post","2":"type-post","3":"status-publish","4":"format-standard","5":"has-post-thumbnail","7":"category-famosos","8":"tag-celebrities","9":"tag-entertainment","10":"tag-entretenimiento","11":"tag-es","12":"tag-espana","13":"tag-famosos","14":"tag-spain"},"share_on_mastodon":{"url":"","error":""},"_links":{"self":[{"href":"https:\/\/www.europesays.com\/es\/wp-json\/wp\/v2\/posts\/126575","targetHints":{"allow":["GET"]}}],"collection":[{"href":"https:\/\/www.europesays.com\/es\/wp-json\/wp\/v2\/posts"}],"about":[{"href":"https:\/\/www.europesays.com\/es\/wp-json\/wp\/v2\/types\/post"}],"author":[{"embeddable":true,"href":"https:\/\/www.europesays.com\/es\/wp-json\/wp\/v2\/users\/2"}],"replies":[{"embeddable":true,"href":"https:\/\/www.europesays.com\/es\/wp-json\/wp\/v2\/comments?post=126575"}],"version-history":[{"count":0,"href":"https:\/\/www.europesays.com\/es\/wp-json\/wp\/v2\/posts\/126575\/revisions"}],"wp:featuredmedia":[{"embeddable":true,"href":"https:\/\/www.europesays.com\/es\/wp-json\/wp\/v2\/media\/126576"}],"wp:attachment":[{"href":"https:\/\/www.europesays.com\/es\/wp-json\/wp\/v2\/media?parent=126575"}],"wp:term":[{"taxonomy":"category","embeddable":true,"href":"https:\/\/www.europesays.com\/es\/wp-json\/wp\/v2\/categories?post=126575"},{"taxonomy":"post_tag","embeddable":true,"href":"https:\/\/www.europesays.com\/es\/wp-json\/wp\/v2\/tags?post=126575"}],"curies":[{"name":"wp","href":"https:\/\/api.w.org\/{rel}","templated":true}]}}