{"id":126595,"date":"2025-09-20T03:40:22","date_gmt":"2025-09-20T03:40:22","guid":{"rendered":"https:\/\/www.europesays.com\/es\/126595\/"},"modified":"2025-09-20T03:40:22","modified_gmt":"2025-09-20T03:40:22","slug":"la-educacion-no-es-compatible-con-las-consignas","status":"publish","type":"post","link":"https:\/\/www.europesays.com\/es\/126595\/","title":{"rendered":"\u00abLa educaci\u00f3n no es compatible con las consignas\u00bb"},"content":{"rendered":"<p><img decoding=\"async\" class=\"voc-author__img\" src=\"https:\/\/www.europesays.com\/es\/wp-content\/uploads\/2025\/08\/autor-1432-foto-11.jpeg\" alt=\"Sara Medialdea\"\/><\/p>\n<p>19\/09\/2025<br \/>\n<br \/><strong><br \/>\nActualizado a las 19:59h.<br \/>\n<\/strong><\/p>\n<p class=\"voc-p\" style=\"\">Un grupo de personas, algunos con pancartas de sindicatos como CC.OO. o CGT y camisetas de la marea verde por la educaci\u00f3n p\u00fablica, han recibido a gritos de \u00absionista\u00bb a la presidenta regional, Isabel D\u00edaz Ayuso, a las puertas de la Universidad de Alcal\u00e1 de Henares, donde ha acudido a la apertura oficial del curso acad\u00e9mico. Los manifestantes lanzaban todo tipo de consignas, desde llamar a D\u00edaz Ayuso \u00abc\u00f3mplice del sionismo\u00bb como se\u00f1alar que \u00abni de Ayuso ni de los rectores; la universidad, de los trabajadores\u00bb. Sus voces se mezclaron con los que, bandera de Espa\u00f1a en mano, esperaban tambi\u00e9n a la presidenta, y la recibieron gritando: \u00abAyuso, Ayuso\u00bb.<\/p>\n<p class=\"voc-p\" style=\"\">En su intervenci\u00f3n durante la apertura del curso acad\u00e9mico, ha destacado poder hacerlo precisamente en Alcal\u00e1 de Henares, \u00abla \u00fanica universidad espa\u00f1ola patrimonio de la Humanidad\u00bb, que recibi\u00f3 este t\u00edtulo \u00abdespu\u00e9s de Harvard, Oxford y Cambridge\u00bb, y en la que han estudiado \u00abAntonio de Nebrija, Lope de Vega\u00bb y otros muchos grandes nombres de la historia de Espa\u00f1a. Ha recordado que todo su equipo se ha formado en la universidad p\u00fablica y ha insistido en que \u00abnadie sobra\u00bb. Su Gobierno, ha insistido, siempre llama \u00abal trabajo conjunto, y no a la politizaci\u00f3n, ni a la cancelaci\u00f3n que es un eufemismo para la censura\u00bb. Y no va a consentir \u00abque se instrumentalicen los centros educativos para la ingenier\u00eda social, ni para la guerra ideol\u00f3gica\u00bb porque \u00abla educaci\u00f3n no es compatible con las consignas, la manipulaci\u00f3n, ni la colectivizaci\u00f3n revolucionaria. Mucho menos para las coacciones de ning\u00fan tipo: ni laborales, ni el hostigamiento de palabra, ni con violencia f\u00edsica\u00bb.<\/p>\n<p class=\"voc-p\" style=\"\">Desde que se supo de la convocatoria de esta concentraci\u00f3n, en la tarde de ayer, el equipo de la presidenta protest\u00f3, y lleg\u00f3 a hablar de un delegado del Gobierno en Madrid que \u00abya es kale borroka\u00bb, por esta protesta que pretende, opinaban, que \u00abcomo S\u00e1nchez no puede pisar la calle, que no al pise nadie\u00bb. No tard\u00f3 en responder el delegado del Gobierno, que en un tuit aclar\u00f3 que \u00aben Espa\u00f1a el ejercicio del derecho de manifestaci\u00f3n no requiere de autorizaci\u00f3n previa\u00bb, y le recrimin\u00f3 a la presidenta: \u00abDeje de manosear tan fr\u00edvolamente la violencia\u00bb.<\/p>\n<blockquote class=\"twitter-tweet\" data-width=\"550\">\n<p lang=\"es\" dir=\"ltr\">Igual alguien en el Gobierno de la Comunidad de Madrid deber\u00eda saber que en Espa\u00f1a el ejercicio del derecho de manifestaci\u00f3n no requiere de autorizaci\u00f3n previa (Art\u00edculo 21 de la Constituci\u00f3n Espa\u00f1ola).<\/p>\n<p>Por favor, <a href=\"https:\/\/twitter.com\/IdiazAyuso?ref_src=twsrc%5Etfw\" rel=\"nofollow noopener\" target=\"_blank\">@IdiazAyuso<\/a>, deje de manosear tan fr\u00edvolamente la violencia.<br \/>Deje\u2026 <a href=\"https:\/\/t.co\/Vj23oOg5GT\" rel=\"nofollow\">https:\/\/t.co\/Vj23oOg5GT<\/a><\/p>\n<p>\u2014 Fran Mart\u00edn Aguirre (@franmartagui) <a href=\"https:\/\/twitter.com\/franmartagui\/status\/1968781521361256574?ref_src=twsrc%5Etfw\" rel=\"nofollow noopener\" target=\"_blank\">September 18, 2025<\/a><\/p><\/blockquote>\n<p class=\"voc-p\" style=\"\">Los convocantes eran no m\u00e1s de un centenar, pero con un excelente equipo de megafon\u00eda, desde el que han repetido decenas de consignas de muy diferentes signos; algunas pancartas incluso, consideraban en Sol, pod\u00edan rozar el delito de odio, se\u00f1alaban fuentes cercanas a la presidenta: \u00abAyuso, sionista, est\u00e1s en nuestra lista\u00bb. <\/p>\n<p class=\"voc-p\" style=\"\">Pero adem\u00e1s de las relativas al conflicto entre Israel y Palestina y las matanzas de Gaza, otras respond\u00edan a diferentes reivindicaciones: \u00abFuera la empresa de la universidad\u00bb, \u00abfuera Polic\u00eda de la universidad\u00bb, \u00abPSOE-PP, la misma mierda es\u00bb, \u00abGobierne quien gobierne, la uni se defiende\u00bb o \u00abNi de Ayuso ni de los rectores; la universidad, de los trabajadores\u00bb.<\/p>\n<p class=\"voc-p\" style=\"\">En su intervenci\u00f3n, ha recordado D\u00edaz Ayuso que la universidad del futuro ha de ser \u00abuniversal\u00bb, y que la nueva ley para este nivel \u00abtender\u00e1 los puentes necesarios con la FP, las escuelas de negocios, las ense\u00f1anzas art\u00edsticas y deportivas; nadie sobra, y la universidad siempre ha sabido ser punta de lanza\u00bb\u00b7. Adem\u00e1s, se renovar\u00e1 la financiaci\u00f3n de las universidades, que incluir\u00e1 \u00abuna financiaci\u00f3n b\u00e1sica, otra por necesidades espec\u00edficas y otra por objetivos\u00bb.<\/p>\n<p class=\"voc-p\" style=\"\">Ha propuesto nuevas iniciativas de colaboraci\u00f3n p\u00fablico-privada porque \u00abes necesario apostar por la formaci\u00f3n dual universitaria\u00bb, para lo que ha destacado el papel que va a tener el nuevo campus de la Universidad Polit\u00e9cnica en San Sebasti\u00e1n de los Reyes, centrado en ingenier\u00edas y muy pr\u00f3ximo a las empresas del sector.<\/p>\n<p class=\"voc-p\" style=\"\">El rector de la Universidad de Alcal\u00e1 de Henares, Jos\u00e9 Vicente Saz P\u00e9rez, ha reafirmado el papel de las universidades para \u00abformar a las nuevas generaciones para que sean capaces de enfrentarse a la incertidumbre y los desaf\u00edos de los nuevos tiempos\u00bb. No se ha olvidado de reclamar un modelo de financiaci\u00f3n mejor, tras recordar que las universidades p\u00fablicas sufr\u00edan por este motivo desde la crisis del 2008, de la que a\u00fan no se hab\u00edan recuperado, y por las inversiones p\u00fablicas que a\u00fan no cubren las necesidades.<\/p>\n<p class=\"voc-p\" style=\"\">La lecci\u00f3n inaugural del curso la ha impartido Ignacio Mart\u00ednez Mendiz\u00e1bal, catedr\u00e1tico de Antropolog\u00eda F\u00edsica de la Universidad de Alcal\u00e1, que bajo el t\u00edtulo &#8216;De huesos viejos y piedras rotas&#8217; ha hilado una bell\u00edsima historia con Benjamina y Tina, dos ni\u00f1as de la prehistoria aquejadas de un retraso motriz e intelectual la primera, y de S\u00edndrome de Down la segunda, que no s\u00f3lo no fueron rechazadas por sus coet\u00e1neos sino que las cuidaron y protegieron, con lo que pudieron llegar vivas hasta los 10 y los 11 a\u00f1os. El catedr\u00e1tico ha recordado que \u00abtodos somos corredores de una largu\u00edsima carrera de relevos\u00bb con la misi\u00f3n de llevar el testigo hacia adelante, y ha abundado en que los seres humanos nacemos libres e iguales y para asegurarlo hay que promover un libre acceso a la educaci\u00f3n, donde formar a personas libres e iguales.<\/p>\n<p>Reportar un error<\/p>\n<p><script async src=\"https:\/\/platform.twitter.com\/widgets.js\" charset=\"utf-8\"><\/script><\/p>\n","protected":false},"excerpt":{"rendered":"19\/09\/2025 Actualizado a las 19:59h. Un grupo de personas, algunos con pancartas de sindicatos como CC.OO. o CGT&hellip;\n","protected":false},"author":2,"featured_media":126596,"comment_status":"","ping_status":"","sticky":false,"template":"","format":"standard","meta":{"footnotes":""},"categories":[5],"tags":[16155,4162,6984,17,18,3445,25,24,13,14,11823,11,36110,19,20,16734,9,10,15,16,16281,41072,23,12,21,22,6807],"class_list":{"0":"post-126595","1":"post","2":"type-post","3":"status-publish","4":"format-standard","5":"has-post-thumbnail","7":"category-titulares","8":"tag-alcala","9":"tag-apertura","10":"tag-ayuso","11":"tag-breaking-news","12":"tag-breakingnews","13":"tag-curso","14":"tag-es","15":"tag-espana","16":"tag-featured-news","17":"tag-featurednews","18":"tag-gritos","19":"tag-headlines","20":"tag-henares","21":"tag-latest-news","22":"tag-latestnews","23":"tag-manifestantes","24":"tag-news","25":"tag-noticias","26":"tag-noticias-destacadas","27":"tag-noticiasdestacadas","28":"tag-reciben","29":"tag-sionista","30":"tag-spain","31":"tag-titulares","32":"tag-ultimas-noticias","33":"tag-ultimasnoticias","34":"tag-universitario"},"share_on_mastodon":{"url":"","error":""},"_links":{"self":[{"href":"https:\/\/www.europesays.com\/es\/wp-json\/wp\/v2\/posts\/126595","targetHints":{"allow":["GET"]}}],"collection":[{"href":"https:\/\/www.europesays.com\/es\/wp-json\/wp\/v2\/posts"}],"about":[{"href":"https:\/\/www.europesays.com\/es\/wp-json\/wp\/v2\/types\/post"}],"author":[{"embeddable":true,"href":"https:\/\/www.europesays.com\/es\/wp-json\/wp\/v2\/users\/2"}],"replies":[{"embeddable":true,"href":"https:\/\/www.europesays.com\/es\/wp-json\/wp\/v2\/comments?post=126595"}],"version-history":[{"count":0,"href":"https:\/\/www.europesays.com\/es\/wp-json\/wp\/v2\/posts\/126595\/revisions"}],"wp:featuredmedia":[{"embeddable":true,"href":"https:\/\/www.europesays.com\/es\/wp-json\/wp\/v2\/media\/126596"}],"wp:attachment":[{"href":"https:\/\/www.europesays.com\/es\/wp-json\/wp\/v2\/media?parent=126595"}],"wp:term":[{"taxonomy":"category","embeddable":true,"href":"https:\/\/www.europesays.com\/es\/wp-json\/wp\/v2\/categories?post=126595"},{"taxonomy":"post_tag","embeddable":true,"href":"https:\/\/www.europesays.com\/es\/wp-json\/wp\/v2\/tags?post=126595"}],"curies":[{"name":"wp","href":"https:\/\/api.w.org\/{rel}","templated":true}]}}