{"id":126604,"date":"2025-09-20T03:48:16","date_gmt":"2025-09-20T03:48:16","guid":{"rendered":"https:\/\/www.europesays.com\/es\/126604\/"},"modified":"2025-09-20T03:48:16","modified_gmt":"2025-09-20T03:48:16","slug":"la-nueva-vida-de-miroslav-raduljica-de-poder-fichar-por-estrella-roja-a-recorrer-la-ruta-66","status":"publish","type":"post","link":"https:\/\/www.europesays.com\/es\/126604\/","title":{"rendered":"La nueva vida de Miroslav Raduljica: de poder fichar por Estrella Roja a recorrer la Ruta 66"},"content":{"rendered":"<p class=\"ft-text\">El jugador de baloncesto <strong>Miroslav Raduljica<\/strong> se acerca al <strong>final de su carrera profesional<\/strong>. Tras unas \u00faltimas temporadas venido a menos, parece que <strong>las prioridades <\/strong>del p\u00edvot serbio han cambiado. <a class=\"ft-link ft-link--decoration\" href=\"https:\/\/www.sport.es\/es\/baloncesto\/euroliga\/\" rel=\"nofollow noopener\" target=\"_blank\">Pese a tener una oferta de Estrella Roja<\/a> encima de la mesa -tal y como cont\u00f3 el presidente de la entidad, <strong>Neboj\u0161a \u010covi\u0107<\/strong>-, Raduljica no empezar\u00e1 la temporada 2024-25 y afrontar\u00e1 un reto totalmente distinto en su vida. Cambia las pistas de baloncesto por la carretera, ya que <strong>acompa\u00f1ar\u00e1 a la banda de rock serbia &#8216;YU Grupa&#8217; en su aventura de recorrer la famosa Ruta 66 de Estados Unidos<\/strong>.<\/p>\n<p class=\"ft-text\">Hasta la pasada temporada, Miroslav Raduljica estaba en la \u00e9lite del baloncesto europeo (en el Maroussi griego). No obstante, su rendimiento hab\u00eda bajado considerablemente en los \u00faltimos a\u00f1os, con la edad (<strong>37 a\u00f1os<\/strong>) haciendo mella y la retirada cada vez m\u00e1s cerca. Sin embargo, el club de su vida, Estrella Roja, llam\u00f3 a la puerta y se encontr\u00f3 con una respuesta sorprendente. Tras casarse en verano, <strong>emprende un nuevo camino y formar\u00e1 parte de formar\u00e1 parte de la caravana<\/strong> que recorrer\u00e1 Estados Unidos junto con los miembros de &#8216;YU Grupa&#8217; el pr\u00f3ximo oto\u00f1o.<\/p>\n<p>De hacer temblar los aros a conducir una autocaravana<\/p>\n<p class=\"ft-text\">Raduljica cambia el bal\u00f3n de baloncesto por el volante. En la aventura del grupo de rock serbio, el gigante de 2&#8217;13 <strong>ser\u00e1 el conductor de la autocaravana<\/strong>, tal y como explic\u00f3 el miembro del grupo, <strong>\u017dika Jeli\u0107<\/strong>. \u00abEstuvimos all\u00ed en 2012 y ahora volvemos a recorrer Estados Unidos en moto. Ese viaje qued\u00f3 grabado en nuestros recuerdos, as\u00ed que nuestro amigo y motociclista Bo\u0161ko \u010cuki\u0107 nos propuso ir a finales de septiembre, junto con otros amigos.\u00a0<strong>Entre ellos se encuentra el jugador de baloncesto Miroslav Raduljica, quien tiene la tarea especial de conducir una caravana grande. De ni\u00f1o, Raduljica ten\u00eda un gran deseo de conducir un cami\u00f3n, as\u00ed que su deseo se ver\u00e1 parcialmente cumplido.<\/strong>\u00a0Algunos de nosotros conduciremos motos, pero no todos los d\u00edas porque la gira es agotadora, <strong>desde Chicago hasta Los \u00c1ngeles<\/strong>\u00ab, detall\u00f3, sobre el viaje, el bajista de la banda a &#8216;Nedeljnik&#8217;.<\/p>\n<p><img decoding=\"async\" src=\"https:\/\/www.europesays.com\/es\/wp-content\/uploads\/2025\/09\/36391771-609d-4b05-bc34-718054dbdf6d_alta-libre-aspect-ratio_default_0.jpg\" width=\"1200\" height=\"675\" alt=\"YU Grupa\" class=\"ft-helper-img-rd\" loading=\"lazy\" hasdataaida=\"true\"\/><\/p>\n<p class=\"ft-helper-fontColor-quaternary ft-helper-fontSize-body-S ft-helper-spacer-t-xxs\">YU Grupa  \/ X<\/p>\n<p class=\"ft-text\">La Ruta 66 fue en su d\u00eda una de las m\u00e1s importantes del mundo, pero en los \u00faltimos a\u00f1os se ha utilizado cada vez menos. Ya no hay largos viajes en coche de un extremo a otro del pa\u00eds, as\u00ed que la \u00abRuta 66\u00bb se mantiene viva solo gracias a la gente nost\u00e1lgica como este grupo. \u00ab<strong>Es la carretera que conecta los dos extremos de Estados Unidos, y es interesante porque hay gasolineras y bares con un aire antiguo e intacto. Toda la ruta ser\u00e1 filmada y podr\u00e1n verla por televisi\u00f3n<\/strong>\u00ab, explic\u00f3 el miembro del &#8216;YU Grupa&#8217;.<\/p>\n<p>Un exNBA y trotamundos en Europa<\/p>\n<p class=\"ft-text\">Miroslav Raduljica ha tenido una <strong>trayectoria realmente exitosa<\/strong>. <strong>20 a\u00f1os de carrera<\/strong>, pasando por los mejores clubes de Serbia &#8211;<strong>Estrella Roja y Partizan<\/strong>&#8211; y dejando huella en las grandes ciudades europeas, como <a class=\"ft-link ft-link--decoration\" href=\"https:\/\/www.sport.es\/es\/noticias\/baloncesto\/euroliga\/caida-infiernos-panathinaikos-presidente-118535195\" rel=\"nofollow noopener\" target=\"_blank\"><strong>Atenas (Panathinaikos)<\/strong><\/a><strong> o Mil\u00e1n<\/strong>. Tambi\u00e9n se dio a conocer en <strong>China<\/strong> -donde estuvo durante 5 temporadas a gran nivel- y <a class=\"ft-link ft-link--decoration\" href=\"https:\/\/www.sport.es\/es\/baloncesto\/nba\/\" rel=\"nofollow noopener\" target=\"_blank\">en la NBA, aunque tambi\u00e9n tuvo un paso testimonial<\/a> en <strong>Milwaukee Bucks y Minnesota Timberwolves<\/strong>. Su sitio ha sido Europa.<\/p>\n<p><img decoding=\"async\" src=\"https:\/\/www.europesays.com\/es\/wp-content\/uploads\/2025\/09\/8478cfb0-271c-498e-acf0-4735e94c5233_alta-libre-aspect-ratio_default_0.jpg\" width=\"1200\" height=\"675\" alt=\"Raduljica, con la selecci\u00f3n de Serbia\" class=\"ft-helper-img-rd\" loading=\"lazy\" hasdataaida=\"true\"\/><\/p>\n<p class=\"ft-helper-fontColor-quaternary ft-helper-fontSize-body-S ft-helper-spacer-t-xxs\">Raduljica, con la selecci\u00f3n de Serbia  \/ X<\/p>\n<p class=\"ft-text\">Con la selecci\u00f3n serbia fue el <strong>l\u00edder del juego interior<\/strong> hasta <a class=\"ft-link ft-link--decoration\" href=\"https:\/\/www.sport.es\/es\/noticias\/baloncesto\/markkanen-ex-manresa-echan-serbia-121312364\" rel=\"nofollow noopener\" target=\"_blank\">la aparici\u00f3n de Nikola Jokic<\/a>. Por ejemplo, fue un jugador <strong>fundamental en la consecuci\u00f3n de la medalla de plata en el Mundial de 2014, promediando 13 puntos y 4.6 rebotes para 11.3 de valoraci\u00f3n<\/strong> en poco m\u00e1s de 21 minutos. A\u00f1os m\u00e1s tarde, en la fase de clasificaci\u00f3n para el Mundial de 2019 que gan\u00f3 Espa\u00f1a, lleg\u00f3 a promediar <strong>m\u00e1s de 20 tantos por encuentro<\/strong>. Todo se acaba y Miroslav Raduljica, de momento, ha decidido hacer un punto y aparte en su carrera baloncest\u00edstica.<\/p>\n","protected":false},"excerpt":{"rendered":"El jugador de baloncesto Miroslav Raduljica se acerca al final de su carrera profesional. Tras unas \u00faltimas temporadas&hellip;\n","protected":false},"author":2,"featured_media":126605,"comment_status":"","ping_status":"","sticky":false,"template":"","format":"standard","meta":{"footnotes":""},"categories":[269],"tags":[299,298,168,25,24,41078,41076,41077,23,167,41079],"class_list":{"0":"post-126604","1":"post","2":"type-post","3":"status-publish","4":"format-standard","5":"has-post-thumbnail","7":"category-baloncesto","8":"tag-baloncesto","9":"tag-basketball","10":"tag-deportes","11":"tag-es","12":"tag-espana","13":"tag-estrella-roja","14":"tag-raduljica","15":"tag-ruta-66","16":"tag-spain","17":"tag-sports","18":"tag-yu-grupa"},"share_on_mastodon":{"url":"","error":""},"_links":{"self":[{"href":"https:\/\/www.europesays.com\/es\/wp-json\/wp\/v2\/posts\/126604","targetHints":{"allow":["GET"]}}],"collection":[{"href":"https:\/\/www.europesays.com\/es\/wp-json\/wp\/v2\/posts"}],"about":[{"href":"https:\/\/www.europesays.com\/es\/wp-json\/wp\/v2\/types\/post"}],"author":[{"embeddable":true,"href":"https:\/\/www.europesays.com\/es\/wp-json\/wp\/v2\/users\/2"}],"replies":[{"embeddable":true,"href":"https:\/\/www.europesays.com\/es\/wp-json\/wp\/v2\/comments?post=126604"}],"version-history":[{"count":0,"href":"https:\/\/www.europesays.com\/es\/wp-json\/wp\/v2\/posts\/126604\/revisions"}],"wp:featuredmedia":[{"embeddable":true,"href":"https:\/\/www.europesays.com\/es\/wp-json\/wp\/v2\/media\/126605"}],"wp:attachment":[{"href":"https:\/\/www.europesays.com\/es\/wp-json\/wp\/v2\/media?parent=126604"}],"wp:term":[{"taxonomy":"category","embeddable":true,"href":"https:\/\/www.europesays.com\/es\/wp-json\/wp\/v2\/categories?post=126604"},{"taxonomy":"post_tag","embeddable":true,"href":"https:\/\/www.europesays.com\/es\/wp-json\/wp\/v2\/tags?post=126604"}],"curies":[{"name":"wp","href":"https:\/\/api.w.org\/{rel}","templated":true}]}}