{"id":126606,"date":"2025-09-20T03:49:04","date_gmt":"2025-09-20T03:49:04","guid":{"rendered":"https:\/\/www.europesays.com\/es\/126606\/"},"modified":"2025-09-20T03:49:04","modified_gmt":"2025-09-20T03:49:04","slug":"luca-zidane-elige-jugar-con-argelia","status":"publish","type":"post","link":"https:\/\/www.europesays.com\/es\/126606\/","title":{"rendered":"Luca Zidane elige jugar con Argelia"},"content":{"rendered":"<p data-mrf-recirculation=\"Links P\u00e1rrafos\" class=\"ue-c-article__paragraph paragraph\"><strong>Luca Zidane ya tiene el visto bueno de FIFA para jugar con la selecci\u00f3n de Argelia<\/strong>. El m\u00e1ximo organismo futbol\u00edstico ha aceptado este viernes, y publicado en su plataforma, <strong>el cambio de Federaci\u00f3n del hijo de Zinedide Zidane<\/strong>, lo que le abre la posibilidad de <strong>disputar el pr\u00f3ximo Mundial de f\u00fatbol<\/strong> defendiendo al combinado norteafricano.<\/p>\n<p data-mrf-recirculation=\"Links P\u00e1rrafos\" class=\"ue-c-article__paragraph paragraph\">Hasta ahora <strong>Luca estaba adscrito a la federaci\u00f3n francesa<\/strong> donde hab\u00eda jugado en las categor\u00edas inferiores. Desde la selecci\u00f3n sub 16 hasta la sub 20. Ahora, <strong>a sus 27 a\u00f1os est\u00e1 habilitado para jugar con la absoluta de Argelia<\/strong>. De hecho, el guardameta del Granada <strong>podr\u00eda ser convocado en el pr\u00f3ximo par\u00f3n de selecciones del mes de octubre<\/strong> para los dos partidos de clasificaci\u00f3n para el Mundial de 2026 que Argelia debe disputar ante Somalia (9 de octubre) y Uganda (14 de octubre). Tambi\u00e9n podr\u00eda ser citado para la Copa de \u00c1frica que se celebrar\u00e1 a partir del 21 de diciembre, si el seleccionador\u00a0Vladimir Petkovic lo considera oportuno.<\/p>\n<p data-mrf-recirculation=\"Links P\u00e1rrafos\" class=\"ue-c-article__paragraph paragraph\">Luca Zidane ha podido solicitar su cambio de Federaci\u00f3n debido a que tiene la nacionalidad argelina al ser su padre hijo de argelinos. Concretamente, son originarios de la regi\u00f3n de Cabilia.<\/p>\n<p data-mrf-recirculation=\"Links P\u00e1rrafos\" class=\"ue-c-article__paragraph paragraph\">Lo cierto es que las posibilidades de Luca Zidane de convertirse en portero titular de Argelia son altas. Hasta ahora, el seleccionador nacional ha estado utilizando en la fase de clasificaci\u00f3n a\u00a0<strong>Anthony Mandr\u00e9a<\/strong>, portero que milita en tercera divisi\u00f3n de Francia, y a\u00a0<strong>Alexis Guendouz<\/strong>, que juega en el Alger.<\/p>\n<p><img decoding=\"async\" width=\"1441\" height=\"427\" class=\"ue-c-article__image lazyload\" alt=\"Fifa\" loading=\"lazy\" src=\"https:\/\/www.europesays.com\/es\/wp-content\/uploads\/2025\/09\/68cdd3a80d7f0.png\"\/><\/p>\n<p data-mrf-recirculation=\"Links P\u00e1rrafos\" class=\"ue-c-article__paragraph paragraph\">Luca Zidane se form\u00f3 en la cantera del Real Madrid e incluso<strong> lleg\u00f3 a disputar dos partidos con el primer equipo<\/strong>. A partir de ah\u00ed, y sin opciones de titularidad en el conjunto blanco, pas\u00f3 por Racing de Santander, Rayo Vallecano y Eibar, hasta llegar en la campa\u00f1a 2024-25 al Granada, club en el que milita actualmente, siendo el guardameta titular en los primeros 4 encuentros.<\/p>\n","protected":false},"excerpt":{"rendered":"Luca Zidane ya tiene el visto bueno de FIFA para jugar con la selecci\u00f3n de Argelia. El m\u00e1ximo&hellip;\n","protected":false},"author":2,"featured_media":126607,"comment_status":"","ping_status":"","sticky":false,"template":"","format":"standard","meta":{"footnotes":""},"categories":[268],"tags":[168,25,24,280,282,281,23,167],"class_list":{"0":"post-126606","1":"post","2":"type-post","3":"status-publish","4":"format-standard","5":"has-post-thumbnail","7":"category-futbol","8":"tag-deportes","9":"tag-es","10":"tag-espana","11":"tag-football","12":"tag-futbol","13":"tag-soccer","14":"tag-spain","15":"tag-sports"},"share_on_mastodon":{"url":"","error":""},"_links":{"self":[{"href":"https:\/\/www.europesays.com\/es\/wp-json\/wp\/v2\/posts\/126606","targetHints":{"allow":["GET"]}}],"collection":[{"href":"https:\/\/www.europesays.com\/es\/wp-json\/wp\/v2\/posts"}],"about":[{"href":"https:\/\/www.europesays.com\/es\/wp-json\/wp\/v2\/types\/post"}],"author":[{"embeddable":true,"href":"https:\/\/www.europesays.com\/es\/wp-json\/wp\/v2\/users\/2"}],"replies":[{"embeddable":true,"href":"https:\/\/www.europesays.com\/es\/wp-json\/wp\/v2\/comments?post=126606"}],"version-history":[{"count":0,"href":"https:\/\/www.europesays.com\/es\/wp-json\/wp\/v2\/posts\/126606\/revisions"}],"wp:featuredmedia":[{"embeddable":true,"href":"https:\/\/www.europesays.com\/es\/wp-json\/wp\/v2\/media\/126607"}],"wp:attachment":[{"href":"https:\/\/www.europesays.com\/es\/wp-json\/wp\/v2\/media?parent=126606"}],"wp:term":[{"taxonomy":"category","embeddable":true,"href":"https:\/\/www.europesays.com\/es\/wp-json\/wp\/v2\/categories?post=126606"},{"taxonomy":"post_tag","embeddable":true,"href":"https:\/\/www.europesays.com\/es\/wp-json\/wp\/v2\/tags?post=126606"}],"curies":[{"name":"wp","href":"https:\/\/api.w.org\/{rel}","templated":true}]}}