{"id":126610,"date":"2025-09-20T03:51:20","date_gmt":"2025-09-20T03:51:20","guid":{"rendered":"https:\/\/www.europesays.com\/es\/126610\/"},"modified":"2025-09-20T03:51:20","modified_gmt":"2025-09-20T03:51:20","slug":"museo-de-bellas-artes-de-cordoba","status":"publish","type":"post","link":"https:\/\/www.europesays.com\/es\/126610\/","title":{"rendered":"MUSEO DE BELLAS ARTES DE C\u00d3RDOBA"},"content":{"rendered":"<p class=\"ft-text\">El <a class=\"ft-link ft-link--decoration\" href=\"https:\/\/www.diariocordoba.com\/tags\/museo-de-bellas-artes\/\" rel=\"nofollow noopener\" target=\"_blank\">Museo de Bellas Artes<\/a> de <a class=\"ft-link ft-link--decoration\" href=\"https:\/\/www.diariocordoba.com\/cordoba\/cordoba\/\" rel=\"nofollow noopener\" target=\"_blank\">C\u00f3rdoba<\/a> exhibe desde este mi\u00e9rcoles su \u00faltima adquisici\u00f3n, el cuadro Huida a Egipto, ca\u00edda de \u00eddolos de <strong>Antonio del Castillo Saavedra <\/strong>tras hacerse con ella en una subasta hace a\u00f1o y medio por m\u00e1s de <strong>60.000 euros<\/strong>. El alcalde de C\u00f3rdoba, <a class=\"ft-link ft-link--decoration\" href=\"https:\/\/www.diariocordoba.com\/tags\/jose-maria-bellido\/\" rel=\"nofollow noopener\" target=\"_blank\">Jos\u00e9 Mar\u00eda Bellido<\/a>, junto a la consejera de Cultura y Deporte, Patricia del Pozo, han presentado la obra, que se podr\u00e1 ver en la cuarta sala del espacio muse\u00edstico, junto a otras piezas barrocas de gran valor art\u00edstico.<\/p>\n<p class=\"ft-text\">Esta pintura, datada hacia <strong>1650<\/strong>, relata<strong> el episodio poco representado de la Huida a Egipto <\/strong>llamado Los \u00eddolos de Sotina recogido en el evangelio ap\u00f3crifo Pseudo-Mateo. En esta obra aparece representada a la izquierda una escultura ca\u00edda rota en pedazos y la familia en el <a class=\"ft-link ft-link--decoration\" href=\"https:\/\/www.diariocordoba.com\/tags\/barrio-del-centro\/\" rel=\"nofollow noopener\" target=\"_blank\">centro<\/a> junto a dos \u00e1ngeles que intentan dominar al pollino y un tercero dando un ramo de peras al ni\u00f1o.<\/p>\n<p class=\"ft-text\">La incorporaci\u00f3n del cuadro permite<strong> ampliar la presencia del artista cordob\u00e9s en esta instituci\u00f3n<\/strong>, completando el numeroso repertorio de pinturas y dibujos que conserva en la exposici\u00f3n permanente y en las \u00e1reas de reserva. \u00abEstamos hablando de palabras mayores, no de cualquier artista, sino de uno muy respetado y muy codiciado\u00bb, ha expresado Del Pozo, que lo ha calificado como \u00abtodo un referente internacional\u00bb. Antonio del Castillo Saavedra<strong> es considerado el m\u00e1ximo exponente de la pintura barroca cordobesa<\/strong>, se mantuvo fiel al naturalismo durante toda su vida. En sus obras es caracter\u00edstico el tratamiento del paisaje, los elementos vegetales, animales y humanos.<\/p>\n<p class=\"ft-text\">Hace m\u00e1s de un a\u00f1o y medio se advirti\u00f3 desde el museo de la <strong>salida a subasta de esta obra original,<\/strong> que hab\u00eda estado en la colecci\u00f3n de un particular. La Junta ha pagado por ella 60.000 euros y al ser una obra protegida ha facilitado la tarea. Con esta compra rompe con 15 a\u00f1os de sequ\u00eda en cuanto a nuevas adquisiciones-que no sean donaciones- en el museo. Para la consejera de Cultura esta pintura \u00abes curiosa, y diferente, no es habitual y adquiere todav\u00eda mayor atracci\u00f3n y relevancia\u00bb.<\/p>\n<p class=\"ft-text\">El alcalde de C\u00f3rdoba, Jos\u00e9 Mar\u00eda Bellido, ha celebrado el logro de que esta obra \u00abest\u00e9 donde merece estar y que el museo siga creciendo\u00bb pues para \u00e9l, Antonio del Castillo Saavedra es <strong>\u00abuno de los grandes artistas de nuestra historia, nuestro pintor barroco m\u00e1s ic\u00f3nico\u00bb<\/strong>. El alcalde cree que estas recuperaciones y apuestas \u00abdeben servir para acercar experiencias\u00bb tambi\u00e9n actuales, como la de TB21, y que sea tambi\u00e9n una \u00abgran ciudad cultural y para los creadores del siglo XXI\u00bb.<\/p>\n","protected":false},"excerpt":{"rendered":"El Museo de Bellas Artes de C\u00f3rdoba exhibe desde este mi\u00e9rcoles su \u00faltima adquisici\u00f3n, el cuadro Huida a&hellip;\n","protected":false},"author":2,"featured_media":126611,"comment_status":"","ping_status":"","sticky":false,"template":"","format":"standard","meta":{"footnotes":""},"categories":[173],"tags":[229,233,1968,231,230,1967,209,232,234,146,147,25,24,12507,41081,446,470,41080,4125,41082,23],"class_list":{"0":"post-126610","1":"post","2":"type-post","3":"status-publish","4":"format-standard","5":"has-post-thumbnail","7":"category-arte-y-diseno","8":"tag-arte","9":"tag-arte-y-diseno","10":"tag-artes","11":"tag-arts","12":"tag-arts-and-design","13":"tag-bellas","14":"tag-cultura","15":"tag-design","16":"tag-diseno","17":"tag-entertainment","18":"tag-entretenimiento","19":"tag-es","20":"tag-espana","21":"tag-exhibe","22":"tag-jose-maria-bellido","23":"tag-mayores","24":"tag-museo","25":"tag-museo-de-bellas-artes","26":"tag-obra","27":"tag-patricia-del-pozo","28":"tag-spain"},"share_on_mastodon":{"url":"","error":""},"_links":{"self":[{"href":"https:\/\/www.europesays.com\/es\/wp-json\/wp\/v2\/posts\/126610","targetHints":{"allow":["GET"]}}],"collection":[{"href":"https:\/\/www.europesays.com\/es\/wp-json\/wp\/v2\/posts"}],"about":[{"href":"https:\/\/www.europesays.com\/es\/wp-json\/wp\/v2\/types\/post"}],"author":[{"embeddable":true,"href":"https:\/\/www.europesays.com\/es\/wp-json\/wp\/v2\/users\/2"}],"replies":[{"embeddable":true,"href":"https:\/\/www.europesays.com\/es\/wp-json\/wp\/v2\/comments?post=126610"}],"version-history":[{"count":0,"href":"https:\/\/www.europesays.com\/es\/wp-json\/wp\/v2\/posts\/126610\/revisions"}],"wp:featuredmedia":[{"embeddable":true,"href":"https:\/\/www.europesays.com\/es\/wp-json\/wp\/v2\/media\/126611"}],"wp:attachment":[{"href":"https:\/\/www.europesays.com\/es\/wp-json\/wp\/v2\/media?parent=126610"}],"wp:term":[{"taxonomy":"category","embeddable":true,"href":"https:\/\/www.europesays.com\/es\/wp-json\/wp\/v2\/categories?post=126610"},{"taxonomy":"post_tag","embeddable":true,"href":"https:\/\/www.europesays.com\/es\/wp-json\/wp\/v2\/tags?post=126610"}],"curies":[{"name":"wp","href":"https:\/\/api.w.org\/{rel}","templated":true}]}}