{"id":126612,"date":"2025-09-20T03:52:07","date_gmt":"2025-09-20T03:52:07","guid":{"rendered":"https:\/\/www.europesays.com\/es\/126612\/"},"modified":"2025-09-20T03:52:07","modified_gmt":"2025-09-20T03:52:07","slug":"esprint-final-para-resucitar-las-cuatro-casetas-de-la-cuesta-de-moyano-cuyo-cierre-sorprendio-a-la-reina-letizia-noticias-de-madrid","status":"publish","type":"post","link":"https:\/\/www.europesays.com\/es\/126612\/","title":{"rendered":"Esprint final para resucitar las cuatro casetas de la Cuesta de Moyano cuyo cierre sorprendi\u00f3 a la reina Letizia | Noticias de Madrid"},"content":{"rendered":"<p class=\"\">Las cuatro casetas de la Cuesta de Moyano que sorprendieron en mayo a la reina Letizia por estar cerradas est\u00e1n un paso m\u00e1s cerca de recobrar el pulso casi dos a\u00f1os despu\u00e9s de haber bajado la persiana. La Junta del distrito Retiro anunci\u00f3 el lunes que ha recibido <a href=\"https:\/\/www.madrid.es\/portales\/munimadrid\/es\/Inicio\/El-Ayuntamiento\/Notas-de-distrito\/Levy-anuncia-19-ofertas-para-la-gestion-de-cuatro-casetas-de-la-Cuesta-de-Moyano\/?vgnextfmt=default&amp;vgnextoid=8cea606fb4e49910VgnVCM200000f921e388RCRD&amp;vgnextchannel=532e3780653ce010VgnVCM1000000b205a0aRCRD\" target=\"_blank\" rel=\"nofollow noopener\" title=\"https:\/\/www.madrid.es\/portales\/munimadrid\/es\/Inicio\/El-Ayuntamiento\/Notas-de-distrito\/Levy-anuncia-19-ofertas-para-la-gestion-de-cuatro-casetas-de-la-Cuesta-de-Moyano\/?vgnextfmt=default&amp;vgnextoid=8cea606fb4e49910VgnVCM200000f921e388RCRD&amp;vgnextchannel=532e3780653ce010VgnVCM1000000b205a0aRCRD\">19 ofertas de cinco interesados<\/a> para la concesi\u00f3n de las casetas n\u00fameros 3, 12, 14 y 25. No obstante, los enamorados del emblem\u00e1tico mercado de libros todav\u00eda tendr\u00e1n que esperar un mes m\u00e1s para volver a comprar en los puestos cerrados, ya que el proceso de adjudicaci\u00f3n no se culminar\u00e1 hasta octubre, cuando se anunciar\u00e1n las ofertas ganadoras. La esperada reapertura de esas cuatro casetas ha enfrentado a las asociaciones de libreros de la zona con la Junta municipal.<\/p>\n<p>M\u00e1s informaci\u00f3n<\/p>\n<p class=\"\">La <a href=\"https:\/\/elpais.com\/noticias\/letizia-ortiz-rocasolano\/\" target=\"_blank\" rel=\"nofollow noopener\" title=\"https:\/\/elpais.com\/noticias\/letizia-ortiz-rocasolano\/\">reina Letizia<\/a> repar\u00f3 en las cuatro casetas vac\u00edas durante su visita del 9 de mayo a la feria de libros permanente de Madrid con motivo de la celebraci\u00f3n del 100 cumplea\u00f1os de la \u201ccalle m\u00e1s le\u00edda de Madrid\u201d, como dijo alguna vez el escritor y periodista Francisco Umbral. El enfrentamiento hab\u00eda estallado meses antes, en octubre de 2023, cuando echaron el cerrojo las casetas n\u00fameros 3 y 14. Y el gesto de sorpresa de la reina ech\u00f3 m\u00e1s le\u00f1a al fuego, sin que ella se percatase, ni tuviera esa intenci\u00f3n. <\/p>\n<p class=\"\">La fundadora de la agrupaci\u00f3n <a href=\"https:\/\/www.soydelacuesta.org\" target=\"_blank\" rel=\"nofollow noopener\" title=\"https:\/\/www.soydelacuesta.org\">Soy de la Cuesta<\/a>, Lara S\u00e1nchez, explica que la entidad le hab\u00eda expuesto a la Junta que se acercaba el centenario de Moyano y que se iban a jubilar varios libreros para sacar las plazas a concurso y que estuvieran todos las librer\u00edas abiertas para la celebraci\u00f3n del 100\u00ba aniversario. \u201cNo respondieron\u201d, asegura. Los libreros fueron fieles a su palabra y se retiraron al poco tiempo, despu\u00e9s de haber entregado las llaves a la Junta de Retiro para que se tuviera constancia de que se hab\u00edan marchado definitivamente. \u201cA partir de ah\u00ed empezamos a presionar al \u00c1rea de Cultura. Vino la reina, y se\u00f1al\u00f3 la caseta cerrada\u201d, afirma S\u00e1nchez. Y entonces, fueron el alcalde de Madrid, Jos\u00e9 Luis Mart\u00ednez-Almeida, y su equipo, quienes se reunieron con los libreros. <\/p>\n<p class=\"\">Las agrupaciones Soy de la Cuesta y Asociaci\u00f3n de Libreros denuncian que la Junta municipal \u2014presidida por Andrea Levy (PP)\u2014 no les ha tenido en cuenta a la hora de publicar la convocatoria ni de redactar los pliegos del concurso, como s\u00ed hab\u00eda hecho el anterior equipo de Gobierno \u2014presidido por Santiago Saura (Ciudadanos)\u2014. <\/p>\n<p class=\"\">En respuesta a las cr\u00edticas, una portavoz de la Junta de Retiro asegura a este peri\u00f3dico que se incorpor\u00f3 la \u00fanica demanda \u201cjur\u00eddicamente viable\u201d de que un mismo licitador no pueda ser adjudicatario de m\u00e1s de una caseta. Por otro lado, este interlocutor agrega que los procesos de licitaci\u00f3n \u201cno pueden ser dejados al arbitrio ni ser dirigidos por particulares o asociaciones con intereses espec\u00edficos al respecto\u201d, a pesar de que, seg\u00fan los libreros, el anterior concejal presidente s\u00ed que hab\u00eda escuchado sus peticiones.<\/p>\n<p class=\"\">\u201cAlmeida y el \u00c1rea de Cultura le remitieron nuestras condiciones a la Junta de Retiro\u201d, recuerda S\u00e1nchez. La Junta de Distrito les comunic\u00f3 a las dos asociaciones que \u201chab\u00edan recibido\u201d sus peticiones para los pliegos, pero que calculaban que \u201chasta octubre\u201d no sacar\u00edan la convocatoria. El concurso finalmente sali\u00f3 en julio y no se avis\u00f3 a los regentes de las casetas como se les hab\u00eda prometido. \u201cEst\u00e1 hecho todo al rev\u00e9s\u201d, concluye S\u00e1nchez.<\/p>\n<p class=\"\">El desencuentro con la Junta de Retiro pone m\u00e1s palos sobre las ruedas de un negocio que ya de por s\u00ed es complicado. La presidenta de la Asociaci\u00f3n de Libreros de la Cuesta, Carolina M\u00e9ndez, ha vivido la transformaci\u00f3n de la \u201ccalle m\u00e1s le\u00edda\u201d de Madrid de la mano de su familia, puesto que ella es la tercera generaci\u00f3n de una larga dinast\u00eda de libreros. \u201cLos libros electr\u00f3nicos fueron el primer gran golpe\u201d, recuerda. <\/p>\n<p class=\"\">Despu\u00e9s aterriz\u00f3 el fen\u00f3meno de la gentrificaci\u00f3n, como explica Lara S\u00e1nchez. \u201cAntes la gente iba los domingos de paseo a la Cuesta de Moyano, pero ahora ya no porque viven muy lejos del centro\u201d, lamenta. Para colmo, en invierno se hinchan las puertas cuando llueve, y en verano el calor expulsa a los pocos clientes que se atreven a deambular por las calles de la capital a m\u00e1s de 30 grados de temperatura. \u201cEl trabajo de los libreros de Moyano es maravilloso, pero lo tienen todo en contra\u201d, sintetiza S\u00e1nchez.<\/p>\n<p class=\"\">Ante ese <a href=\"https:\/\/elpais.com\/ccaa\/2015\/09\/13\/madrid\/1442156348_630113.html\" target=\"_blank\" rel=\"nofollow noopener\" title=\"https:\/\/elpais.com\/ccaa\/2015\/09\/13\/madrid\/1442156348_630113.html\">escenario de adversidad<\/a>, la celebraci\u00f3n del 100 cumplea\u00f1os de las casetas se presentaba como una oportunidad para mostrar el mercado en su m\u00e1ximo esplendor. De ah\u00ed el enfado de los libreros. Las cuatro casetas cerradas contin\u00faan esperando a sus nuevos inquilinos&#8230; para que est\u00e9n abiertas en la pr\u00f3xima visita de la Reina. <\/p>\n","protected":false},"excerpt":{"rendered":"Las cuatro casetas de la Cuesta de Moyano que sorprendieron en mayo a la reina Letizia por estar&hellip;\n","protected":false},"author":2,"featured_media":126613,"comment_status":"","ping_status":"","sticky":false,"template":"","format":"standard","meta":{"footnotes":""},"categories":[172],"tags":[41083,36009,4103,224,1467,209,146,147,25,24,3516,906,225,671,205,11362,23],"class_list":{"0":"post-126612","1":"post","2":"type-post","3":"status-publish","4":"format-standard","5":"has-post-thumbnail","7":"category-libros","8":"tag-andrea-levy-soler","9":"tag-asociaciones","10":"tag-ayuntamiento-madrid","11":"tag-books","12":"tag-comunidad-de-madrid","13":"tag-cultura","14":"tag-entertainment","15":"tag-entretenimiento","16":"tag-es","17":"tag-espana","18":"tag-jose-luis-martinez-almeida","19":"tag-librerias","20":"tag-libros","21":"tag-literatura","22":"tag-madrid","23":"tag-reina-letizia","24":"tag-spain"},"share_on_mastodon":{"url":"","error":""},"_links":{"self":[{"href":"https:\/\/www.europesays.com\/es\/wp-json\/wp\/v2\/posts\/126612","targetHints":{"allow":["GET"]}}],"collection":[{"href":"https:\/\/www.europesays.com\/es\/wp-json\/wp\/v2\/posts"}],"about":[{"href":"https:\/\/www.europesays.com\/es\/wp-json\/wp\/v2\/types\/post"}],"author":[{"embeddable":true,"href":"https:\/\/www.europesays.com\/es\/wp-json\/wp\/v2\/users\/2"}],"replies":[{"embeddable":true,"href":"https:\/\/www.europesays.com\/es\/wp-json\/wp\/v2\/comments?post=126612"}],"version-history":[{"count":0,"href":"https:\/\/www.europesays.com\/es\/wp-json\/wp\/v2\/posts\/126612\/revisions"}],"wp:featuredmedia":[{"embeddable":true,"href":"https:\/\/www.europesays.com\/es\/wp-json\/wp\/v2\/media\/126613"}],"wp:attachment":[{"href":"https:\/\/www.europesays.com\/es\/wp-json\/wp\/v2\/media?parent=126612"}],"wp:term":[{"taxonomy":"category","embeddable":true,"href":"https:\/\/www.europesays.com\/es\/wp-json\/wp\/v2\/categories?post=126612"},{"taxonomy":"post_tag","embeddable":true,"href":"https:\/\/www.europesays.com\/es\/wp-json\/wp\/v2\/tags?post=126612"}],"curies":[{"name":"wp","href":"https:\/\/api.w.org\/{rel}","templated":true}]}}