{"id":126614,"date":"2025-09-20T03:53:13","date_gmt":"2025-09-20T03:53:13","guid":{"rendered":"https:\/\/www.europesays.com\/es\/126614\/"},"modified":"2025-09-20T03:53:13","modified_gmt":"2025-09-20T03:53:13","slug":"quien-es-mika-el-nuevo-coach-de-la-voz","status":"publish","type":"post","link":"https:\/\/www.europesays.com\/es\/126614\/","title":{"rendered":"\u00bfQui\u00e9n es Mika, el nuevo coach de &#8216;La Voz&#8217;?"},"content":{"rendered":"<p class=\"v-mdl-ath__p v-mdl-ath__p--6\">\nViernes, 19 de septiembre 2025, 19:01<\/p>\n<p>| Actualizado 23:21h.<\/p>\n<p class=\"v-p\"><a href=\"https:\/\/www.lasprovincias.es\/culturas\/tv\/tres-novedades-voz-megabloqueo-boton-arrepentimiento-concursantes-20250919175023-nt.html\" target=\"_blank\" title=\"www.lasprovincias.es\" data-voc-vtm-id=\"in-text-traffic\" data-mrf-link=\"www.lasprovincias.es\" rel=\"nofollow noopener\">&#8216;La Voz&#8217; arranca una nueva edici\u00f3n en Antena 3<\/a> (viernes, 22.10 horas) con novedades en el equipo de coaches. Mika se incorpora al grupo de jueces junto a Mal\u00fa, Pablo L\u00f3pez y Sebasti\u00e1n Yatra. <\/p>\n<p class=\"v-p\">A lo largo de su carrera, Mika (Beirut, 42 a\u00f1os) ha creado un universo de romance crudo envuelto en la alegr\u00eda y el desenfado del pop alternativo multicolor. Es un artista renacentista con una visi\u00f3n impecable, cuyo nombre se ha ganado con justicia un lugar. Tras acumular miles de millones de reproducciones y conquistar a una base de fans apasionada, Mika sigue reinvent\u00e1ndose con su sexto \u00e1lbum de estudio, &#8216;Que ta t\u00eate fleurisse toujours&#8217; (Que tu cabeza florezca siempre).<\/p>\n<p class=\"v-p\">Mika debut\u00f3 en el mundo del pop en 2007 con el ic\u00f3nico single Grace Kelly, que vendi\u00f3 m\u00e1s de tres millones de copias en todo el mundo y se convirti\u00f3 en \u00abel segundo single brit\u00e1nico en alcanzar el n\u00famero 1 \u00fanicamente con ventas digitales\u00bb. Ocup\u00f3 el n\u00famero 1 en el Reino Unido durante cinco semanas y lider\u00f3 las listas en otros seis pa\u00edses. Su primer \u00e1lbum, &#8216;Life In Cartoon Motion&#8217;, acumula m\u00e1s de 2.800 millones de reproducciones, ha vendido m\u00e1s de 8,3 millones de copias y ha registrado m\u00e1s de 12,8 millones de ventas digitales de canciones. El \u00e1lbum debut\u00f3 directamente en el n\u00famero 1 en el Reino Unido y en otros 11 pa\u00edses.<\/p>\n<p class=\"v-p\">En 2009, su segundo \u00e1lbum &#8216;The Boy Who Knew Too Much&#8217; mantuvo el \u00e9xito, entrando en el top 10 en m\u00e1s de 10 pa\u00edses y dejando \u00e9xitos como &#8216;We Are Golden&#8217;, &#8216;Blame It On The Girls&#8217; y &#8216;Rain&#8217;. En 2011, su sencillo en franc\u00e9s &#8216;Elle Me Dit&#8217; fue n\u00famero 1 en Francia durante ocho semanas, super\u00f3 las 300.000 ventas y se convirti\u00f3 en \u00abel segundo single m\u00e1s vendido del a\u00f1o\u00bb. El videoclip, protagonizado por la m\u00edtica actriz francesa Fanny Ardant, super\u00f3 los 75,5 millones de reproducciones.<\/p>\n<p class=\"v-p\">Su tercer \u00e1lbum, &#8216;The Origin of Love&#8217; (2012), fue aclamado internacionalmente e incluy\u00f3 \u00e9xitos como &#8216;Celebrate&#8217; (con Pharrell Williams) y el hit estadounidense &#8216;Popular Song&#8217;, que luego se transform\u00f3 en un dueto con la estrella pop Ariana Grande. El videoclip del dueto acumula m\u00e1s de 205 millones de visualizaciones.<\/p>\n<p><img decoding=\"async\" loading=\"lazy\" src=\"https:\/\/www.europesays.com\/es\/wp-content\/uploads\/2025\/09\/LAVOZ_2025_GRUPALCOMPLETO_HORZ-kdtE-U2302986903167mAE-624x385@Las Provincias.jpg\" class=\"v-a-img\" width=\"624\" height=\"385\" alt=\"\" data-voc-vtm-id=\"in-text-traffic\"\/><\/p>\n<p>Antena 3<\/p>\n<p><img loading=\"lazy\" decoding=\"async\" src=\"https:\/\/www.europesays.com\/es\/wp-content\/uploads\/2025\/09\/LAVOZ_2025_GRUPALCOMPLETO_HORZ-kdtE-U2302986903167mAE-624x385@Las Provincias.jpg\" class=\"v-mdl__img-z\" width=\"624\" height=\"385\" alt=\"\"\/><\/p>\n<p class=\"v-p\">Mika tambi\u00e9n conquist\u00f3 a la audiencia televisiva europea como jurado de &#8216;X Factor Italia&#8217; y coach de &#8216;The Voice Francia&#8217;. Adem\u00e1s, present\u00f3 su propio programa de variedades en Italia, &#8216;Stasera Casa Mika&#8217;, que gan\u00f3 el prestigioso Premio Rose d&#8217;Or al mejor programa de entretenimiento en 2017.<\/p>\n<p class=\"v-p\">En 2015 lanz\u00f3 su cuarto \u00e1lbum de estudio, &#8216;No Place In Heaven&#8217;, con gran reconocimiento de la cr\u00edtica. Producido junto a su colaborador habitual Gregg Wells, nominado al Grammy, incluy\u00f3 \u00e9xitos como &#8216;Talk About You&#8217;, &#8216;Staring at the Sun&#8217; y el emblem\u00e1tico videoclip de &#8216;Last Party&#8217;, dirigido por Peter Lindbergh.<\/p>\n<p class=\"v-p\">Su disco de 2019, &#8216;My Name Is Michael Holbrook&#8217;, marc\u00f3 un punto de inflexi\u00f3n y fue un proceso de sanaci\u00f3n para el artista: \u00abTen\u00eda la necesidad de transformar el dolor en algo bello y esperanzador\u00bb, explic\u00f3. Tras escribir el \u00e1lbum en estudios caseros en Miami y la Toscana durante dos a\u00f1os, viaj\u00f3 a Bruselas para grabarlo con los productores Marc Crew y Dan Priddy, creando paisajes sonoros que recorren distintas d\u00e9cadas del pop, grabado \u00edntegramente en vivo con sintetizadores vintage y m\u00fasicos de todo el mundo.<\/p>\n<p class=\"v-p\">Entre 2019 y 2020, volvi\u00f3 a girar por Reino Unido, EE UU, Europa y m\u00e1s all\u00e1. Durante la pandemia, se mantuvo activo. Conmovido por la devastadora explosi\u00f3n en Beirut, L\u00edbano, Mika quiso honrar sus ra\u00edces libanesas organizando un concierto ben\u00e9fico online: I Love Beirut. No fue un concierto cualquiera. Cont\u00f3 con actuaciones de Kylie Minogue en Londres, Rufus Wainwright en Los \u00c1ngeles, Mashrou Leila en Nueva York, Laura Pausini en Roma y Danna Paola en Ciudad de M\u00e9xico, adem\u00e1s de im\u00e1genes grabadas en el propio Beirut. El resultado fue una pel\u00edcula conmovedora, con momentos de alegr\u00eda, tristeza, esperanza y resiliencia. Lo vieron fans de 106 pa\u00edses y recaud\u00f3 m\u00e1s de un mill\u00f3n de euros para Save the Children L\u00edbano y la Cruz Roja Libanesa.<\/p>\n<p class=\"v-p\">En mayo de 2022, tras su aclamado regreso a Coachella, Mika fue uno de los presentadores internacionales del Festival de Eurovisi\u00f3n en Tur\u00edn, Italia. El evento fue retransmitido a nivel mundial y alcanz\u00f3 una audiencia de 161 millones de personas, m\u00e1s que la del legendario Super Bowl estadounidense. Despu\u00e9s, ofreci\u00f3 una gira de verano por Europa y pas\u00f3 varios meses en el estudio preparando sus nuevos lanzamientos.<\/p>\n<p class=\"v-p\">En febrero de 2023, Mika public\u00f3 su primera banda sonora para cine, compuesta para la pel\u00edcula en franc\u00e9s &#8216;Zodi et Tehu: fr\u00e8res du d\u00e9sert&#8217;. Para ello trabaj\u00f3 con m\u00e1s de 160 m\u00fasicos de todo el mundo, incluyendo una reconocida artista sudafricana y m\u00fasicos bereberes cl\u00e1sicos de Marruecos. Tambi\u00e9n volvi\u00f3 a colaborar con Simon Leclerc. La banda sonora representa una nueva exploraci\u00f3n musical, sin dejar de ser inconfundiblemente MIKA. Durante 2023, realiz\u00f3 conciertos por Europa, Jap\u00f3n, Corea del Sur, Marruecos y Londres, adem\u00e1s de publicar un nuevo \u00e1lbum de estudio y finalizar un segundo.<\/p>\n<p class=\"v-p\">Ahora, MIKA alcanza un nuevo estrato sonoro con &#8216;Que ta t\u00eate fleurisse toujours&#8217;. Compuesto \u00edntegramente en franc\u00e9s, el \u00e1lbum examina experiencias y emociones con gran sensibilidad.<\/p>\n<p class=\"v-p\">Poco antes de fallecer, su madre le envi\u00f3 la frase que da t\u00edtulo al disco, que se convirti\u00f3 en un homenaje y una reflexi\u00f3n sobre el paso del tiempo. En esta obra, MIKA enfrenta sus miedos y aborda temas como el amor, el sexo, la edad, la muerte y todo lo que hay entre medias. El \u00e1lbum se construye sobre los fuegos artificiales emocionales de su pop colorido y una poes\u00eda profundamente humana.<\/p>\n<p class=\"v-p\">El disco, que tard\u00f3 dos a\u00f1os y medio en crear junto a un reducido equipo de productores franceses (Renaud Rebillaud, Tristan Salvati y Marso), entr\u00f3 directamente en el Top 5 de ventas en Francia y ha sido disco de oro.<\/p>\n<p class=\"v-p\">En 2025, Mika est\u00e1 de nuevo en el estudio trabajando en su primer \u00e1lbum en ingl\u00e9s en cinco a\u00f1os. Adem\u00e1s, participa en la tercera temporada del exitoso programa brit\u00e1nico The Piano y recientemente ha presentado la prestigiosa gala italiana de los Premios David di Donatello.<\/p>\n<p class=\"v-p\">Mika ha sido nominado y ha ganado premios en los Brits, los Grammy, los Ivor Novello, Capital Radio, la revista Q, los NRJ Awards, los World Music Awards, BT, Vodafone, Virgin Media y los MTV Awards en Europa, Asia, Australia y Jap\u00f3n, entre otros. Tambi\u00e9n ha sido distinguido con la Orden de las Artes y las Letras de Francia. Ha vendido m\u00e1s de 10 millones de discos y ha recibido discos de Oro o Platino en 32 pa\u00edses de todo el mundo.<\/p>\n<p>Comenta<\/p>\n<p>Reporta un error<\/p>\n","protected":false},"excerpt":{"rendered":"Viernes, 19 de septiembre 2025, 19:01 | Actualizado 23:21h. &#8216;La Voz&#8217; arranca una nueva edici\u00f3n en Antena 3&hellip;\n","protected":false},"author":2,"featured_media":126615,"comment_status":"","ping_status":"","sticky":false,"template":"","format":"standard","meta":{"footnotes":""},"categories":[171],"tags":[29815,146,147,25,24,41084,524,23,214,1447],"class_list":{"0":"post-126614","1":"post","2":"type-post","3":"status-publish","4":"format-standard","5":"has-post-thumbnail","7":"category-tv","8":"tag-coach","9":"tag-entertainment","10":"tag-entretenimiento","11":"tag-es","12":"tag-espana","13":"tag-mika","14":"tag-nuevo","15":"tag-spain","16":"tag-tv","17":"tag-voz"},"share_on_mastodon":{"url":"","error":""},"_links":{"self":[{"href":"https:\/\/www.europesays.com\/es\/wp-json\/wp\/v2\/posts\/126614","targetHints":{"allow":["GET"]}}],"collection":[{"href":"https:\/\/www.europesays.com\/es\/wp-json\/wp\/v2\/posts"}],"about":[{"href":"https:\/\/www.europesays.com\/es\/wp-json\/wp\/v2\/types\/post"}],"author":[{"embeddable":true,"href":"https:\/\/www.europesays.com\/es\/wp-json\/wp\/v2\/users\/2"}],"replies":[{"embeddable":true,"href":"https:\/\/www.europesays.com\/es\/wp-json\/wp\/v2\/comments?post=126614"}],"version-history":[{"count":0,"href":"https:\/\/www.europesays.com\/es\/wp-json\/wp\/v2\/posts\/126614\/revisions"}],"wp:featuredmedia":[{"embeddable":true,"href":"https:\/\/www.europesays.com\/es\/wp-json\/wp\/v2\/media\/126615"}],"wp:attachment":[{"href":"https:\/\/www.europesays.com\/es\/wp-json\/wp\/v2\/media?parent=126614"}],"wp:term":[{"taxonomy":"category","embeddable":true,"href":"https:\/\/www.europesays.com\/es\/wp-json\/wp\/v2\/categories?post=126614"},{"taxonomy":"post_tag","embeddable":true,"href":"https:\/\/www.europesays.com\/es\/wp-json\/wp\/v2\/tags?post=126614"}],"curies":[{"name":"wp","href":"https:\/\/api.w.org\/{rel}","templated":true}]}}